{"id":56339,"date":"2025-08-27T08:45:58","date_gmt":"2025-08-27T06:45:58","guid":{"rendered":"https:\/\/edublog.educastur.es\/ixuxu\/?p=56339"},"modified":"2025-08-27T23:44:22","modified_gmt":"2025-08-27T21:44:22","slug":"fotografiar-ye-detener-el-tiempu-con-un-solo-xestu","status":"publish","type":"post","link":"https:\/\/edublog.educastur.es\/ixuxu\/2025\/08\/fotografiar-ye-detener-el-tiempu-con-un-solo-xestu\/","title":{"rendered":"Llega una nueva vaguada a Espa\u00f1a"},"content":{"rendered":"<p style=\"text-align: center\"><a href=\"https:\/\/images.ecestaticos.com\/SU3KmwH77qiZhTjqzRxNfYqo5S8=\/0x0:910x682\/996x747\/filters:fill(white):format(jpg)\/f.elconfidencial.com%2Foriginal%2F15d%2F67b%2Fe14%2F15d67be143f9dd531100a73903d572c9.jpg\"><img loading=\"lazy\" decoding=\"async\" class=\"aligncenter size-large\" src=\"https:\/\/images.ecestaticos.com\/SU3KmwH77qiZhTjqzRxNfYqo5S8=\/0x0:910x682\/996x747\/filters:fill(white):format(jpg)\/f.elconfidencial.com%2Foriginal%2F15d%2F67b%2Fe14%2F15d67be143f9dd531100a73903d572c9.jpg\" width=\"996\" height=\"747\" \/><\/a><\/p>\n<p>Llega una nueva vaguada a Espa\u00f1a y l&#8217;Aemet avisa: van baxar enforma les temperatures y va haber ag\u00fces nestes zones. Tres una de les foles de calor m\u00e1s intensu rexistraes n&#8217;Espa\u00f1a, el final d&#8217;agostu trai un s\u00f3pitu respiru marc\u00e1u por nubes nel norte y un esbarrumbe t\u00e9rmicu.<\/p>\n<p>Una vaguada ye una intrusi\u00f3n d&#8217;aire fr\u00edo en niveles altos de l&#8217;atm\u00f3sfera que favorez la inestabilid\u00e1 y, con ello, la formaci\u00f3n de bastios y nubes. Seg\u00fan esplica l&#8217;Aemet, el so aproximamientu a la Pen\u00ednsula va provocar un aumentu de les precipitaciones nel norte y el nordeste, acompa\u00f1\u00e1u d&#8217;un s\u00f3pitu descensu de los term\u00f3metros. En dellos puntos del oeste peninsular, van cayer hasta 5 graos respecto al d\u00eda anterior, una baxada que se va acentuar conforme meyora la selmana.<\/p>\n","protected":false},"excerpt":{"rendered":"<p>Llega una nueva vaguada a Espa\u00f1a y l&#8217;Aemet avisa: van baxar enforma les temperatures y va haber ag\u00fces nestes zones. Tres una de les foles de calor m\u00e1s intensu rexistraes n&#8217;Espa\u00f1a, el final d&#8217;agostu trai un s\u00f3pitu respiru marc\u00e1u por nubes nel norte y un esbarrumbe t\u00e9rmicu. Una vaguada ye una intrusi\u00f3n d&#8217;aire fr\u00edo en [&hellip;]<\/p>\n","protected":false},"author":117,"featured_media":0,"comment_status":"closed","ping_status":"open","sticky":false,"template":"","format":"standard","meta":{"footnotes":""},"categories":[5],"tags":[],"class_list":["post-56339","post","type-post","status-publish","format-standard","hentry","category-tiempu"],"_links":{"self":[{"href":"https:\/\/edublog.educastur.es\/ixuxu\/wp-json\/wp\/v2\/posts\/56339","targetHints":{"allow":["GET"]}}],"collection":[{"href":"https:\/\/edublog.educastur.es\/ixuxu\/wp-json\/wp\/v2\/posts"}],"about":[{"href":"https:\/\/edublog.educastur.es\/ixuxu\/wp-json\/wp\/v2\/types\/post"}],"author":[{"embeddable":true,"href":"https:\/\/edublog.educastur.es\/ixuxu\/wp-json\/wp\/v2\/users\/117"}],"replies":[{"embeddable":true,"href":"https:\/\/edublog.educastur.es\/ixuxu\/wp-json\/wp\/v2\/comments?post=56339"}],"version-history":[{"count":4,"href":"https:\/\/edublog.educastur.es\/ixuxu\/wp-json\/wp\/v2\/posts\/56339\/revisions"}],"predecessor-version":[{"id":56343,"href":"https:\/\/edublog.educastur.es\/ixuxu\/wp-json\/wp\/v2\/posts\/56339\/revisions\/56343"}],"wp:attachment":[{"href":"https:\/\/edublog.educastur.es\/ixuxu\/wp-json\/wp\/v2\/media?parent=56339"}],"wp:term":[{"taxonomy":"category","embeddable":true,"href":"https:\/\/edublog.educastur.es\/ixuxu\/wp-json\/wp\/v2\/categories?post=56339"},{"taxonomy":"post_tag","embeddable":true,"href":"https:\/\/edublog.educastur.es\/ixuxu\/wp-json\/wp\/v2\/tags?post=56339"}],"curies":[{"name":"wp","href":"https:\/\/api.w.org\/{rel}","templated":true}]}}