{"id":5634,"date":"2021-04-28T20:11:31","date_gmt":"2021-04-28T18:11:31","guid":{"rendered":"https:\/\/edublog.educastur.es\/ixuxu\/?p=5634"},"modified":"2021-04-30T21:35:54","modified_gmt":"2021-04-30T19:35:54","slug":"5634","status":"publish","type":"post","link":"https:\/\/edublog.educastur.es\/ixuxu\/2021\/04\/5634\/","title":{"rendered":"Una muyer seca bandexes de pexe nel merc\u00e1u"},"content":{"rendered":"<p><a href=\"https:\/\/www.contestwatchers.com\/wp-content\/uploads\/2020\/09\/Sony-World-Photography-Awards-2020-Winners-Mosaic-620x380.jpg\"><img loading=\"lazy\" decoding=\"async\" class=\"aligncenter\" src=\"https:\/\/www.contestwatchers.com\/wp-content\/uploads\/2020\/09\/Sony-World-Photography-Awards-2020-Winners-Mosaic-620x380.jpg\" alt=\"\" width=\"392\" height=\"240\" \/><\/a><\/p>\n<p>El pas\u00e1u 18 de marzu, el xur\u00e1u de los <span style=\"color: #008080\"><strong>Sony World Photography Awards 2021<\/strong><\/span>, unu de los galardones m\u00e1s prestixosos del mundu, anunciaron los ganadores y finalistes en diverses categor\u00edes. N\u00f3s escoyimos les imaxes \u00abnon profesionales\u00bb de la secci\u00f3n \u00abviaxes\u00bb, tantu la ganadora como les finalistes. Y vista la calid\u00e1, cualesquier dir\u00eda que los sos art\u00edfices nun son fot\u00f3grafos que viven d&#8217;ello. \u00a1Reg\u00e1late la vista coles meyores imaxes viaxeres del a\u00f1u!<\/p>\n<ul>\n<li>Fonte noticia: <span style=\"text-decoration: underline\"><a href=\"https:\/\/viajar.elperiodico.com\/viajeros\/world-photography-awards-2021?utm_source=facebook&amp;utm_medium=social&amp;utm_campaign=cm\">Viajar, El periodico.com<\/a><\/span><\/li>\n<\/ul>\n<p style=\"text-align: center\"><a href=\"https:\/\/img3.viajar.elperiodico.com\/69\/0e\/ed\/6763_23425_khanhphan_vietnam_open_travel_2021-650x434.jpg\"><img loading=\"lazy\" decoding=\"async\" class=\"alignnone\" src=\"https:\/\/img3.viajar.elperiodico.com\/69\/0e\/ed\/6763_23425_khanhphan_vietnam_open_travel_2021-650x434.jpg\" alt=\"\" width=\"650\" height=\"434\" \/><\/a><\/p>\n<div class=\"footimg\" style=\"text-align: center\"><em><span class=\"image-author\" style=\"font-size: 14px\">\u00a9 Khanh Phan, Vietnam, Category Winner, Open, Travel, 2021 Sony World Photography Awards<\/span><\/em><\/div>\n<p>Esta ye la semeya ganadora d&#8217;esta edici\u00f3n: una muyer seca bandexes de pexe nel merc\u00e1u de pexe de <span style=\"color: #008080\">Long Hai na provincia de Vung Tau de Vietnam<\/span>. Cientos de trabayadores ensuguen\/sequen miles de bandexes de pexe nos teyaos y nos patios.<\/p>\n","protected":false},"excerpt":{"rendered":"<p>El pas\u00e1u 18 de marzu, el xur\u00e1u de los Sony World Photography Awards 2021, unu de los galardones m\u00e1s prestixosos del mundu, anunciaron los ganadores y finalistes en diverses categor\u00edes. N\u00f3s escoyimos les imaxes \u00abnon profesionales\u00bb de la secci\u00f3n \u00abviaxes\u00bb, tantu la ganadora como les finalistes. Y vista la calid\u00e1, cualesquier dir\u00eda que los sos [&hellip;]<\/p>\n","protected":false},"author":117,"featured_media":0,"comment_status":"open","ping_status":"open","sticky":false,"template":"","format":"standard","meta":{"footnotes":""},"categories":[56,58],"tags":[],"class_list":["post-5634","post","type-post","status-publish","format-standard","hentry","category-fotografia","category-premios"],"_links":{"self":[{"href":"https:\/\/edublog.educastur.es\/ixuxu\/wp-json\/wp\/v2\/posts\/5634","targetHints":{"allow":["GET"]}}],"collection":[{"href":"https:\/\/edublog.educastur.es\/ixuxu\/wp-json\/wp\/v2\/posts"}],"about":[{"href":"https:\/\/edublog.educastur.es\/ixuxu\/wp-json\/wp\/v2\/types\/post"}],"author":[{"embeddable":true,"href":"https:\/\/edublog.educastur.es\/ixuxu\/wp-json\/wp\/v2\/users\/117"}],"replies":[{"embeddable":true,"href":"https:\/\/edublog.educastur.es\/ixuxu\/wp-json\/wp\/v2\/comments?post=5634"}],"version-history":[{"count":4,"href":"https:\/\/edublog.educastur.es\/ixuxu\/wp-json\/wp\/v2\/posts\/5634\/revisions"}],"predecessor-version":[{"id":5677,"href":"https:\/\/edublog.educastur.es\/ixuxu\/wp-json\/wp\/v2\/posts\/5634\/revisions\/5677"}],"wp:attachment":[{"href":"https:\/\/edublog.educastur.es\/ixuxu\/wp-json\/wp\/v2\/media?parent=5634"}],"wp:term":[{"taxonomy":"category","embeddable":true,"href":"https:\/\/edublog.educastur.es\/ixuxu\/wp-json\/wp\/v2\/categories?post=5634"},{"taxonomy":"post_tag","embeddable":true,"href":"https:\/\/edublog.educastur.es\/ixuxu\/wp-json\/wp\/v2\/tags?post=5634"}],"curies":[{"name":"wp","href":"https:\/\/api.w.org\/{rel}","templated":true}]}}