{"id":56356,"date":"2025-08-28T08:45:28","date_gmt":"2025-08-28T06:45:28","guid":{"rendered":"https:\/\/edublog.educastur.es\/ixuxu\/?p=56356"},"modified":"2025-08-28T11:32:27","modified_gmt":"2025-08-28T09:32:27","slug":"setiembre-va-traer-temperatures-mas-altes-de-lo-normal-y-posible-agues","status":"publish","type":"post","link":"https:\/\/edublog.educastur.es\/ixuxu\/2025\/08\/setiembre-va-traer-temperatures-mas-altes-de-lo-normal-y-posible-agues\/","title":{"rendered":"Setiembre va traer temperatures m\u00e1s altes de lo normal y posible ag\u00fces"},"content":{"rendered":"<ul>\n<li><a href=\"https:\/\/www.20minutos.es\/nacional\/septiembre-temperaturas-altas-normal-posibles-lluvias-torrenciales-dana-mediterraneo-re_6239675_0.html\">20 Minutos<\/a> \/<\/li>\n<\/ul>\n<p style=\"text-align: center\"><a href=\"https:\/\/imagenes.20minutos.es\/files\/image_990_556\/uploads\/imagenes\/2025\/08\/27\/68aee0922c01f.png\"><img loading=\"lazy\" decoding=\"async\" class=\"aligncenter size-large\" src=\"https:\/\/imagenes.20minutos.es\/files\/image_990_556\/uploads\/imagenes\/2025\/08\/27\/68aee0922c01f.png\" width=\"990\" height=\"556\" \/><\/a><\/p>\n<p>Setiembre va traer temperatures m\u00e1s altes de lo normal y posible ag\u00fces enchentes o DANA nel Mediterr\u00e1neu. Los primeros enclinos apunten a que podr\u00eda ser una seronda inestable en delles rexones del Mediterr\u00e1neu, anque dica agora la fiabilid\u00e1 nun ye bien alta. Los primeros enclinos apunten a que podr\u00eda ser una seronda inestable en delles rexones del Mediterr\u00e1neu, anque dica agora la fiabilid\u00e1 nun ye bien alta.Meteored<br \/>\n<!--more--><\/p>\n<p>Dende Meteored apunten que&#8217;l mes que vien ye pr\u00e1cticamente unu allongamientu del branu, con probabilid\u00e1 de que l&#8217;estiaje y la seca ap\u00ednense. El mes de setiembre, qu&#8217;empieza la pr\u00f3xima selmana, va traer temperatures que van tar ente 1 y 3 graos percima de lo normal pa la d\u00f3mina en munches zones d&#8217;Espa\u00f1a. Am\u00e1s, y seg\u00fan indica la predicci\u00f3n del portal meteorol\u00f3xicu Meteored, les precipitaciones tami\u00e9n van superar los valores previstos nel Mediterr\u00e1neu.<\/p>\n<p>Nesti sent\u00edu, el meteor\u00f3logu Samuel Biener adelantr\u00f3 qu&#8217;esti llunes 1 de setiembre va empezar la seronda climatol\u00f3xica, tres un branu llar\u00e1u de fen\u00f3menos estremos\u00bb. Enagora, los primeros enclinos de Meteored indiquen que<strong> na primera quincena de setiembre les temperatures pueden asitiase ente 1-3 \u00baC percima de la media<\/strong> de la d\u00f3mina en tola mari\u00f1a mediterr\u00e1nea, baxu Ebro, Castiella-La Mancha y la mayor parte d&#8217;Andaluc\u00eda, sacante les contornes m\u00e1s occidentales.<\/p>\n<p>Nos archipi\u00e9lagos y centro-sur peninsular les anomal\u00edes templaes ser\u00eden m\u00e1s moderaes, asiti\u00e1ndose les temperatures hasta 1 \u00baC m\u00e1s altes respectu al promediu. Nel norte rondar\u00eden los valores habituales, inclusive con llixeres anomal\u00edes fr\u00edes en zones de Galicia, noroeste de Castiella y Lli\u00f3n, aguada cant\u00e1brica, Navarra y Pirin\u00e9u occidental, polo qu&#8217;estes zones tendr\u00eden xunas temperatures que pueden tar per debaxo de la media en contraste col restu del pa\u00eds, seg\u00fan Biener.<\/p>\n<p>Per otra parte, el portal record\u00f3 que la mayor\u00eda de les boyes del Mediterr\u00e1neu espa\u00f1ol t\u00e1n rexistrando valores d&#8217;ente 27-29 \u00baC nos \u00faltimos d\u00edes polo que, como ye habitual cada a\u00f1u cuando s&#8217;avera setiembre, empezarase a falar de la posibilid\u00e1 d&#8217;un \u00abgran episodiu\u00bb d&#8217;ag\u00fces enchentes o d&#8217;una DANA.<\/p>\n<p>Biener indic\u00f3 que xuna DANA o gota fr\u00eda nun ye sin\u00f3nimu d&#8217;agua enchente, nin que toles precipitaciones estremes t\u00e1n causaes por una dana. Am\u00e1s, esplic\u00f3 qu&#8217;un mar caliente por s\u00ed solo nun puede causar un gran eventu d&#8217;ag\u00fces enchentes y aprofia qu&#8217;estos fen\u00f3menos nam\u00e1 pueden antemanase con pocos d\u00edes d&#8217;antelaci\u00f3n por cuenta de les sos evoluciones tan err\u00e1tiques.<\/p>\n<p>Les precipitaciones predominantes son les convectivas nesta d\u00f3mina, \u00abdesaxeradamente irregulares\u00bb, polo qu&#8217;estos aproximamientos al llargu plazu son \u00abpoco fiables\u00bb, esplic\u00f3 Biener. Los primeros enclinos se\u00f1alen que les ag\u00fces pueden asitiase percima del promediu na primera quincena nel norte del golfu de Valencia, estremu septentrional y Canaries, ente que nel restu predominar\u00eden les anomal\u00edes seques.<\/p>\n<p>Por ello, Biener apunt\u00f3 que pa la segunda parte de setiembre nun hai una encl\u00edn \u00abespecialmente defin\u00edu\u00bb. Tampoco los mapes amuesen un patr\u00f3n atmosf\u00e9ricu especialmente dominante, polo que ye probable qu&#8217;esto vaiga camudando. Un solu *descuelgue d&#8217;aire fr\u00edo bien asiti\u00e1u en septiembre puede dar un entorno al balance pluviom\u00e9tricu en cuesti\u00f3n d&#8217;hores.<\/p>\n<p><strong>Pr\u00e1cticamente un allongamientu del branu<\/strong> Como recuerda&#8217;l portal, en munches zones de l&#8217;aguada mediterr\u00e1nea, setiembre ye unu de los meses m\u00e1s lluviosos nel conxuntu del a\u00f1u, con precipitaciones irregulares y desaxeradamente intenses\u00bb, n&#8217;ocasiones con consecuencies catastr\u00f3fiques\u00bb.<\/p>\n<p>Sicas\u00ed, n&#8217;otres munches otres ocasiones, setiembre ye pr\u00e1cticamente una allongamientu del branu, con probabilid\u00e1 de que l&#8217;estiaje y la seca ap\u00ednense, daqu\u00e9 que se ta volviendo m\u00e1s habitual nos \u00faltimos a\u00f1os, record\u00f3.<\/p>\n<p>Tocantes a les temperatures, nel interior los valores medios suelen baxar en redol a 4-5 \u00baC al respective de agostu, ente que nes mari\u00f1es y en dambos archipi\u00e9lagos el descensu ye menor deb\u00edu al efeuto termorregulador del mar. Am\u00e1s, en septiembre vase notando enforma l&#8217;acurtiamientu de los d\u00edes, polo que pela nueche suel enfrescar m\u00e1s.<\/p>\n","protected":false},"excerpt":{"rendered":"<p>20 Minutos \/ Setiembre va traer temperatures m\u00e1s altes de lo normal y posible ag\u00fces enchentes o DANA nel Mediterr\u00e1neu. Los primeros enclinos apunten a que podr\u00eda ser una seronda inestable en delles rexones del Mediterr\u00e1neu, anque dica agora la fiabilid\u00e1 nun ye bien alta. Los primeros enclinos apunten a que podr\u00eda ser una seronda [&hellip;]<\/p>\n","protected":false},"author":117,"featured_media":0,"comment_status":"closed","ping_status":"open","sticky":false,"template":"","format":"standard","meta":{"footnotes":""},"categories":[5],"tags":[],"class_list":["post-56356","post","type-post","status-publish","format-standard","hentry","category-tiempu"],"_links":{"self":[{"href":"https:\/\/edublog.educastur.es\/ixuxu\/wp-json\/wp\/v2\/posts\/56356","targetHints":{"allow":["GET"]}}],"collection":[{"href":"https:\/\/edublog.educastur.es\/ixuxu\/wp-json\/wp\/v2\/posts"}],"about":[{"href":"https:\/\/edublog.educastur.es\/ixuxu\/wp-json\/wp\/v2\/types\/post"}],"author":[{"embeddable":true,"href":"https:\/\/edublog.educastur.es\/ixuxu\/wp-json\/wp\/v2\/users\/117"}],"replies":[{"embeddable":true,"href":"https:\/\/edublog.educastur.es\/ixuxu\/wp-json\/wp\/v2\/comments?post=56356"}],"version-history":[{"count":1,"href":"https:\/\/edublog.educastur.es\/ixuxu\/wp-json\/wp\/v2\/posts\/56356\/revisions"}],"predecessor-version":[{"id":56357,"href":"https:\/\/edublog.educastur.es\/ixuxu\/wp-json\/wp\/v2\/posts\/56356\/revisions\/56357"}],"wp:attachment":[{"href":"https:\/\/edublog.educastur.es\/ixuxu\/wp-json\/wp\/v2\/media?parent=56356"}],"wp:term":[{"taxonomy":"category","embeddable":true,"href":"https:\/\/edublog.educastur.es\/ixuxu\/wp-json\/wp\/v2\/categories?post=56356"},{"taxonomy":"post_tag","embeddable":true,"href":"https:\/\/edublog.educastur.es\/ixuxu\/wp-json\/wp\/v2\/tags?post=56356"}],"curies":[{"name":"wp","href":"https:\/\/api.w.org\/{rel}","templated":true}]}}