{"id":56358,"date":"2025-08-27T08:40:31","date_gmt":"2025-08-27T06:40:31","guid":{"rendered":"https:\/\/edublog.educastur.es\/ixuxu\/?p=56358"},"modified":"2025-08-28T11:38:22","modified_gmt":"2025-08-28T09:38:22","slug":"el-pasu-duna-vaguada-con-aire-polar-va-provocar-baxada-de-temperatures","status":"publish","type":"post","link":"https:\/\/edublog.educastur.es\/ixuxu\/2025\/08\/el-pasu-duna-vaguada-con-aire-polar-va-provocar-baxada-de-temperatures\/","title":{"rendered":"\u00a0El pasu d&#8217;una vaguada con aire polar va provocar baxada de temperatures"},"content":{"rendered":"<ul>\n<li><a href=\"https:\/\/www.tiempo.com\/noticias\/prediccion\/manana-irrumpira-el-aire-polar-y-las-temperaturas-se-desplomaran-en-espana-hasta-8-c-menos-en-estas-15-provincias.html?fbclid=IwY2xjawMdAWZleHRuA2FlbQIxMQABHnFs--KebIgGOCqkHQAE7cSWMCnOL_wXKiGWHjCPDCw2WiIh8QJKPkjppRrA_aem_rf37CQZvVPJT6Xg3HT-Rdw\">Meteored<\/a> \/<\/li>\n<\/ul>\n<p style=\"text-align: center\"><a href=\"https:\/\/services.meteored.com\/img\/article\/manana-irrumpira-el-aire-polar-y-las-temperaturas-se-desplomaran-en-espana-hasta-8-c-menos-en-estas-15-provincias-1756281869246_1024.png\"><img loading=\"lazy\" decoding=\"async\" class=\"aligncenter size-large\" src=\"https:\/\/services.meteored.com\/img\/article\/manana-irrumpira-el-aire-polar-y-las-temperaturas-se-desplomaran-en-espana-hasta-8-c-menos-en-estas-15-provincias-1756281869246_1024.png\" width=\"1024\" height=\"714\" \/><\/a><\/p>\n<p>Ma\u00f1ana va aprucir l&#8217;aire polar y les temperatures van esbarrumbase n&#8217;Espa\u00f1a: \u00abhasta 8 \u00baC menos nestes 15 provincies\u00bb.\u00a0El pasu d&#8217;una vaguada con aire polar va provocar un esbarrumbe casi xeneral de les temperatures na Espa\u00f1a peninsular, con baxaes d&#8217;hasta 8 \u00baC ma\u00f1ana en delles provincies.<\/p>\n<p>Anque nun vamos falar de fr\u00edu como tal, la masa d&#8217;aire polar acomu\u00f1ada a la vaguada va dexar ma\u00f1ana temperatures per debaxo de la media d&#8217;estes feches en casi tola Espa\u00f1a peninsular.<\/p>\n<p><!--more--><\/p>\n<p>Un frente pocu activu foi cruciando l&#8217;estremu norte peninsular, apurriendo nubes y delles precipitaciones. Per delantre d&#8217;\u00e9l xener\u00f3se mientres la tarde una franxa d&#8217;inestabilid\u00e1 nes que xeneraron nubes que descargaron con cierta intensid\u00e1 en Navarra, La Rioxa, Arag\u00f3n y l&#8217;interior de Catalu\u00f1a. Ye l&#8217;anticipu de les que vamos tener g\u00fcei y ma\u00f1ana, m\u00e1s fuertes, afectando a m\u00e1s zones y acompa\u00f1aes d&#8217;un acus\u00e1u descensu de les temperatures.<\/p>\n<p><strong>Camb\u00e9u de tiempu s\u00f3pitu al pasu d&#8217;una vaguada con aire polar. <\/strong>Anque&#8217;l tiempu p\u00f3rtase de manera distinta cada a\u00f1u, su\u00e9lense repitir ciertes pautes. Una d&#8217;elles son los episodios tormentosos que se suelen producir a finales d&#8217;agostu \u2013na recta final del branu\u2013, seg\u00fan los altibaxos nes temperatures, con baxaes s\u00f3pites qu&#8217;enfresquen enforma l&#8217;ambiente, sigu\u00edes de xub\u00edes que vuelven traer fuertes calores. Son los desaxustes que marquen la transici\u00f3n ente&#8217;l branu y la seronda.<\/p>\n<p style=\"text-align: center\"><a href=\"https:\/\/services.meteored.com\/img\/article\/manana-irrumpira-el-aire-polar-y-las-temperaturas-se-desplomaran-en-espana-hasta-8-c-menos-en-estas-15-provincias-1756281695310_1024.png\"><img loading=\"lazy\" decoding=\"async\" class=\"aligncenter size-large\" src=\"https:\/\/services.meteored.com\/img\/article\/manana-irrumpira-el-aire-polar-y-las-temperaturas-se-desplomaran-en-espana-hasta-8-c-menos-en-estas-15-provincias-1756281695310_1024.png\" width=\"1024\" height=\"714\" \/><\/a><\/p>\n<p><strong>La masa d&#8217;aire polar va traer un ambiente m\u00e1s fresco ya inestable a bona parte de la Pen\u00ednsula. <\/strong>G\u00fcei mi\u00e9rcoles ta aver\u00e1ndose una vaguada d&#8217;aire fr\u00edo d&#8217;orixe polar a la Pen\u00ednsula, que va provocar un significativu aumentu de la inestabilid\u00e1 atmosf\u00e9rica, tanto g\u00fcei como ma\u00f1ana xueves. va producise un importante descensu t\u00e9rmicu casi xeneraliz\u00e1u, m\u00e1s acus\u00e1u nel terciu septentrional. El cuadrante nordeste peninsular (especialmente la \u00e1rea pirenaica y el Sistema Ib\u00e9ricu) vuelve tar g\u00fcei nel puntu de mira de les nubes. Van ser, previsiblemente, m\u00e1s fuertes que les d&#8217;ayeri y dalguna d&#8217;elles va dexar xarazo.<\/p>\n<p>La masa d&#8217;aire polar que va dir apurriendo la vaguada va empezar a provocar un descensu importante de les temperatures m\u00e1ximes pel oeste peninsular y el nordeste, ente que, otra manera, va intensificase el calor en zones costeres del Mediterr\u00e1neu (especialmente de la Comunidad Valenciana y la Rex\u00f3n de Murcia) y en Baleares, con m\u00e1ximes que van superar con ciertu marxe los 35 \u00baC.<\/p>\n<p><strong>Ma\u00f1ana&#8217;l bax\u00f3n t\u00e9rmicu va ser casi xeneraliz\u00e1u<\/strong> Ma\u00f1ana xueves el pasu de la vaguada, am\u00e1s de caltener l&#8217;activid\u00e1 tormentosa pel norte peninsular, algamando tami\u00e9n a Baleares, va faer baxar m\u00e1s les temperatures, not\u00e1ndose la baxada en m\u00e1s zones peninsulares. En puntos de Zaragoza, Teruel, Huesca, Navarra, La Rioxa, Soria, Burgos, Segovia, \u00c1vila, Comunid\u00e1 de Madrid, Guadalaxara, Albacete, Toledo, Ciud\u00e1 Real o C\u00f3rdoba&#8217;l bax\u00f3n va ser de 6 a 8 \u00baC.<\/p>\n<p style=\"text-align: center\"><a href=\"https:\/\/services.meteored.com\/img\/video\/preview\/dailymotion-x9pick4_512.jpg\"><img loading=\"lazy\" decoding=\"async\" class=\"aligncenter size-large\" src=\"https:\/\/services.meteored.com\/img\/video\/preview\/dailymotion-x9pick4_512.jpg\" width=\"512\" height=\"288\" \/><\/a><\/p>\n<p>Les temperatures diurnes van ser anormalmente baxes pa la d\u00f3mina ma\u00f1ana, sacante nel sureste, onde van aumentar pel poniente. No que fai a les ciudaes, Zaragoza va ser una nes que&#8217;l descensu va ser m\u00e1s s\u00f3pitu, pasando d&#8217;una m\u00e1xima de 37 \u00baC ayeri a una de 27 \u00baC prevista ma\u00f1ana. Ourense, Lli\u00f3n, Salamanca, Valladolid, Madrid, Ciud\u00e1 Real, Albacete, C\u00e1ceres, Badayoz, C\u00f3rdoba, Pamplona, Logro\u00f1o, Huesca y Lleida van ser, les capitales de provincia nes que se van producir los mayores esbarrumbes t\u00e9rmicos, anque la baxada de les temperatures va ser xeneral.<\/p>\n<p>Tan solo pol estremu sureste les temperatures van repicar deb\u00edu al vientu de poniente, que va llegar recalentado a estes contornes. Dica agora, l&#8217;AEMET activ\u00f3 un avisu mariellu por valores m\u00e1ximos de m\u00e1s de 36 \u00baC nel sur d&#8217;Alicante.<\/p>\n","protected":false},"excerpt":{"rendered":"<p>Meteored \/ Ma\u00f1ana va aprucir l&#8217;aire polar y les temperatures van esbarrumbase n&#8217;Espa\u00f1a: \u00abhasta 8 \u00baC menos nestes 15 provincies\u00bb.\u00a0El pasu d&#8217;una vaguada con aire polar va provocar un esbarrumbe casi xeneral de les temperatures na Espa\u00f1a peninsular, con baxaes d&#8217;hasta 8 \u00baC ma\u00f1ana en delles provincies. Anque nun vamos falar de fr\u00edu como tal, [&hellip;]<\/p>\n","protected":false},"author":117,"featured_media":0,"comment_status":"closed","ping_status":"open","sticky":false,"template":"","format":"standard","meta":{"footnotes":""},"categories":[5],"tags":[],"class_list":["post-56358","post","type-post","status-publish","format-standard","hentry","category-tiempu"],"_links":{"self":[{"href":"https:\/\/edublog.educastur.es\/ixuxu\/wp-json\/wp\/v2\/posts\/56358","targetHints":{"allow":["GET"]}}],"collection":[{"href":"https:\/\/edublog.educastur.es\/ixuxu\/wp-json\/wp\/v2\/posts"}],"about":[{"href":"https:\/\/edublog.educastur.es\/ixuxu\/wp-json\/wp\/v2\/types\/post"}],"author":[{"embeddable":true,"href":"https:\/\/edublog.educastur.es\/ixuxu\/wp-json\/wp\/v2\/users\/117"}],"replies":[{"embeddable":true,"href":"https:\/\/edublog.educastur.es\/ixuxu\/wp-json\/wp\/v2\/comments?post=56358"}],"version-history":[{"count":1,"href":"https:\/\/edublog.educastur.es\/ixuxu\/wp-json\/wp\/v2\/posts\/56358\/revisions"}],"predecessor-version":[{"id":56359,"href":"https:\/\/edublog.educastur.es\/ixuxu\/wp-json\/wp\/v2\/posts\/56358\/revisions\/56359"}],"wp:attachment":[{"href":"https:\/\/edublog.educastur.es\/ixuxu\/wp-json\/wp\/v2\/media?parent=56358"}],"wp:term":[{"taxonomy":"category","embeddable":true,"href":"https:\/\/edublog.educastur.es\/ixuxu\/wp-json\/wp\/v2\/categories?post=56358"},{"taxonomy":"post_tag","embeddable":true,"href":"https:\/\/edublog.educastur.es\/ixuxu\/wp-json\/wp\/v2\/tags?post=56358"}],"curies":[{"name":"wp","href":"https:\/\/api.w.org\/{rel}","templated":true}]}}