{"id":56360,"date":"2025-08-28T08:30:42","date_gmt":"2025-08-28T06:30:42","guid":{"rendered":"https:\/\/edublog.educastur.es\/ixuxu\/?p=56360"},"modified":"2025-08-28T11:40:29","modified_gmt":"2025-08-28T09:40:29","slug":"el-tiempu-nasturies-el-comercio-14","status":"publish","type":"post","link":"https:\/\/edublog.educastur.es\/ixuxu\/2025\/08\/el-tiempu-nasturies-el-comercio-14\/","title":{"rendered":"El tiempu n&#8217;Asturies (El Comercio)"},"content":{"rendered":"<p style=\"text-align: center\"><a href=\"https:\/\/s3.ppllstatics.com\/elcomercio\/www\/multimedia\/2025\/08\/27\/tiempo-asturias-jueves-agosto-kUM-U2302588077118HVD-1200x840@El%20Comercio.jpg\"><img loading=\"lazy\" decoding=\"async\" class=\"aligncenter size-large\" src=\"https:\/\/s3.ppllstatics.com\/elcomercio\/www\/multimedia\/2025\/08\/27\/tiempo-asturias-jueves-agosto-kUM-U2302588077118HVD-1200x840@El%20Comercio.jpg\" width=\"1200\" height=\"840\" \/><\/a><\/p>\n<p>Tres les precipitaciones d&#8217;esti mi\u00e9rcoles pela nueche, la previsi\u00f3n del tiempu n&#8217;Asturies para esti xueves depara unes condiciones meteorol\u00f3xiques relativamente estables anque, comoquier, nun se refuga que dalg\u00fan orbayu pueda escapase mientres la ma\u00f1ana en zones de la mari\u00f1a. Polo xeneral, vamos tar falando de nubes y escamplaes a lo llargo de pr\u00e1cticamente tol d\u00eda. <strong>Los vientos<\/strong> van soplar de componente oeste con raches moderaes na mari\u00f1a y fluexes nel interior.<\/p>\n<p><strong>Les temperatures m\u00e1ximes<\/strong> van baxar nel sector occidental y en zones altes del cordal. Esti descensu va ser d&#8217;hasta 2 \u00baC menos qu&#8217;esti mi\u00e9rcoles.<strong> Les m\u00ednimes<\/strong>, pela so parte, van baxar de forma xeneralizada ente 1 y 2 \u00baC en tol Princip\u00e1u d&#8217;Asturies.<\/p>\n<p><!--more--><br \/>\n<strong>El vienres<\/strong> tami\u00e9n vamos encarar un d\u00eda estable con intervalos nublos y una probabilid\u00e1 bien baxa o inesistente de precipitaciones. Los vientos van siguir predominando de componente oeste con raches daqu\u00e9 m\u00e1s significatives na mari\u00f1a. Ello ye que esp\u00e9rase que l&#8217;Axencia Estatal de Meteorolox\u00eda active l&#8217;avisu mar\u00edtimu de nivel mariellu pola posibilid\u00e1 de raches fuertes hasta les 14 hores. Tocantes a les temperatures, van xubir tanto les m\u00e1ximes como les m\u00ednimes.<\/p>\n<p><strong>El s\u00e1badu<\/strong> va ser el d\u00eda m\u00e1s templ\u00e1u de la selmana con rexistros d&#8217;hasta 30 \u00baC nel interior asturianu. Comoquier, ye bien probable que les ag\u00fces lleguen na madrugada del s\u00e1badu al domingu y baxen les temperatures de cara a la xornada dominical.<\/p>\n<p>&nbsp;<\/p>\n","protected":false},"excerpt":{"rendered":"<p>Tres les precipitaciones d&#8217;esti mi\u00e9rcoles pela nueche, la previsi\u00f3n del tiempu n&#8217;Asturies para esti xueves depara unes condiciones meteorol\u00f3xiques relativamente estables anque, comoquier, nun se refuga que dalg\u00fan orbayu pueda escapase mientres la ma\u00f1ana en zones de la mari\u00f1a. Polo xeneral, vamos tar falando de nubes y escamplaes a lo llargo de pr\u00e1cticamente tol d\u00eda. [&hellip;]<\/p>\n","protected":false},"author":117,"featured_media":0,"comment_status":"closed","ping_status":"open","sticky":false,"template":"","format":"standard","meta":{"footnotes":""},"categories":[5],"tags":[],"class_list":["post-56360","post","type-post","status-publish","format-standard","hentry","category-tiempu"],"_links":{"self":[{"href":"https:\/\/edublog.educastur.es\/ixuxu\/wp-json\/wp\/v2\/posts\/56360","targetHints":{"allow":["GET"]}}],"collection":[{"href":"https:\/\/edublog.educastur.es\/ixuxu\/wp-json\/wp\/v2\/posts"}],"about":[{"href":"https:\/\/edublog.educastur.es\/ixuxu\/wp-json\/wp\/v2\/types\/post"}],"author":[{"embeddable":true,"href":"https:\/\/edublog.educastur.es\/ixuxu\/wp-json\/wp\/v2\/users\/117"}],"replies":[{"embeddable":true,"href":"https:\/\/edublog.educastur.es\/ixuxu\/wp-json\/wp\/v2\/comments?post=56360"}],"version-history":[{"count":1,"href":"https:\/\/edublog.educastur.es\/ixuxu\/wp-json\/wp\/v2\/posts\/56360\/revisions"}],"predecessor-version":[{"id":56361,"href":"https:\/\/edublog.educastur.es\/ixuxu\/wp-json\/wp\/v2\/posts\/56360\/revisions\/56361"}],"wp:attachment":[{"href":"https:\/\/edublog.educastur.es\/ixuxu\/wp-json\/wp\/v2\/media?parent=56360"}],"wp:term":[{"taxonomy":"category","embeddable":true,"href":"https:\/\/edublog.educastur.es\/ixuxu\/wp-json\/wp\/v2\/categories?post=56360"},{"taxonomy":"post_tag","embeddable":true,"href":"https:\/\/edublog.educastur.es\/ixuxu\/wp-json\/wp\/v2\/tags?post=56360"}],"curies":[{"name":"wp","href":"https:\/\/api.w.org\/{rel}","templated":true}]}}