{"id":56365,"date":"2025-08-19T09:00:39","date_gmt":"2025-08-19T07:00:39","guid":{"rendered":"https:\/\/edublog.educastur.es\/ixuxu\/?p=56365"},"modified":"2025-08-28T11:47:44","modified_gmt":"2025-08-28T09:47:44","slug":"dia-mundial-de-la-fotografia-3","status":"publish","type":"post","link":"https:\/\/edublog.educastur.es\/ixuxu\/2025\/08\/dia-mundial-de-la-fotografia-3\/","title":{"rendered":"D\u00eda Mundial de la Fotograf\u00eda"},"content":{"rendered":"<p style=\"text-align: center\"><span style=\"color: #800080\"><strong><em><span style=\"font-size: 32px\">Nun fotografies lo que ves, <\/span><\/em><\/strong><\/span><br \/>\n<span style=\"color: #800080\"><strong><em><span style=\"font-size: 32px\">sin\u00f3n la sensaci\u00f3n que tresmite\u00bb<\/span><\/em><\/strong><\/span><br \/>\nDavid Alan Harvey<\/p>\n<p style=\"text-align: center\">D\u00eda Mundial de la Fotograf\u00eda (de la fotograf\u00eda, non del fot\u00f3grafu).<\/p>\n","protected":false},"excerpt":{"rendered":"<p>Nun fotografies lo que ves, sin\u00f3n la sensaci\u00f3n que tresmite\u00bb David Alan Harvey D\u00eda Mundial de la Fotograf\u00eda (de la fotograf\u00eda, non del fot\u00f3grafu).<\/p>\n","protected":false},"author":117,"featured_media":0,"comment_status":"closed","ping_status":"open","sticky":false,"template":"","format":"standard","meta":{"footnotes":""},"categories":[6,56],"tags":[],"class_list":["post-56365","post","type-post","status-publish","format-standard","hentry","category-dia-de","category-fotografia"],"_links":{"self":[{"href":"https:\/\/edublog.educastur.es\/ixuxu\/wp-json\/wp\/v2\/posts\/56365","targetHints":{"allow":["GET"]}}],"collection":[{"href":"https:\/\/edublog.educastur.es\/ixuxu\/wp-json\/wp\/v2\/posts"}],"about":[{"href":"https:\/\/edublog.educastur.es\/ixuxu\/wp-json\/wp\/v2\/types\/post"}],"author":[{"embeddable":true,"href":"https:\/\/edublog.educastur.es\/ixuxu\/wp-json\/wp\/v2\/users\/117"}],"replies":[{"embeddable":true,"href":"https:\/\/edublog.educastur.es\/ixuxu\/wp-json\/wp\/v2\/comments?post=56365"}],"version-history":[{"count":2,"href":"https:\/\/edublog.educastur.es\/ixuxu\/wp-json\/wp\/v2\/posts\/56365\/revisions"}],"predecessor-version":[{"id":56367,"href":"https:\/\/edublog.educastur.es\/ixuxu\/wp-json\/wp\/v2\/posts\/56365\/revisions\/56367"}],"wp:attachment":[{"href":"https:\/\/edublog.educastur.es\/ixuxu\/wp-json\/wp\/v2\/media?parent=56365"}],"wp:term":[{"taxonomy":"category","embeddable":true,"href":"https:\/\/edublog.educastur.es\/ixuxu\/wp-json\/wp\/v2\/categories?post=56365"},{"taxonomy":"post_tag","embeddable":true,"href":"https:\/\/edublog.educastur.es\/ixuxu\/wp-json\/wp\/v2\/tags?post=56365"}],"curies":[{"name":"wp","href":"https:\/\/api.w.org\/{rel}","templated":true}]}}