{"id":56378,"date":"2025-08-28T12:10:01","date_gmt":"2025-08-28T10:10:01","guid":{"rendered":"https:\/\/edublog.educastur.es\/ixuxu\/?p=56378"},"modified":"2025-08-28T12:26:12","modified_gmt":"2025-08-28T10:26:12","slug":"xixon-cellebra-la-xxxiv-fiesta-de-la-sidre","status":"publish","type":"post","link":"https:\/\/edublog.educastur.es\/ixuxu\/2025\/08\/xixon-cellebra-la-xxxiv-fiesta-de-la-sidre\/","title":{"rendered":"Xix\u00f3n cellebra la XXXIV Fiesta de la Sidre"},"content":{"rendered":"<header class=\"entry-header\">Xix\u00f3n torna a convertise esti branu nel epicentru mundial de la Sidre. La\u00a0<strong>XXXIV edici\u00f3n de la Fiesta de la Sidre\u00a0<\/strong>entam\u00f3\u2019l\u00a0<strong>22 d\u2019agostu<\/strong>\u00a0y va estenderse fasta\u2019l\u00a0<strong>domingu 31<\/strong>, enchendo les cais y les places de la ciud\u00e1 con tastiaes, concursos, m\u00fasica y, como nun pod\u00eda ser d\u2019otra miente, miles de culinos echaos.<\/header>\n<div><\/div>\n<div class=\"entry-thumb\"><img loading=\"lazy\" decoding=\"async\" class=\"ls-is-cached lazyloaded aligncenter\" src=\"https:\/\/www.lasidra.net\/wp-content\/uploads\/2022\/08\/Record-Xixon-2022.jpg\" alt=\"\" width=\"761\" height=\"444\" data-src=\"https:\/\/www.lasidra.net\/wp-content\/uploads\/2022\/08\/Record-Xixon-2022.jpg\" \/><\/div>\n<div class=\"entry-meta clearfix\"><span class=\"post-author\"><span class=\"author vcard\"><a class=\"url fn n\" href=\"https:\/\/www.lasidra.net\/author\/lasidra\/\">lasidra<\/a><\/span><\/span><span class=\"posted-on\"><a href=\"https:\/\/www.lasidra.net\/xixon-cellebra-la-xxxiv-fiesta-de-la-sidre-con-records-concursos-y-tradicion\/\" rel=\"bookmark\">28 d&#8217;agostu, 2025\u00a0<\/a><\/span><span class=\"cat-links\"><a href=\"https:\/\/www.lasidra.net\/category\/eventos-as\/\" rel=\"category tag\">Eventos<\/a>,\u00a0<a href=\"https:\/\/www.lasidra.net\/category\/llagares\/\" rel=\"category tag\">Llagares<\/a>,\u00a0<a href=\"https:\/\/www.lasidra.net\/category\/sidreturismu\/\" rel=\"category tag\">Sidreturismu<\/a><\/span><\/div>\n<div><!--more--><\/div>\n<div class=\"entry-content\">\n<p><img loading=\"lazy\" decoding=\"async\" class=\"alignleft size-medium wp-image-21530 lazyloaded\" src=\"https:\/\/www.lasidra.net\/wp-content\/uploads\/2023\/08\/Record-Escanciado-2023-PARA-WEB-19-200x300.jpg\" alt=\"\" width=\"200\" height=\"300\" data-srcset=\"https:\/\/www.lasidra.net\/wp-content\/uploads\/2023\/08\/Record-Escanciado-2023-PARA-WEB-19-200x300.jpg 200w, https:\/\/www.lasidra.net\/wp-content\/uploads\/2023\/08\/Record-Escanciado-2023-PARA-WEB-19-684x1024.jpg 684w, https:\/\/www.lasidra.net\/wp-content\/uploads\/2023\/08\/Record-Escanciado-2023-PARA-WEB-19-300x449.jpg 300w, https:\/\/www.lasidra.net\/wp-content\/uploads\/2023\/08\/Record-Escanciado-2023-PARA-WEB-19.jpg 716w\" data-src=\"https:\/\/www.lasidra.net\/wp-content\/uploads\/2023\/08\/Record-Escanciado-2023-PARA-WEB-19-200x300.jpg\" data-sizes=\"(max-width: 200px) 100vw, 200px\" \/><\/p>\n<p>La cita llega cola sidre asturiano reforciaa pol reconocimientu de la UNESCO como\u00a0<strong>Padremu\u00f1u Cultural Inmaterial de la Humanid\u00e1<\/strong>, lo que da un valor a\u00f1ad\u00edu a una de les fiestes m\u00e1s populares del branu asturianu.<\/p>\n<p>&nbsp;<\/p>\n<p>&nbsp;<\/p>\n<p>&nbsp;<\/p>\n<p>&nbsp;<\/p>\n<\/div>\n<p>&nbsp;<\/p>\n<p><strong>Programa destac\u00e1u<\/strong><\/p>\n<div class=\"entry-content\">\n<ul>\n<li><strong>22\u201331 agostu<\/strong>: Merca\u00edn de la Sidre y la Mazana (Xardinos de la Reina).<\/li>\n<li><strong>28 agostu<\/strong>: Concursu d\u2019Echaores (Plaza Mayor).<\/li>\n<li><strong>29 agostu<\/strong>: Concursu de Sidre Casero Conceyu Xix\u00f3n (ma\u00f1ana, Plaza Mayor) + Memorial Tino\u2019l Roxu\u2019 + R\u00e9cord mundial d\u2019echa\u00fa simultaniu (tarde, Sablera Poniente).<\/li>\n<li><strong>30 agostu<\/strong>: Cancios de Chigre (21:00, Plaza Mayor), masterclass d\u2019echar sidre, conferencia \u201cSidre y sake\u201d, premiaci\u00f3n del Merca\u00edn.<\/li>\n<li><strong>31 agostu<\/strong>: D\u00edi de la Sidre: degustaciones en casetes, entrega del Tonel d\u2019Oru y Eloxu d\u2019Oru, clausura cola Banda Gaites Noega.<\/li>\n<\/ul>\n<p style=\"text-align: center\"><a href=\"https:\/\/www.lasidra.net\/xixon-cellebra-la-xxxiv-fiesta-de-la-sidre-con-records-concursos-y-tradicion\">Xix\u00f3n cellebra la XXXIV Fiesta de la Sidre con r\u00e9cords, concursos y tradici\u00f3n<\/a><\/p>\n<\/div>\n","protected":false},"excerpt":{"rendered":"<p>Xix\u00f3n torna a convertise esti branu nel epicentru mundial de la Sidre. La\u00a0XXXIV edici\u00f3n de la Fiesta de la Sidre\u00a0entam\u00f3\u2019l\u00a022 d\u2019agostu\u00a0y va estenderse fasta\u2019l\u00a0domingu 31, enchendo les cais y les places de la ciud\u00e1 con tastiaes, concursos, m\u00fasica y, como nun pod\u00eda ser d\u2019otra miente, miles de culinos echaos. lasidra28 d&#8217;agostu, 2025\u00a0Eventos,\u00a0Llagares,\u00a0Sidreturismu<\/p>\n","protected":false},"author":117,"featured_media":0,"comment_status":"closed","ping_status":"open","sticky":false,"template":"","format":"standard","meta":{"footnotes":""},"categories":[21,156],"tags":[],"class_list":["post-56378","post","type-post","status-publish","format-standard","hentry","category-fiestes","category-sidre"],"_links":{"self":[{"href":"https:\/\/edublog.educastur.es\/ixuxu\/wp-json\/wp\/v2\/posts\/56378","targetHints":{"allow":["GET"]}}],"collection":[{"href":"https:\/\/edublog.educastur.es\/ixuxu\/wp-json\/wp\/v2\/posts"}],"about":[{"href":"https:\/\/edublog.educastur.es\/ixuxu\/wp-json\/wp\/v2\/types\/post"}],"author":[{"embeddable":true,"href":"https:\/\/edublog.educastur.es\/ixuxu\/wp-json\/wp\/v2\/users\/117"}],"replies":[{"embeddable":true,"href":"https:\/\/edublog.educastur.es\/ixuxu\/wp-json\/wp\/v2\/comments?post=56378"}],"version-history":[{"count":3,"href":"https:\/\/edublog.educastur.es\/ixuxu\/wp-json\/wp\/v2\/posts\/56378\/revisions"}],"predecessor-version":[{"id":56388,"href":"https:\/\/edublog.educastur.es\/ixuxu\/wp-json\/wp\/v2\/posts\/56378\/revisions\/56388"}],"wp:attachment":[{"href":"https:\/\/edublog.educastur.es\/ixuxu\/wp-json\/wp\/v2\/media?parent=56378"}],"wp:term":[{"taxonomy":"category","embeddable":true,"href":"https:\/\/edublog.educastur.es\/ixuxu\/wp-json\/wp\/v2\/categories?post=56378"},{"taxonomy":"post_tag","embeddable":true,"href":"https:\/\/edublog.educastur.es\/ixuxu\/wp-json\/wp\/v2\/tags?post=56378"}],"curies":[{"name":"wp","href":"https:\/\/api.w.org\/{rel}","templated":true}]}}