{"id":56384,"date":"2025-08-28T11:23:30","date_gmt":"2025-08-28T09:23:30","guid":{"rendered":"https:\/\/edublog.educastur.es\/ixuxu\/?p=56384"},"modified":"2025-08-28T12:28:24","modified_gmt":"2025-08-28T10:28:24","slug":"the-asturianer-55","status":"publish","type":"post","link":"https:\/\/edublog.educastur.es\/ixuxu\/2025\/08\/the-asturianer-55\/","title":{"rendered":"\u00abThe Asturianer\u00bb 55"},"content":{"rendered":"<p style=\"text-align: center\">\u00a0<span style=\"color: #008080\">THE ASTURIANER N 55 \/ T\u00edtulo BOCALLAVE DEL ALBA<br \/>\n\/ Autor y testu: ALEJANDRO P\u00c9REZ VILLAR<\/span><\/p>\n<div class=\"x5yr21d xw2csxc x1odjw0f x1n2onr6\">\n<div class=\"x9f619 x78zum5 xdt5ytf x5yr21d xexx8yu xv54qhq x1l90r2v xf7dkkf x10l6tqk xh8yej3\">\n<div class=\"html-div xdj266r x14z9mp xat24cr x1lziwak xyri2b x1c1uobl x9f619 xjbqb8w x78zum5 x15mokao x1ga7v0g x16uus16 xbiv7yw xsag5q8 xz9dl7a x1uhb9sk x1plvlek xryxfnj x1c4vz4f x2lah0s x1q0g3np xqjyukv x1qjc9v5 x1oa3qoh x1nhvcw1\">\n<div class=\"x1xegmmw\">\n<div><\/div>\n<div style=\"text-align: center\"><span class=\"x193iq5w xeuugli x13faqbe x1vvkbs xt0psk2 x1i0vuye xvs91rp xo1l8bm x5n08af x10wh9bi xpm28yp x8viiok x1o7cslx x126k92a\"><span class=\"html-span xexx8yu x4uap5 x18d9i69 xkhd6sd x1hl2dhg x16tdsg8 x1vvkbs x3nfvp2 x1j61x8r x1fcty0u xdj266r xat24cr xgzva0m xhhsvwb xxymvpz xlup9mm x1kky2od\">\n<!-- iframe plugin v.6.0 wordpress.org\/plugins\/iframe\/ -->\n<iframe loading=\"lazy\" src=\"https:\/\/www.instagram.com\/reel\/DNxGO2lUIpL\/embed\" width=\"560\" height=\"640\" 0=\"\/iframe\" scrolling=\"yes\" class=\"iframe-class\" frameborder=\"0\"><\/iframe>\n<\/span><\/span><\/div>\n<\/div>\n<div class=\"html-div xdj266r x14z9mp xat24cr x1lziwak xexx8yu xyri2b x18d9i69 x1c1uobl x9f619 xjbqb8w x78zum5 x15mokao x1ga7v0g x16uus16 xbiv7yw x1uhb9sk x1plvlek xryxfnj x1iyjqo2 x2lwn1j xeuugli x1q0g3np xqjyukv x1qjc9v5 x1oa3qoh x1nhvcw1\">\n<div class=\"html-div xdj266r x14z9mp xat24cr x1lziwak xexx8yu xyri2b x18d9i69 x1c1uobl x9f619 xjbqb8w x78zum5 x15mokao x1ga7v0g x16uus16 xbiv7yw x1uhb9sk x1plvlek xryxfnj x1iyjqo2 x2lwn1j xeuugli xdt5ytf xqjyukv x1qjc9v5 x1oa3qoh x1nhvcw1\">\n<div class=\"html-div xdj266r x14z9mp xat24cr x1lziwak xexx8yu xyri2b x18d9i69 x1c1uobl x9f619 xjbqb8w x78zum5 x15mokao x1ga7v0g x16uus16 xbiv7yw x1uhb9sk x1plvlek xryxfnj x1c4vz4f x2lah0s xdt5ytf xqjyukv x1qjc9v5 x1oa3qoh x1nhvcw1\" style=\"text-align: left\"><span class=\"x193iq5w xeuugli x13faqbe x1vvkbs xt0psk2 x1i0vuye xvs91rp xo1l8bm x5n08af x10wh9bi xpm28yp x8viiok x1o7cslx x126k92a\"><br \/>\n<span style=\"color: #008080\"><em>\u00a0<\/em><\/span><\/span><strong><span style=\"color: #008080\"><em><span style=\"text-align: left\">Despid\u00edmonos d&#8217;esti estra\u00f1u agostu cola escultura que meyor representa&#8217;l calter vanguardista de Xix\u00f3n.<\/span><\/em><\/span><\/strong><\/div>\n<div class=\"html-div xdj266r x14z9mp xat24cr x1lziwak xexx8yu xyri2b x18d9i69 x1c1uobl x9f619 xjbqb8w x78zum5 x15mokao x1ga7v0g x16uus16 xbiv7yw x1uhb9sk x1plvlek xryxfnj x1c4vz4f x2lah0s xdt5ytf xqjyukv x1qjc9v5 x1oa3qoh x1nhvcw1\" style=\"text-align: left\">\n<p><span style=\"color: #008080\"><em>Eduardo Chillida concibi\u00f3 l&#8217;Aponderamientu del Horizonte como una \u201cpatria com\u00fan de tolos homes\u201d, un llugar onde la llende ente tierra y cielu ye un puntu d&#8217;alcuentru universal y un templu a la humanid\u00e1, que se percibe inclusive al travi\u00e9s del son\u00edu del mar que llega dende&#8217;l cantil.<\/em><\/span><\/p>\n<p><strong><span style=\"color: #008080\"><em>La obra simboliza la escala del ser humanu frente al cosmos y act\u00faa como un abrazu, reconociendo la inmensid\u00e1 y la conex\u00f3n ente n\u00f3s.\u00a0<\/em><\/span><\/strong><\/p>\n<p><span style=\"color: #008080\"><em><!--more--><\/em><\/span><br \/>\n<span style=\"color: #008080\"><em>\u00a0La formaci\u00f3n como arquiteutu del autor d&#8217;esta portada apurre xuna especial sensibilid\u00e1 escontra los materiales y la capacid\u00e1 espresiva de los mesmos la cual \u00a0tresllada a la so pintura conformando un vocabulariu propiu que xira en redol a la idea de \u201dllugar\u201d, onde paisaxes, oxetos y persones descomponense na escala convidando al espectador a completar la escena.<\/em><\/span><\/p>\n<p><span style=\"color: #008080\"><em>La representaci\u00f3n planim\u00e9trica y la codificaci\u00f3n son dos constantes na obra d&#8217;Alejandro ensin escaecese de la frescura del apunte onde los trazos directos sorrayen l&#8217;intre y acent\u00faen la tensi\u00f3n del espaciu.<\/em><\/span><\/p>\n<p><span style=\"color: #008080\"><em>La trayectoria pl\u00e1stica de P\u00e9rez Villar pasa por una estensa formaci\u00f3n nos socesivos talleres de pintores de la talla de Cuadra S\u00e1nchez, Chema Ramos, Humberto y Mitsuo Miura, cuenta de la mesma con distintes reconocencies y galardones.<\/em><\/span><\/p>\n<p><span style=\"color: #008080\"><em>Particip\u00f3 en distintes amueses individuales y colectives consolidando una trayectoria marcada pola constante evoluci\u00f3n del so llinguaxe pl\u00e1sticu.<\/em><\/span><\/p>\n<p><a class=\"x1i10hfl xjbqb8w x1ejq31n x18oe1m7 x1sy0etr xstzfhl x972fbf x10w94by x1qhh985 x14e42zd x9f619 x1ypdohk xt0psk2 x3ct3a4 xdj266r x14z9mp xat24cr x1lziwak xexx8yu xyri2b x18d9i69 x1c1uobl x16tdsg8 x1hl2dhg xggy1nq x1a2a7pz notranslate _a6hd\" role=\"link\" href=\"https:\/\/www.instagram.com\/perezvillar_\/\">@perezvillar_<\/a><br \/>\n<a class=\"x1i10hfl xjbqb8w x1ejq31n x18oe1m7 x1sy0etr xstzfhl x972fbf x10w94by x1qhh985 x14e42zd x9f619 x1ypdohk xt0psk2 x3ct3a4 xdj266r x14z9mp xat24cr x1lziwak xexx8yu xyri2b x18d9i69 x1c1uobl x16tdsg8 x1hl2dhg xggy1nq x1a2a7pz notranslate _a6hd\" role=\"link\" href=\"https:\/\/www.instagram.com\/theasturianer\/\">@theasturianer<\/a><br \/>\n<a class=\"x1i10hfl xjbqb8w x1ejq31n x18oe1m7 x1sy0etr xstzfhl x972fbf x10w94by x1qhh985 x14e42zd x9f619 x1ypdohk xt0psk2 x3ct3a4 xdj266r x14z9mp xat24cr x1lziwak xexx8yu xyri2b x18d9i69 x1c1uobl x16tdsg8 x1hl2dhg xggy1nq x1a2a7pz _aa9_ _a6hd\" role=\"link\" href=\"https:\/\/www.instagram.com\/explore\/tags\/covermagazine\/\">#covermagazine<\/a>.<br \/>\n<a class=\"x1i10hfl xjbqb8w x1ejq31n x18oe1m7 x1sy0etr xstzfhl x972fbf x10w94by x1qhh985 x14e42zd x9f619 x1ypdohk xt0psk2 x3ct3a4 xdj266r x14z9mp xat24cr x1lziwak xexx8yu xyri2b x18d9i69 x1c1uobl x16tdsg8 x1hl2dhg xggy1nq x1a2a7pz _aa9_ _a6hd\" role=\"link\" href=\"https:\/\/www.instagram.com\/explore\/tags\/asturiasilustracion\/\">#asturiasilustracion<\/a><br \/>\n<a class=\"x1i10hfl xjbqb8w x1ejq31n x18oe1m7 x1sy0etr xstzfhl x972fbf x10w94by x1qhh985 x14e42zd x9f619 x1ypdohk xt0psk2 x3ct3a4 xdj266r x14z9mp xat24cr x1lziwak xexx8yu xyri2b x18d9i69 x1c1uobl x16tdsg8 x1hl2dhg xggy1nq x1a2a7pz _aa9_ _a6hd\" role=\"link\" href=\"https:\/\/www.instagram.com\/explore\/tags\/elogiodelhorizonte\/\">#elogiodelhorizonte<\/a>.<br \/>\n<a class=\"x1i10hfl xjbqb8w x1ejq31n x18oe1m7 x1sy0etr xstzfhl x972fbf x10w94by x1qhh985 x14e42zd x9f619 x1ypdohk xt0psk2 x3ct3a4 xdj266r x14z9mp xat24cr x1lziwak xexx8yu xyri2b x18d9i69 x1c1uobl x16tdsg8 x1hl2dhg xggy1nq x1a2a7pz _aa9_ _a6hd\" role=\"link\" href=\"https:\/\/www.instagram.com\/explore\/tags\/gijonilustrada\/\">#gijonilustrada<\/a>.<\/p>\n<p style=\"text-align: center\"><a href=\"https:\/\/lh3.googleusercontent.com\/gps-cs-s\/AC9h4noPAP6JDCN45Utn0bVtxMCICMUnVGSNZt0LTCkR4Kakq-FGClrXUvXEDl3N_0YugpY0lvF0qOHm8V84EX8hc9Ysw13-xVidFtGtsCGWnvtt5aTWfcypNxKGlfY_Yjnyw8JhDUP5=s1360-w1360-h1020-rw\"><img loading=\"lazy\" decoding=\"async\" class=\"aligncenter size-large\" src=\"https:\/\/lh3.googleusercontent.com\/gps-cs-s\/AC9h4noPAP6JDCN45Utn0bVtxMCICMUnVGSNZt0LTCkR4Kakq-FGClrXUvXEDl3N_0YugpY0lvF0qOHm8V84EX8hc9Ysw13-xVidFtGtsCGWnvtt5aTWfcypNxKGlfY_Yjnyw8JhDUP5=s1360-w1360-h1020-rw\" width=\"765\" height=\"1020\" \/><\/a><\/p>\n<\/div>\n<\/div>\n<\/div>\n<\/div>\n<\/div>\n<\/div>\n<p style=\"text-align: center\"><a href=\"https:\/\/es.wikipedia.org\/wiki\/Elogio_del_horizonte\">Wikipedia<\/a><\/p>\n","protected":false},"excerpt":{"rendered":"<p>\u00a0THE ASTURIANER N 55 \/ T\u00edtulo BOCALLAVE DEL ALBA \/ Autor y testu: ALEJANDRO P\u00c9REZ VILLAR \u00a0Despid\u00edmonos d&#8217;esti estra\u00f1u agostu cola escultura que meyor representa&#8217;l calter vanguardista de Xix\u00f3n. Eduardo Chillida concibi\u00f3 l&#8217;Aponderamientu del Horizonte como una \u201cpatria com\u00fan de tolos homes\u201d, un llugar onde la llende ente tierra y cielu ye un puntu d&#8217;alcuentru [&hellip;]<\/p>\n","protected":false},"author":117,"featured_media":0,"comment_status":"closed","ping_status":"open","sticky":false,"template":"","format":"standard","meta":{"footnotes":""},"categories":[1],"tags":[],"class_list":["post-56384","post","type-post","status-publish","format-standard","hentry","category-sin-categoria"],"_links":{"self":[{"href":"https:\/\/edublog.educastur.es\/ixuxu\/wp-json\/wp\/v2\/posts\/56384","targetHints":{"allow":["GET"]}}],"collection":[{"href":"https:\/\/edublog.educastur.es\/ixuxu\/wp-json\/wp\/v2\/posts"}],"about":[{"href":"https:\/\/edublog.educastur.es\/ixuxu\/wp-json\/wp\/v2\/types\/post"}],"author":[{"embeddable":true,"href":"https:\/\/edublog.educastur.es\/ixuxu\/wp-json\/wp\/v2\/users\/117"}],"replies":[{"embeddable":true,"href":"https:\/\/edublog.educastur.es\/ixuxu\/wp-json\/wp\/v2\/comments?post=56384"}],"version-history":[{"count":5,"href":"https:\/\/edublog.educastur.es\/ixuxu\/wp-json\/wp\/v2\/posts\/56384\/revisions"}],"predecessor-version":[{"id":56391,"href":"https:\/\/edublog.educastur.es\/ixuxu\/wp-json\/wp\/v2\/posts\/56384\/revisions\/56391"}],"wp:attachment":[{"href":"https:\/\/edublog.educastur.es\/ixuxu\/wp-json\/wp\/v2\/media?parent=56384"}],"wp:term":[{"taxonomy":"category","embeddable":true,"href":"https:\/\/edublog.educastur.es\/ixuxu\/wp-json\/wp\/v2\/categories?post=56384"},{"taxonomy":"post_tag","embeddable":true,"href":"https:\/\/edublog.educastur.es\/ixuxu\/wp-json\/wp\/v2\/tags?post=56384"}],"curies":[{"name":"wp","href":"https:\/\/api.w.org\/{rel}","templated":true}]}}