{"id":56422,"date":"2025-08-29T08:30:18","date_gmt":"2025-08-29T06:30:18","guid":{"rendered":"https:\/\/edublog.educastur.es\/ixuxu\/?p=56422"},"modified":"2025-08-29T13:51:10","modified_gmt":"2025-08-29T11:51:10","slug":"el-tiempu-el-comercio-123","status":"publish","type":"post","link":"https:\/\/edublog.educastur.es\/ixuxu\/2025\/08\/el-tiempu-el-comercio-123\/","title":{"rendered":"El tiempu (El Comercio)"},"content":{"rendered":"<p style=\"text-align: center\"><a href=\"https:\/\/s2.ppllstatics.com\/elcomercio\/www\/multimedia\/2025\/08\/28\/tiempo-asturias-virenes-agosto.jpg\"><img loading=\"lazy\" decoding=\"async\" class=\"aligncenter size-large\" src=\"https:\/\/s2.ppllstatics.com\/elcomercio\/www\/multimedia\/2025\/08\/28\/tiempo-asturias-virenes-agosto.jpg\" width=\"1200\" height=\"840\" \/><\/a><\/p>\n<p>La previsi\u00f3n obliga a activar<strong> l&#8217;avisu mariellu costeru hasta les 12 del mediud\u00eda<\/strong> por fuertes vientos mar adientro y la posibilid\u00e1 de foles d&#8217;hasta 4 metros d&#8217;altor. Esp\u00e9rase que <strong>na mari\u00f1a<\/strong> puedan superase los 60 o 70 km\/h. Escontra l&#8217;interior les raches van ser moderaes d&#8217;hasta 40 o 50 km\/h, anque va haber puntos de monte que podr\u00eden tami\u00e9n superar los 60 km\/h.<\/p>\n<p>En cuanto <strong>al est\u00e1u de los cielos<\/strong>, prevense intervalos nublos mientres tol d\u00eda. La probabilid\u00e1 de precipitaciones nun va ser alta pero nun se refuga que pueda escapase dalguna precipitaci\u00f3n pocu importante.<strong> Les temperatures m\u00e1ximes<\/strong> van xubir llixeramente na met\u00e1 sur asturiana (hasta 1 o 2 \u00baC m\u00e1s qu&#8217;esti xueves) y de forma daqu\u00e9 m\u00e1s moderada na met\u00e1 norte (hasta 3 o 4 \u00baC m\u00e1s). <strong>Les m\u00ednimes<\/strong> van xubir de forma xeneralizada ya inclusive notable con xub\u00edes de m\u00e1s de 5 \u00baC en relaci\u00f3n a les anotaes esti xueves.<\/p>\n","protected":false},"excerpt":{"rendered":"<p>La previsi\u00f3n obliga a activar l&#8217;avisu mariellu costeru hasta les 12 del mediud\u00eda por fuertes vientos mar adientro y la posibilid\u00e1 de foles d&#8217;hasta 4 metros d&#8217;altor. Esp\u00e9rase que na mari\u00f1a puedan superase los 60 o 70 km\/h. Escontra l&#8217;interior les raches van ser moderaes d&#8217;hasta 40 o 50 km\/h, anque va haber puntos de [&hellip;]<\/p>\n","protected":false},"author":117,"featured_media":0,"comment_status":"closed","ping_status":"open","sticky":false,"template":"","format":"standard","meta":{"footnotes":""},"categories":[5],"tags":[],"class_list":["post-56422","post","type-post","status-publish","format-standard","hentry","category-tiempu"],"_links":{"self":[{"href":"https:\/\/edublog.educastur.es\/ixuxu\/wp-json\/wp\/v2\/posts\/56422","targetHints":{"allow":["GET"]}}],"collection":[{"href":"https:\/\/edublog.educastur.es\/ixuxu\/wp-json\/wp\/v2\/posts"}],"about":[{"href":"https:\/\/edublog.educastur.es\/ixuxu\/wp-json\/wp\/v2\/types\/post"}],"author":[{"embeddable":true,"href":"https:\/\/edublog.educastur.es\/ixuxu\/wp-json\/wp\/v2\/users\/117"}],"replies":[{"embeddable":true,"href":"https:\/\/edublog.educastur.es\/ixuxu\/wp-json\/wp\/v2\/comments?post=56422"}],"version-history":[{"count":1,"href":"https:\/\/edublog.educastur.es\/ixuxu\/wp-json\/wp\/v2\/posts\/56422\/revisions"}],"predecessor-version":[{"id":56423,"href":"https:\/\/edublog.educastur.es\/ixuxu\/wp-json\/wp\/v2\/posts\/56422\/revisions\/56423"}],"wp:attachment":[{"href":"https:\/\/edublog.educastur.es\/ixuxu\/wp-json\/wp\/v2\/media?parent=56422"}],"wp:term":[{"taxonomy":"category","embeddable":true,"href":"https:\/\/edublog.educastur.es\/ixuxu\/wp-json\/wp\/v2\/categories?post=56422"},{"taxonomy":"post_tag","embeddable":true,"href":"https:\/\/edublog.educastur.es\/ixuxu\/wp-json\/wp\/v2\/tags?post=56422"}],"curies":[{"name":"wp","href":"https:\/\/api.w.org\/{rel}","templated":true}]}}