{"id":5643,"date":"2021-04-28T20:24:28","date_gmt":"2021-04-28T18:24:28","guid":{"rendered":"https:\/\/edublog.educastur.es\/ixuxu\/?p=5643"},"modified":"2021-04-28T20:27:59","modified_gmt":"2021-04-28T18:27:59","slug":"les-imaxes-ganadores-del-world-press-photo-2021","status":"publish","type":"post","link":"https:\/\/edublog.educastur.es\/ixuxu\/2021\/04\/les-imaxes-ganadores-del-world-press-photo-2021\/","title":{"rendered":"Les imaxes ganadores del World Press Photo 2021"},"content":{"rendered":"<p style=\"text-align: center\"><a href=\"https:\/\/ep00.epimg.net\/elpais\/imagenes\/2021\/04\/15\/album\/1618492508_344299_1618494896_album_normal.jpg\"><img loading=\"lazy\" decoding=\"async\" class=\"alignnone\" src=\"https:\/\/ep00.epimg.net\/elpais\/imagenes\/2021\/04\/15\/album\/1618492508_344299_1618494896_album_normal.jpg\" alt=\"\" width=\"980\" height=\"653\" \/><\/a><\/p>\n<p style=\"text-align: center\"><strong><span class=\"foto-numero\" style=\"color: #008080\">4 <\/span><\/strong><span class=\"foto-titulo\"><strong><span style=\"color: #008080\">Medio Ambiente, individual: <\/span><\/strong><\/span><span class=\"foto-titulo\">Lli\u00f3n mar\u00edn de California xuega con una m\u00e1zcara (Ralph Pace) Un lle\u00f3n mar\u00edn de California nada escontra una m\u00e1zcara facial nel sitiu de buc\u00e9u Breakwater en Monterey, California, Estaos Xun\u00edos.<\/span><\/p>\n<ul>\n<li><a href=\"https:\/\/elpais.com\/elpais\/2021\/04\/15\/album\/1618492508_344299.html?utm_source=Facebook&amp;ssm=FB_CM&amp;fbclid=IwAR31tXcpVsBbBezL651Ezc8hyvS_D1ohhwySXkUtpqnUN2f7PXOufaK-M3U#foto_gal_1\">Fonte noticia: El P\u00e1is \/ 15.04.2021<\/a><\/li>\n<li><a href=\"https:\/\/www.worldpressphoto.org\/collection\/photocontest\/2021\">Web <strong>Word Press Photo<\/strong><\/a><\/li>\n<\/ul>\n<p><!--more--><\/p>\n<p style=\"text-align: center\"><a href=\"https:\/\/www.eluniversal.com.mx\/cultura\/estas-son-las-fotografias-nominadas-al-world-press-photo-2021\"><img loading=\"lazy\" decoding=\"async\" class=\"alignnone\" src=\"https:\/\/www.eluniversal.com.mx\/sites\/default\/files\/2021\/03\/10\/world_press_photo_3.jpg\" alt=\"\" width=\"1201\" height=\"740\" \/><\/a><\/p>\n","protected":false},"excerpt":{"rendered":"<p>4 Medio Ambiente, individual: Lli\u00f3n mar\u00edn de California xuega con una m\u00e1zcara (Ralph Pace) Un lle\u00f3n mar\u00edn de California nada escontra una m\u00e1zcara facial nel sitiu de buc\u00e9u Breakwater en Monterey, California, Estaos Xun\u00edos. Fonte noticia: El P\u00e1is \/ 15.04.2021 Web Word Press Photo<\/p>\n","protected":false},"author":117,"featured_media":0,"comment_status":"open","ping_status":"open","sticky":false,"template":"","format":"standard","meta":{"footnotes":""},"categories":[61,17],"tags":[],"class_list":["post-5643","post","type-post","status-publish","format-standard","hentry","category-concursu","category-semeyes"],"_links":{"self":[{"href":"https:\/\/edublog.educastur.es\/ixuxu\/wp-json\/wp\/v2\/posts\/5643","targetHints":{"allow":["GET"]}}],"collection":[{"href":"https:\/\/edublog.educastur.es\/ixuxu\/wp-json\/wp\/v2\/posts"}],"about":[{"href":"https:\/\/edublog.educastur.es\/ixuxu\/wp-json\/wp\/v2\/types\/post"}],"author":[{"embeddable":true,"href":"https:\/\/edublog.educastur.es\/ixuxu\/wp-json\/wp\/v2\/users\/117"}],"replies":[{"embeddable":true,"href":"https:\/\/edublog.educastur.es\/ixuxu\/wp-json\/wp\/v2\/comments?post=5643"}],"version-history":[{"count":3,"href":"https:\/\/edublog.educastur.es\/ixuxu\/wp-json\/wp\/v2\/posts\/5643\/revisions"}],"predecessor-version":[{"id":5647,"href":"https:\/\/edublog.educastur.es\/ixuxu\/wp-json\/wp\/v2\/posts\/5643\/revisions\/5647"}],"wp:attachment":[{"href":"https:\/\/edublog.educastur.es\/ixuxu\/wp-json\/wp\/v2\/media?parent=5643"}],"wp:term":[{"taxonomy":"category","embeddable":true,"href":"https:\/\/edublog.educastur.es\/ixuxu\/wp-json\/wp\/v2\/categories?post=5643"},{"taxonomy":"post_tag","embeddable":true,"href":"https:\/\/edublog.educastur.es\/ixuxu\/wp-json\/wp\/v2\/tags?post=5643"}],"curies":[{"name":"wp","href":"https:\/\/api.w.org\/{rel}","templated":true}]}}