{"id":56437,"date":"2025-08-29T13:00:38","date_gmt":"2025-08-29T11:00:38","guid":{"rendered":"https:\/\/edublog.educastur.es\/ixuxu\/?p=56437"},"modified":"2025-08-29T14:10:23","modified_gmt":"2025-08-29T12:10:23","slug":"ya-ta-en-plataformes-musicales-el-cenciellu-nuevu-de-felpeyu","status":"publish","type":"post","link":"https:\/\/edublog.educastur.es\/ixuxu\/2025\/08\/ya-ta-en-plataformes-musicales-el-cenciellu-nuevu-de-felpeyu\/","title":{"rendered":"Y\u00e1 ta en plataformes musicales el cenciellu nuevu de Felpeyu"},"content":{"rendered":"<div class=\"elementor-element elementor-element-667e3c7 elementor-widget__width-inherit elementor-widget elementor-widget-theme-post-title elementor-page-title elementor-widget-heading\" data-id=\"667e3c7\" data-element_type=\"widget\" data-widget_type=\"theme-post-title.default\">\n<div class=\"elementor-widget-container\">\n<ul>\n<li class=\"elementor-heading-title elementor-size-default\" style=\"text-align: left\"><a href=\"https:\/\/musicasturiana.com\/ya-ta-en-plataformes-musicales-si-quies-que-baille-contigo-el-cenciellu-nuevu-de-felpeyu\">Y\u00e1 ta en plataformes musicales \u2018Si quies que baille contigo\u2019, el cenciellu nuevu de Felpeyu<\/a><\/li>\n<\/ul>\n<\/div>\n<\/div>\n<div class=\"elementor-element elementor-element-00f4678 elementor-widget__width-inherit elementor-widget elementor-widget-theme-post-excerpt\" data-id=\"00f4678\" data-element_type=\"widget\" data-widget_type=\"theme-post-excerpt.default\">\n<div class=\"elementor-widget-container\">La m\u00edtica banda folk asoleya un tema cant\u00e1u y otru instrumental qu&#8217;entemecen reinterpretaci\u00f3n de la tradici\u00f3n y composici\u00f3n propia.<\/div>\n<\/div>\n<p style=\"text-align: center\">\n<!-- iframe plugin v.6.0 wordpress.org\/plugins\/iframe\/ -->\n<iframe data-testid=\"embed-iframe\" style=\"border-radius:12px\" src=\"https:\/\/open.spotify.com\/embed\/album\/2Dts12q8U82at3IUFZgXH4?utm_source=generator\" width=\"100%\" height=\"352\" frameborder=\"0\" allowfullscreen allow=\"autoplay; clipboard-write; encrypted-media; fullscreen; picture-in-picture\" loading=\"lazy\" 0=\"\/iframe\" scrolling=\"yes\" class=\"iframe-class\"><\/iframe>\n<\/p>\n<p><span class=\"x193iq5w xeuugli x13faqbe x1vvkbs xt0psk2 x1i0vuye xvs91rp xo1l8bm x5n08af x10wh9bi xpm28yp x8viiok x1o7cslx x126k92a\"><a class=\"x1i10hfl xjbqb8w x1ejq31n x18oe1m7 x1sy0etr xstzfhl x972fbf x10w94by x1qhh985 x14e42zd x9f619 x1ypdohk xt0psk2 x3ct3a4 xdj266r x14z9mp xat24cr x1lziwak xexx8yu xyri2b x18d9i69 x1c1uobl x16tdsg8 x1hl2dhg xggy1nq x1a2a7pz notranslate _a6hd\" role=\"link\" href=\"https:\/\/www.instagram.com\/felpeyuoficial\/\">@felpeyuoficial<\/a> torna dempu\u00e9s d\u2019ocho a\u00f1os con un cenciellu form\u00e1u por dos temes : \u2018Si quies que baille contigo\u2019 y <strong>Como te digo una cosa\u2026<\/strong>\u2019 \ud83d\udcbf Nes plataformes musicales pue sentise esti trabayu qu\u2019incl\u00fai un tema cant\u00e1u y otru instrumental qu\u2019entemecen reinterpretaci\u00f3n de la tradici\u00f3n y composici\u00f3n propia \ud83c\udfbb Am\u00e1s, la banda anuncia que tienen \u201centusiamu\u201d y que t\u00e1n componiendo m\u00e1s temes pa dir asoleyando nel futuru.<\/span><\/p>\n<p><!--more--><\/p>\n<p style=\"text-align: center\"><a href=\"https:\/\/musicasturiana.com\/wp-content\/uploads\/2025\/08\/si-quies-que-baille-contigo-felpeyu.jpg\"><img loading=\"lazy\" decoding=\"async\" class=\"aligncenter size-large\" src=\"https:\/\/musicasturiana.com\/wp-content\/uploads\/2025\/08\/si-quies-que-baille-contigo-felpeyu.jpg\" width=\"1200\" height=\"600\" \/><\/a><\/p>\n<p>Acab\u00f3 la espera. Ocho a\u00f1os dempu\u00e9s de la publicaci\u00f3n de\u00a0<em><a href=\"https:\/\/musicasturiana.com\/producto\/felpeyu-cd-cerquina\/\">Cerquina<\/a><\/em>\u00a0y cinco del llanzamientu del cenciellu\u00a0<em><a href=\"https:\/\/open.spotify.com\/intl-es\/album\/1VKmacYI4wHpjI9tPVbHHm?si=kVh1J2XlTniugJeis28spQ\" target=\"_blank\" rel=\"noopener\">Saltones Exp\u00f3sitos<\/a><\/em>,\u00a0<strong>Felpeyu\u00a0<\/strong>torna con un cenciellu form\u00e1u por dos temes nuevos:\u00a0<a href=\"https:\/\/orcd.co\/siquies\" target=\"_blank\" rel=\"noopener\"><strong>\u2018Si quies que baille contigo\u2019<\/strong>\u00a0y\u00a0<strong>Como te digo una cosa\u2026<\/strong><\/a><a href=\"https:\/\/open.spotify.com\/intl-es\/album\/2Dts12q8U82at3IUFZgXH4?si=87dMgn_HR2-nAhnU0XIlnQ\" target=\"_blank\" rel=\"noopener\"><strong>\u2018<\/strong><\/a>. Estes dos pieces<strong>\u00a0contin\u00faen la llinia sonora<\/strong>\u00a0que caracteriza a una de les bandes fundamentales del\u00a0<strong>folk asturianu<\/strong>; sicas\u00ed, tami\u00e9n<strong>\u00a0<\/strong>tienen\u00a0<strong>novedaes<\/strong>, ente les que rescampla la incorporaci\u00f3n de<strong>\u00a0tr\u00e9s componentes nuevos nuna grabaci\u00f3n<\/strong>: el vocalista y baxista\u00a0<strong>An\u00edbal Menchaca<\/strong>\u00a0y los cuerdistes\u00a0<strong>Luis Nicol\u00e1s\u00a0<\/strong>(guitarra) y\u00a0<strong>Alberto Ablanedo<\/strong>\u00a0(bouzuki).<\/p>\n<p>\u00ab\u2018Como te digo una cosa\u2026\u2019 son\u00a0<strong>tr\u00e9s composiciones del nuestru vigulineru<\/strong>, Lisado Prieto. La primera d\u2019elles ye\u00a0<strong>n\u2019alcordanza\u2019l vigulineru escoc\u00e9s Angus Grant<\/strong>\u00a0col que compartimos momentos bien prestosos. La segunda a ritmu de\u00a0<strong>mu\u00f1eira\u00a0<\/strong>ye un peque\u00f1u homenaxe a una famosa\u00a0<strong>pel\u00edcula\u00a0<\/strong>de los \u201890, concretamente a la frase de ciertu personaxe qu\u2019apaez nella: \u2018igual que te digo una cosa d\u00edgote la otra\u2019, al sentila vais decatavos por qu\u00e9. Pa rematar, unos\u00a0<strong>\u2018Saltones del repunante\u2019<\/strong>, pallabra asturiana que describe a una persona que protesta por too o s\u2019enfurru\u00f1a f\u00e1cilmente\u00bb, desplica la banda sobre la pieza instrumental del cenciellu\u00a0<em><strong>Si quies que baille contigo<\/strong>.<\/em><\/p>\n<p>D\u2019otra banda, el cantar que da nome al llanzamientu tr\u00e1tase d\u2019una\u00a0<strong>adaptaci\u00f3n de \u2018La romer\u00eda\u2019<\/strong>\u00a0qu\u2019asina presenta\u2019l grupu: \u00abYe \u00fan d\u2019esos cantares asturianos de chigre con<strong>\u00a0milenta versiones<\/strong>; de coros, de solistes, de grupos folk\u2026\u00a0<strong>esta ye la nuestra<\/strong>. Como ye vezu nos nuestros cantares, garramos un\u00a0<strong>cach\u00edn de la lletra tradicional y escribimos el restu<\/strong>, nesti casu ye la\u00a0<strong>primer lletra qu\u2019escribe An\u00edbal<\/strong>\u00a0pa Felpeyu. Nella garra l\u2019esp\u00edritu\u00a0<strong>folixeru\u00a0<\/strong>de la orixinal con un aire un pel\u00edn m\u00e1s\u00a0<strong>se\u00f1aldosu<\/strong>, pero como una afirmaci\u00f3n de qu\u2019<strong>anque pasen los a\u00f1os, equ\u00ed siguimos<\/strong>\u00ab.<\/p>\n<p><em>Si quies que baille contigo<\/em>\u00a0ta grab\u00e1u en\u00a0<strong>TUTU Estudios<\/strong>\u00a0polos m\u00fasicos\u00a0<strong>Alberto Ablanedo\u00a0<\/strong>(buzuki y coros),<strong>\u00a0Ruma Barbero\u00a0<\/strong>(bodhr\u00e1n),\u00a0<strong>An\u00edbal Menchaca<\/strong>\u00a0(baxu y voz principal),\u00a0<strong>Luis Nicol\u00e1s\u00a0<\/strong>(guitarra y coros),\u00a0<strong>Diego Pangua\u00a0<\/strong>(flauta, gaita y trompa) y\u00a0<strong>Lisardo Prieto<\/strong>\u00a0(vigul\u00edn y coros).<strong>\u00a0Sergio Rodr\u00edguez<\/strong>\u00a0foi\u2019l t\u00e9cnicu de son\u00edu y fixo la producci\u00f3n y mezcla xunto a Felpeyu. La masterizaci\u00f3n ye de\u00a0<strong>Dani Sevillano<\/strong>\u00a0y la\u00a0<strong>portada\u00a0<\/strong>del cenciellu de Ruma Barbero.<\/p>\n<h2 class=\"wp-block-heading\"><mark class=\"has-inline-color\">Entusiasmu y futuru<\/mark><\/h2>\n<p>Tardaron ocho a\u00f1os n\u2019asoleyar material nuevu, pero eso nun\u00a0<strong>significa que\u2019l grupu parare<\/strong>. Como desplica Ruma Barbero, bodhr\u00e1n y fundador de Felpeyu, \u00abal poco de grabar<strong>\u00a0tuvimos que cambiar de cantante.<\/strong>\u00a0Dempu\u00e9s foi la\u00a0<strong>pandemia<\/strong>; la<strong>\u00a0gran p\u00e9rdida d\u2019El\u00edas Garc\u00eda<\/strong>; munchos\u00a0<strong>cambios\u00a0<\/strong>na formaci\u00f3n y na banda de los que tuvimos que dir\u00a0<strong>recuper\u00e1ndonos\u00a0<\/strong>nesti tiempu\u00bb. El m\u00fasicu tami\u00e9n sorraya que llaboralmente tuvieron que\u00a0<strong>\u00abbuscase la vida na ense\u00f1anza\u00bb<\/strong>. \u00abAgora somos un grupu de profesores que podemos trabayar na m\u00fasica los fines de selmana y too esto fai que\u2019l\u00a0<strong>procesu seya m\u00e1s lentu, pero non con menos entusiasmu<\/strong>\u00ab.<\/p>\n<p>D\u2019esta manera, la m\u00edtica banda de folk asturianu ac\u00fasticu y atl\u00e1nticu ta<strong>\u00a0trabayando y\u00e1 en temes nuevos<\/strong>: \u00abTenemos y\u00e1 un\u00a0<strong>tema instrumental y otru cant\u00e1u\u00a0<\/strong>que t\u00e1n un pel\u00edn m\u00e1s qu\u2019abocetaos y la idea ye siguir sacando temes\u00a0<strong>de dos en dos<\/strong>, pero ensin saber plazu\u00bb, desplica Barbero. Mentanto, va poder esfrutase de Felpeyu<strong>enriba los escenarios<\/strong>. El siguiente ye\u2019l\u00a0<strong>6 de setiembre<\/strong>\u00a0nel\u00a0<strong><a href=\"https:\/\/musicasturiana.com\/el-fig-anuncial-programa-de-la-edicion-desti-2025\/\">Festival Internacional de la Gaita de Villaviciosa<\/a><\/strong>\u00a0-nun conciertu compart\u00edu cola programaci\u00f3n de los\u00a0<a href=\"https:\/\/musicasturiana.com\/esta-ye-la-programacion-musical-nasturianu-de-los-actos-dia-dasturies-quentamal-gobiernu\/\">actos del D\u00eda d\u2019Asturies<\/a>\u00a0qu\u2019entama\u2019l gobiernu asturianu- y el<strong>\u00a020 setiembre\u00a0<\/strong>nel festival\u00a0<strong>Irish Fleadh<\/strong>\u00a0de C\u00e1ceres.<\/p>\n<p>34 a\u00f1os dempu\u00e9s, Felpeyu siguen marcando una llinia fundamental na m\u00fasica asturiana y amosando\u2019l so bon facer en\u00a0<em>Si quies que baille contigo<\/em>. Son\u00a0<strong>veteranos\u00a0<\/strong>d\u2019una escena que, en pallabres del fundador del grupu, \u00abtien propuestes dispares, nueves y alternatives que xunto a la de la xente vieyo\u00a0<strong>formamos una bayura musical<\/strong>\u00a0que va unos a\u00f1os nun hab\u00eda\u00bb.<\/p>\n<div class=\"wp-block-spacer\" aria-hidden=\"true\"><\/div>\n","protected":false},"excerpt":{"rendered":"<p>Y\u00e1 ta en plataformes musicales \u2018Si quies que baille contigo\u2019, el cenciellu nuevu de Felpeyu La m\u00edtica banda folk asoleya un tema cant\u00e1u y otru instrumental qu&#8217;entemecen reinterpretaci\u00f3n de la tradici\u00f3n y composici\u00f3n propia. @felpeyuoficial torna dempu\u00e9s d\u2019ocho a\u00f1os con un cenciellu form\u00e1u por dos temes : \u2018Si quies que baille contigo\u2019 y Como te [&hellip;]<\/p>\n","protected":false},"author":117,"featured_media":0,"comment_status":"closed","ping_status":"open","sticky":false,"template":"","format":"standard","meta":{"footnotes":""},"categories":[35,125],"tags":[],"class_list":["post-56437","post","type-post","status-publish","format-standard","hentry","category-musica","category-musicasturiana-com"],"_links":{"self":[{"href":"https:\/\/edublog.educastur.es\/ixuxu\/wp-json\/wp\/v2\/posts\/56437","targetHints":{"allow":["GET"]}}],"collection":[{"href":"https:\/\/edublog.educastur.es\/ixuxu\/wp-json\/wp\/v2\/posts"}],"about":[{"href":"https:\/\/edublog.educastur.es\/ixuxu\/wp-json\/wp\/v2\/types\/post"}],"author":[{"embeddable":true,"href":"https:\/\/edublog.educastur.es\/ixuxu\/wp-json\/wp\/v2\/users\/117"}],"replies":[{"embeddable":true,"href":"https:\/\/edublog.educastur.es\/ixuxu\/wp-json\/wp\/v2\/comments?post=56437"}],"version-history":[{"count":1,"href":"https:\/\/edublog.educastur.es\/ixuxu\/wp-json\/wp\/v2\/posts\/56437\/revisions"}],"predecessor-version":[{"id":56439,"href":"https:\/\/edublog.educastur.es\/ixuxu\/wp-json\/wp\/v2\/posts\/56437\/revisions\/56439"}],"wp:attachment":[{"href":"https:\/\/edublog.educastur.es\/ixuxu\/wp-json\/wp\/v2\/media?parent=56437"}],"wp:term":[{"taxonomy":"category","embeddable":true,"href":"https:\/\/edublog.educastur.es\/ixuxu\/wp-json\/wp\/v2\/categories?post=56437"},{"taxonomy":"post_tag","embeddable":true,"href":"https:\/\/edublog.educastur.es\/ixuxu\/wp-json\/wp\/v2\/tags?post=56437"}],"curies":[{"name":"wp","href":"https:\/\/api.w.org\/{rel}","templated":true}]}}