{"id":56440,"date":"2025-08-29T13:11:21","date_gmt":"2025-08-29T11:11:21","guid":{"rendered":"https:\/\/edublog.educastur.es\/ixuxu\/?p=56440"},"modified":"2025-08-29T14:13:45","modified_gmt":"2025-08-29T12:13:45","slug":"escuela-de-musica-a-mansalva-llangreu","status":"publish","type":"post","link":"https:\/\/edublog.educastur.es\/ixuxu\/2025\/08\/escuela-de-musica-a-mansalva-llangreu\/","title":{"rendered":"Escuela de M\u00fasica: \u00abA mansalva\u00bb Llangr\u00e9u"},"content":{"rendered":"<p><img decoding=\"async\" src=\"https:\/\/musicasturiana.com\/wp-content\/uploads\/2024\/12\/banner-a-mansalva-2025.jpg\" \/><\/p>\n<p style=\"text-align: center\"><a href=\"https:\/\/grupoamansalva.com\/la-escuela\">https:\/\/grupoamansalva.com\/la-escuela<\/a><\/p>\n<p><!--more--><\/p>\n<p style=\"text-align: center\"><a href=\"https:\/\/grupoamansalva.com\/wp-content\/uploads\/2020\/09\/logo.png\"><img loading=\"lazy\" decoding=\"async\" class=\"aligncenter size-large\" src=\"https:\/\/grupoamansalva.com\/wp-content\/uploads\/2020\/09\/logo.png\" width=\"237\" height=\"150\" \/><\/a><\/p>\n<p><strong>La Escuela. <\/strong>La escuela ta formada por dellos docentes qu&#8217;imparten clases presenciales en distintos allugamientos, y clases online. Llugares d&#8217;alcuentru onde conviven tou tipu de x\u00e9neros musicales como&#8217;l folk, rock, pop, tradicional, etc\u2026 y nos que tantu ne\u00f1os y adolescentes como persones adultes prestar colos nuesos creativos m\u00e9todos de trabayu afechos a les sos esixencies y aspiraciones.<\/p>\n<p>La nuesa ufierta educativa componer de delles disciplines y d&#8217;una amplia varied\u00e1 d&#8217;opciones afeches a les posibilidaes de cada unu. Tami\u00e9n de manera puntual programamos talleres, cursos, actividaes y clases maxistrales con especialistes en distintes materies.<\/p>\n<p><strong>Matr\u00edcula. <\/strong>\u00danvianos un mensaxe al travi\u00e9s del siguiente formulariu de contactu para ver disponibilidad d&#8217;asignatures y horarios.O bien \u00fanvianos un WhatsApp al n\u00famberu de tel\u00e9fonu 667 25 26 11<\/p>\n","protected":false},"excerpt":{"rendered":"<p>https:\/\/grupoamansalva.com\/la-escuela<\/p>\n","protected":false},"author":117,"featured_media":0,"comment_status":"closed","ping_status":"open","sticky":false,"template":"","format":"standard","meta":{"footnotes":""},"categories":[35,125],"tags":[],"class_list":["post-56440","post","type-post","status-publish","format-standard","hentry","category-musica","category-musicasturiana-com"],"_links":{"self":[{"href":"https:\/\/edublog.educastur.es\/ixuxu\/wp-json\/wp\/v2\/posts\/56440","targetHints":{"allow":["GET"]}}],"collection":[{"href":"https:\/\/edublog.educastur.es\/ixuxu\/wp-json\/wp\/v2\/posts"}],"about":[{"href":"https:\/\/edublog.educastur.es\/ixuxu\/wp-json\/wp\/v2\/types\/post"}],"author":[{"embeddable":true,"href":"https:\/\/edublog.educastur.es\/ixuxu\/wp-json\/wp\/v2\/users\/117"}],"replies":[{"embeddable":true,"href":"https:\/\/edublog.educastur.es\/ixuxu\/wp-json\/wp\/v2\/comments?post=56440"}],"version-history":[{"count":1,"href":"https:\/\/edublog.educastur.es\/ixuxu\/wp-json\/wp\/v2\/posts\/56440\/revisions"}],"predecessor-version":[{"id":56441,"href":"https:\/\/edublog.educastur.es\/ixuxu\/wp-json\/wp\/v2\/posts\/56440\/revisions\/56441"}],"wp:attachment":[{"href":"https:\/\/edublog.educastur.es\/ixuxu\/wp-json\/wp\/v2\/media?parent=56440"}],"wp:term":[{"taxonomy":"category","embeddable":true,"href":"https:\/\/edublog.educastur.es\/ixuxu\/wp-json\/wp\/v2\/categories?post=56440"},{"taxonomy":"post_tag","embeddable":true,"href":"https:\/\/edublog.educastur.es\/ixuxu\/wp-json\/wp\/v2\/tags?post=56440"}],"curies":[{"name":"wp","href":"https:\/\/api.w.org\/{rel}","templated":true}]}}