{"id":56484,"date":"2025-08-29T19:14:35","date_gmt":"2025-08-29T17:14:35","guid":{"rendered":"https:\/\/edublog.educastur.es\/ixuxu\/?p=56484"},"modified":"2025-08-29T19:14:35","modified_gmt":"2025-08-29T17:14:35","slug":"datos-turisticos-de-xunetu-aumentu-de-la-rentabilida-y-de-les-estancies","status":"publish","type":"post","link":"https:\/\/edublog.educastur.es\/ixuxu\/2025\/08\/datos-turisticos-de-xunetu-aumentu-de-la-rentabilida-y-de-les-estancies\/","title":{"rendered":"Datos tur\u00edsticos de xunetu: aumentu de la rentabilid\u00e1 y de les estancies"},"content":{"rendered":"<p style=\"text-align: center\"><a href=\"https:\/\/actualidad.asturias.es\/documents\/537115\/2775460\/Lago+del+Valle+-+Somiedo+-+Camilo+Alonso.jpg\/abde2d6c-33f4-914e-e420-ad71259e854a?t=1756469175815\"><img loading=\"lazy\" decoding=\"async\" class=\"aligncenter size-large\" src=\"https:\/\/actualidad.asturias.es\/documents\/537115\/2775460\/Lago+del+Valle+-+Somiedo+-+Camilo+Alonso.jpg\/abde2d6c-33f4-914e-e420-ad71259e854a?t=1756469175815\" width=\"2717\" height=\"1811\" \/><\/a><\/p>\n<p style=\"text-align: center\"><a href=\"https:\/\/actualidad.asturias.es\/-\/los-datos-tur\u00edsticos-de-julio-confirman-la-buena-evoluci\u00f3n-del-sector-con-un-aumento-de-la-rentabilidad-y-de-las-estancias?redirect=%2F\">Actualid\u00e1 Asturies<\/a>\/<a class=\"pdf\" title=\"NP Datos Ine julio. Abre una nueva ventana\" href=\"https:\/\/actualidad.asturias.es\/documents\/533407\/0\/2025_08_29+NP+Datos+INE+Julio.pdf\/3151be98-823b-14d0-c5cc-871bac3fbb83?t=1756469092252\" target=\"_blank\" rel=\"noopener\">\u00a0NP Datos Ine julio<\/a><\/p>\n<p>Los datos tur\u00edsticos de xunetu confirmen la bona evoluci\u00f3n del sector, con un aumentu de la rentabilid\u00e1 y de les estancies. Los establecimientos rurales superen les cuatro nueches de pernoctaciones per visitante.<\/p>\n<p>Lara Mart\u00ednez, viceconseyera: \u201cTamos llogrando que quien nos visiten qu\u00e9dense m\u00e1s tiempu y eso ye clave para xenerar un mayor impactu econ\u00f3micu nel nuesu territoriu\u00bb<\/p>\n<p><!--more--><\/p>\n<p>Asturies refuerza la so posici\u00f3n como dest\u00edn tur\u00edsticu de referencia. Los \u00faltimos datos publicaos pol Institutu Nacional d&#8217;Estad\u00edstica (INE), correspondientes al mes de xunetu, confirmen unu encl\u00edn positivu: <strong>quienes visiten el Princip\u00e1u allarguen cada vez m\u00e1s la so estancia<\/strong>.<\/p>\n<p>En total, los establecimientos tur\u00edsticos asturianos rexistraron 1.224.401 pernoctaciones, lo que supon <strong>una medr\u00eda del 4,8% na estancia media por visitante.<\/strong> Esta evoluci\u00f3n reflexa la capacid\u00e1 d&#8217;Asturies para fidelizar a quien la escueyen como dest\u00edn, y tien un impactu directu na rentabilid\u00e1 de los negocios tur\u00edsticos.<\/p>\n<p>Los agospiamientos rurales y los albergues destaquen especialmente, al superar les <strong>cuatro nueches d&#8217;estancia media.<\/strong> Nel casu del turismu rural, les pernoctaciones crecieron un 6,4% respectu al mesmu mes del a\u00f1u anterior. Tami\u00e9n se rexistraron aumentos nos apartamentos tur\u00edsticos (+2,9%) y nos campings (+2,1%), ente que los hoteles y los albergues caltuvieron cifres similares a les de 2024. De sigu\u00edo, recu\u00e9yese una tabla con un resume d&#8217;estos datos.<\/p>\n<p>Los indicadores econ\u00f3micos refuercen esta imaxe de solidez. <strong>La tarifa media diaria n&#8217;hoteles algam\u00f3 los 99,47 euros<\/strong>, lo que representa una medr\u00eda del 9,5% intera\u00f1al. Pela so parte, l&#8217;ingresu mediu per habitaci\u00f3n disponible asitiar en 71,56 euros, un 15,98% m\u00e1s que l&#8217;a\u00f1u pas\u00e1u.<\/p>\n<p>En t\u00e9rminos d&#8217;empl\u00e9u, los agospiamientos tur\u00edsticos sumaron 7.300 trabayadores, un 1,1% m\u00e1s qu&#8217;en xunetu de 2024 y un notable 14,6% m\u00e1s qu&#8217;en xunu d&#8217;este mesmu a\u00f1u. A pesar de que&#8217;l n\u00famberu total de viaxeros bax\u00f3 llixeramente \u2014424.378, un 3% menos qu&#8217;en xunetu del a\u00f1u anterior\u2014, l&#8217;aumentu na duraci\u00f3n de les estancies compensa esta baxada y refuerza l&#8217;impactu econ\u00f3micu na comunid\u00e1.<\/p>\n<p>La viceconseyera de Turismu, Lara Mart\u00ednez, valor\u00f3 estos datos como una amuesa clara del potencial d&#8217;Asturies: \u201ctamos llogrando que quienes nos visiten qu\u00e9dense m\u00e1s tiempu, y eso ye clave pa xenerar un mayor impactu econ\u00f3micu y social en tolos conceyos. Queremos siguir creciendo, pero sobremanera en temporada baxa, apostando pola desestacionalizaci\u00f3n, por allargar les estancies y por un turismu sostenible que curie del nuesu territoriu y beneficie al conxuntu d&#8217;Asturies\u201d.<\/p>\n<p>Mart\u00ednez destac\u00f3 especialmente&#8217;l bon comportamientu del turismu rural: \u201cel fechu de qu&#8217;estos agospiamientos superen les cuatro nueches d&#8217;estancia media demuestra que somos un referente nesti tipu de turismu. Esi ye&#8217;l modelu que defendemos y el que nos dexa estremanos nun merc\u00e1u cada vez m\u00e1s competitivu\u201d.<br \/>\n.<\/p>\n","protected":false},"excerpt":{"rendered":"<p>Actualid\u00e1 Asturies\/\u00a0NP Datos Ine julio Los datos tur\u00edsticos de xunetu confirmen la bona evoluci\u00f3n del sector, con un aumentu de la rentabilid\u00e1 y de les estancies. Los establecimientos rurales superen les cuatro nueches de pernoctaciones per visitante. Lara Mart\u00ednez, viceconseyera: \u201cTamos llogrando que quien nos visiten qu\u00e9dense m\u00e1s tiempu y eso ye clave para xenerar [&hellip;]<\/p>\n","protected":false},"author":117,"featured_media":0,"comment_status":"closed","ping_status":"open","sticky":false,"template":"","format":"standard","meta":{"footnotes":""},"categories":[18],"tags":[],"class_list":["post-56484","post","type-post","status-publish","format-standard","hentry","category-turismu"],"_links":{"self":[{"href":"https:\/\/edublog.educastur.es\/ixuxu\/wp-json\/wp\/v2\/posts\/56484","targetHints":{"allow":["GET"]}}],"collection":[{"href":"https:\/\/edublog.educastur.es\/ixuxu\/wp-json\/wp\/v2\/posts"}],"about":[{"href":"https:\/\/edublog.educastur.es\/ixuxu\/wp-json\/wp\/v2\/types\/post"}],"author":[{"embeddable":true,"href":"https:\/\/edublog.educastur.es\/ixuxu\/wp-json\/wp\/v2\/users\/117"}],"replies":[{"embeddable":true,"href":"https:\/\/edublog.educastur.es\/ixuxu\/wp-json\/wp\/v2\/comments?post=56484"}],"version-history":[{"count":1,"href":"https:\/\/edublog.educastur.es\/ixuxu\/wp-json\/wp\/v2\/posts\/56484\/revisions"}],"predecessor-version":[{"id":56485,"href":"https:\/\/edublog.educastur.es\/ixuxu\/wp-json\/wp\/v2\/posts\/56484\/revisions\/56485"}],"wp:attachment":[{"href":"https:\/\/edublog.educastur.es\/ixuxu\/wp-json\/wp\/v2\/media?parent=56484"}],"wp:term":[{"taxonomy":"category","embeddable":true,"href":"https:\/\/edublog.educastur.es\/ixuxu\/wp-json\/wp\/v2\/categories?post=56484"},{"taxonomy":"post_tag","embeddable":true,"href":"https:\/\/edublog.educastur.es\/ixuxu\/wp-json\/wp\/v2\/tags?post=56484"}],"curies":[{"name":"wp","href":"https:\/\/api.w.org\/{rel}","templated":true}]}}