{"id":56489,"date":"2025-08-29T11:10:42","date_gmt":"2025-08-29T09:10:42","guid":{"rendered":"https:\/\/edublog.educastur.es\/ixuxu\/?p=56489"},"modified":"2025-08-29T19:57:10","modified_gmt":"2025-08-29T17:57:10","slug":"premiu-amparo-pedregal-pa-poemarios-y-trabayos-dinvestigacion-de-muyeres","status":"publish","type":"post","link":"https:\/\/edublog.educastur.es\/ixuxu\/2025\/08\/premiu-amparo-pedregal-pa-poemarios-y-trabayos-dinvestigacion-de-muyeres\/","title":{"rendered":"Premiu Amparo Pedregal pa poemarios y trabayos d&#8217;investigaci\u00f3n de muyeres"},"content":{"rendered":"<div class=\"html-div xdj266r x14z9mp xat24cr x1lziwak xexx8yu x1a8lsjc xf7dkkf xv54qhq\">\n<div class=\"html-div xdj266r x14z9mp xat24cr x1lziwak xexx8yu xyri2b x18d9i69 x1c1uobl x1jx94hy x78zum5 x1q0g3np\">\n<div class=\"x78zum5 xdt5ytf xz62fqu x16ldp7u\">\n<div class=\"xu06os2 x1ok221b\">\n<div class=\"html-div xdj266r x14z9mp xat24cr x1lziwak xexx8yu xyri2b x18d9i69 x1c1uobl\" data-ad-rendering-role=\"profile_name\">\n<ul>\n<li class=\"html-h3 x14z9mp xat24cr x1lziwak xexx8yu xyri2b x18d9i69 x1c1uobl x1vvkbs x1heor9g x1qlqyl8 x1pd3egz x1a2a7pz x1gslohp x1yc453h\"><span class=\"x1lliihq x6ikm8r x10wlt62 x1n2onr6\"><span class=\"xt0psk2\"><a class=\"x1i10hfl xjbqb8w x1ejq31n x18oe1m7 x1sy0etr xstzfhl x972fbf x10w94by x1qhh985 x14e42zd x9f619 x1ypdohk xt0psk2 x3ct3a4 xdj266r x14z9mp xat24cr x1lziwak xexx8yu xyri2b x18d9i69 x1c1uobl x16tdsg8 x1hl2dhg xggy1nq x1a2a7pz xkrqix3 x1sur9pj xzsf02u x1s688f\" role=\"link\" href=\"https:\/\/www.facebook.com\/selmana.lletresasturianes?__cft__[0]=AZUEP087qGKWHw5E6G4Mq3dt6mM2RcXgUhWLpyNQeFCMSO0G-k3J7FHA68C5FNZBn8PRWV5_nh3HVMTFurR8adrB0th-IzgeweOcxerGykYXUbzyhklHKHHCA8YTPtqftyYK880R5_e8rlgswZguaD__HCVKXD_4cjacyLY45hLBFegNfCntMIKHg2doc3jdozVdSyYAJhSrMPRmMqmeu6BM&amp;__tn__=-UC%2CP-y-R\"><b class=\"html-b xdj266r x14z9mp xat24cr x1lziwak xexx8yu xyri2b x18d9i69 x1c1uobl x1hl2dhg x16tdsg8 x1vvkbs x1s688f\"><span class=\"html-span xdj266r x14z9mp xat24cr x1lziwak xexx8yu xyri2b x18d9i69 x1c1uobl x1hl2dhg x16tdsg8 x1vvkbs\">Normalizacion Llinguistica<\/span><\/b><\/a><\/span><\/span><\/li>\n<\/ul>\n<\/div>\n<\/div>\n<div class=\"xu06os2 x1ok221b\">\n<div class=\"html-div xdj266r x14z9mp xat24cr x1lziwak xexx8yu xyri2b x18d9i69 x1c1uobl x6s0dn4 x17zd0t2 x78zum5 x1q0g3np x1a02dak\">L<a href=\"https:\/\/iam.asturias.es\/-\/premio-amparo-pedregal-2025?redirect=%2Fdestacados\"><strong>&#8216;Institutu Asturianu de la Muyer<\/strong><\/a>tien convoc\u00e1u&#8217;l <span style=\"color: #800080\"><strong>Premiu Amparo Pedregal<\/strong>, que busca reconocer, en dos llinies de concursu, poemarios escritos por muyeres y trabayos d&#8217;investigaci\u00f3n con perspectiva de x\u00e9neru.<\/span> Cada llinia tien un premiu de 2.500 euros y pueden presentase trabayos n&#8217;asturianu y en castellanu. El plazu de solicit\u00fa remata&#8217;l 5 de setiembre del 2025.<\/div>\n<div><\/div>\n<\/div>\n<div style=\"text-align: center\">\n<!-- iframe plugin v.6.0 wordpress.org\/plugins\/iframe\/ -->\n<iframe loading=\"lazy\" src=\"https:\/\/www.facebook.com\/plugins\/post.php?href=https%3A%2F%2Fwww.facebook.com%2Fselmana.lletresasturianes%2Fposts%2Fpfbid038NgnFcvkhu4TX7YCXc6PKAqF9FqVNn25SGt6YYV6xxGx8CyAvyPvcuoHDXX4MHul&#038;show_text=false&#038;width=500\" width=\"500\" height=\"250\" style=\"border:none;overflow:hidden\" scrolling=\"no\" frameborder=\"0\" allowfullscreen=\"true\" allow=\"autoplay; clipboard-write; encrypted-media; picture-in-picture; web-share\" 0=\"\/iframe\" class=\"iframe-class\"><\/iframe>\n<\/div>\n<div class=\"xu06os2 x1ok221b\">\n<div><!--more--><\/div>\n<\/div>\n<div>\n<p>Amparo Pedregal, referente del feminismu y profesora titular d&#8217;Hestoria Antigua de la Universid\u00e1 d&#8217;Uvi\u00e9u y especialista d&#8217;asuntos de x\u00e9neru. <a href=\"https:\/\/peques.uniovi.es\/encasa\/steam\/-\/asset_publisher\/4bR1\/content\/galeria-de-cientificas-1;jsessionid=0FA9C293EF4327968FC84DA3B8A4C677?redirect=%2Fencasa%2Fsteam\">Fonte c\u00f3mic<\/a> \/<\/p>\n<p style=\"text-align: center\"><a href=\"https:\/\/peques.uniovi.es\/image\/image_gallery?uuid=4f3592f1-a563-4faa-9081-0be98b95d86d&amp;groupId=4417182&amp;t=1612975047544\"><img loading=\"lazy\" decoding=\"async\" class=\"aligncenter size-large\" src=\"https:\/\/peques.uniovi.es\/image\/image_gallery?uuid=4f3592f1-a563-4faa-9081-0be98b95d86d&amp;groupId=4417182&amp;t=1612975047544\" width=\"1766\" height=\"2506\" \/><\/a><\/p>\n<\/div>\n<\/div>\n<\/div>\n<\/div>\n<p>&nbsp;<\/p>\n<div class=\"html-div xdj266r x14z9mp xat24cr x1lziwak xexx8yu xyri2b x18d9i69 x1c1uobl\" dir=\"auto\">\n<div class=\"html-div xdj266r x14z9mp xat24cr x1lziwak xexx8yu xyri2b x18d9i69 x1c1uobl\" dir=\"auto\">\n<div class=\"html-div xdj266r x14z9mp xat24cr x1lziwak xexx8yu xyri2b x18d9i69 x1c1uobl\" data-ad-rendering-role=\"story_message\">\n<div class=\"x1l90r2v x1iorvi4 x1g0dm76 xpdmqnj\" data-ad-comet-preview=\"message\" data-ad-preview=\"message\">\n<div class=\"x78zum5 xdt5ytf xz62fqu x16ldp7u\">\n<div class=\"xu06os2 x1ok221b\">\n<div class=\"html-div xdj266r x14z9mp xat24cr x1lziwak xexx8yu xyri2b x18d9i69 x1c1uobl\">\n<div class=\"xdj266r x14z9mp xat24cr x1lziwak x1vvkbs x126k92a\">\n<ul>\n<li dir=\"auto\">M\u00e1s informaci\u00f3n: <span class=\"html-span xdj266r x14z9mp xat24cr x1lziwak xexx8yu xyri2b x18d9i69 x1c1uobl x1hl2dhg x16tdsg8 x1vvkbs\"><a class=\"x1i10hfl xjbqb8w x1ejq31n x18oe1m7 x1sy0etr xstzfhl x972fbf x10w94by x1qhh985 x14e42zd x9f619 x1ypdohk xt0psk2 x3ct3a4 xdj266r x14z9mp xat24cr x1lziwak xexx8yu xyri2b x18d9i69 x1c1uobl x16tdsg8 x1hl2dhg xggy1nq x1a2a7pz xkrqix3 x1sur9pj x1fey0fg x1s688f\" role=\"link\" href=\"https:\/\/miprincipado.asturias.es\/-\/dboid-6269000047080058307573?fbclid=IwZXh0bgNhZW0CMTAAYnJpZBExb0NZdGhaajAwakNyY3UzTwEeOc2k3c5Cnm8CT6VYVIRWXhZTPJvl_e7OxHL7x0Cded3Qr4xgFOEcwU9uFeA_aem_XTGMwi_4c0Pt7iq6i_psKw\" target=\"_blank\" rel=\"nofollow noopener noreferrer\">https:\/\/miprincipado.asturias.es\/&#8230;\/dboid&#8230;<\/a><\/span><\/li>\n<\/ul>\n<\/div>\n<div dir=\"auto\">\n<ul>\n<li><a href=\"https:\/\/sede.asturias.es\/bopa\/2020\/12\/15\/2020-10165.pdf\" target=\"_blank\" rel=\"noopener\">Resoluci\u00f3n de 19 de noviembre de 2020, de la Presidencia del Principado de Asturias, por la que se aprueban las bases reguladoras para la concesi\u00f3n del \u00abPremio Amparo Pedregal\u00bb. BOPA 15 de diciembre de 2020<span class=\"sr-only\">(se abre en una pesta\u00f1a nueva)<\/span><\/a><\/li>\n<li><a href=\"https:\/\/miprincipado.asturias.es\/bopa\/2025\/07\/24\/2025-06213.pdf\" target=\"_blank\" rel=\"noopener\">Extracto de la Resoluci\u00f3n de 14 de julio de 2025, de la Consejer\u00eda de Presidencia, Reto demogr\u00e1fico, Igualdad y Turismo del Principado de Asturias, por la que se aprueba convocatoria p\u00fablica en r\u00e9gimen de concurrencia competitiva, del premio \u00bfAmparo Pedregal\u00bf para 2025.<span class=\"sr-only\">(se abre en una pesta\u00f1a nueva)<\/span><\/a><\/li>\n<\/ul>\n<p class=\"d-flex justify-content-end\">\n<\/div>\n<\/div>\n<\/div>\n<\/div>\n<\/div>\n<\/div>\n<\/div>\n<\/div>\n","protected":false},"excerpt":{"rendered":"<p>Normalizacion Llinguistica L&#8216;Institutu Asturianu de la Muyertien convoc\u00e1u&#8217;l Premiu Amparo Pedregal, que busca reconocer, en dos llinies de concursu, poemarios escritos por muyeres y trabayos d&#8217;investigaci\u00f3n con perspectiva de x\u00e9neru. Cada llinia tien un premiu de 2.500 euros y pueden presentase trabayos n&#8217;asturianu y en castellanu. El plazu de solicit\u00fa remata&#8217;l 5 de setiembre del [&hellip;]<\/p>\n","protected":false},"author":117,"featured_media":0,"comment_status":"closed","ping_status":"open","sticky":false,"template":"","format":"standard","meta":{"footnotes":""},"categories":[121,58],"tags":[],"class_list":["post-56489","post","type-post","status-publish","format-standard","hentry","category-muyeres","category-premios"],"_links":{"self":[{"href":"https:\/\/edublog.educastur.es\/ixuxu\/wp-json\/wp\/v2\/posts\/56489","targetHints":{"allow":["GET"]}}],"collection":[{"href":"https:\/\/edublog.educastur.es\/ixuxu\/wp-json\/wp\/v2\/posts"}],"about":[{"href":"https:\/\/edublog.educastur.es\/ixuxu\/wp-json\/wp\/v2\/types\/post"}],"author":[{"embeddable":true,"href":"https:\/\/edublog.educastur.es\/ixuxu\/wp-json\/wp\/v2\/users\/117"}],"replies":[{"embeddable":true,"href":"https:\/\/edublog.educastur.es\/ixuxu\/wp-json\/wp\/v2\/comments?post=56489"}],"version-history":[{"count":2,"href":"https:\/\/edublog.educastur.es\/ixuxu\/wp-json\/wp\/v2\/posts\/56489\/revisions"}],"predecessor-version":[{"id":56491,"href":"https:\/\/edublog.educastur.es\/ixuxu\/wp-json\/wp\/v2\/posts\/56489\/revisions\/56491"}],"wp:attachment":[{"href":"https:\/\/edublog.educastur.es\/ixuxu\/wp-json\/wp\/v2\/media?parent=56489"}],"wp:term":[{"taxonomy":"category","embeddable":true,"href":"https:\/\/edublog.educastur.es\/ixuxu\/wp-json\/wp\/v2\/categories?post=56489"},{"taxonomy":"post_tag","embeddable":true,"href":"https:\/\/edublog.educastur.es\/ixuxu\/wp-json\/wp\/v2\/tags?post=56489"}],"curies":[{"name":"wp","href":"https:\/\/api.w.org\/{rel}","templated":true}]}}