{"id":56496,"date":"2025-08-27T09:05:11","date_gmt":"2025-08-27T07:05:11","guid":{"rendered":"https:\/\/edublog.educastur.es\/ixuxu\/?p=56496"},"modified":"2025-08-29T20:20:52","modified_gmt":"2025-08-29T18:20:52","slug":"dia-mundial-de-los-llagos-per-primer-vegada-na-hestoria","status":"publish","type":"post","link":"https:\/\/edublog.educastur.es\/ixuxu\/2025\/08\/dia-mundial-de-los-llagos-per-primer-vegada-na-hestoria\/","title":{"rendered":"D\u00eda Mundial de los Llagos, per primer vegada na hestoria."},"content":{"rendered":"<p><a href=\"https:\/\/www.lavozdeasturias.es\/noticia\/viral\/2025\/08\/27\/embajador-japon-espana-celebra-dia-mundial-lagos-protagonismo-asturiano\/00031756308942173677995.htm\">La Voz<\/a> \/ Semeya: El llagu Ercina, en Picos d&#8217;Europa<\/p>\n<p>&nbsp;<\/p>\n<p style=\"text-align: center\"><a href=\"https:\/\/img.lavdg.com\/sc\/5V1iP9fzBLyuGcrost9NwIlBFBM=\/768x\/2017\/03\/18\/00121489853262515202134\/Foto\/ercina2h.jpg\"><img loading=\"lazy\" decoding=\"async\" class=\"aligncenter size-large\" src=\"https:\/\/img.lavdg.com\/sc\/5V1iP9fzBLyuGcrost9NwIlBFBM=\/768x\/2017\/03\/18\/00121489853262515202134\/Foto\/ercina2h.jpg\" width=\"768\" height=\"431\" \/><\/a><\/p>\n<p>L&#8217;embaxador de Xap\u00f3n n&#8217;Espa\u00f1a celebra&#8217;l <strong>D\u00eda Mundial de los Llagos<\/strong> con protagonismu asturianu. Nakamae public\u00f3 una semeya de la so visita al Llagu de la Ercina d&#8217;esti branu para conmemorar esta xornada.<\/p>\n<p><!--more--><br \/>\n<span style=\"color: #008080\"><em>\u00abLos niveles d&#8217;agua de los llagos tami\u00e9n t\u00e1n camudando dr\u00e1sticamente. L&#8217;aumentu de les temperatures y los cambeos na capa de nubes provoquen unu amenorgamientu de la cubierta de xelu, lo qu&#8217;aumenta la tasa de evaporaci\u00f3n de l&#8217;agua. Precisamos actuar agora. Esti primer D\u00eda Mundial de los Llagos, s\u00edamos conscientes del problema al que s&#8217;enfrenten los llagos. Protej\u00e1moslos g\u00fcei por una vida sostenible na ma\u00f1ana\u00bb.<\/em><\/span> Asina cierra Naciones Xun\u00edes el so comunic\u00e1u anunciando&#8217;l D\u00eda Mundial de los Llagos, que se celebra esti <strong>27 d&#8217;agostu de 2025 per primer vegada na hestoria.<\/strong><\/p>\n<p style=\"text-align: center\"><a href=\"https:\/\/pbs.twimg.com\/media\/GzWOoI3XMAAYkij?format=jpg&amp;name=large\"><img loading=\"lazy\" decoding=\"async\" class=\"aligncenter \" src=\"https:\/\/pbs.twimg.com\/media\/GzWOoI3XMAAYkij?format=jpg&amp;name=large\" width=\"423\" height=\"564\" \/><\/a><\/p>\n<p>Por cuenta de esta celebraci\u00f3n, Takahiro Nakamae, embaxador de Xap\u00f3n n&#8217;Espa\u00f1a, public\u00f3 nes sos redes sociales un selfie que se fixo nel Llagu de la Ercina mientres la so visita esti branu al Princip\u00e1u d&#8217;Asturies. Nel so post, el diplom\u00e1ticu asi\u00e1ticu tach\u00f3 de \u00abformosu\u00bb esti emblem\u00e1ticu enclave asturianu y asegur\u00f3 tener \u00absuerte\u00bb de poder visitalo.<\/p>\n<p style=\"text-align: center\"><a href=\"https:\/\/pbs.twimg.com\/media\/GzWOoJBXAAE8hVY?format=jpg&amp;name=large\"><img loading=\"lazy\" decoding=\"async\" class=\"aligncenter size-large\" src=\"https:\/\/pbs.twimg.com\/media\/GzWOoJBXAAE8hVY?format=jpg&amp;name=large\" width=\"1920\" height=\"824\" \/><\/a><\/p>\n<p>Esti d\u00eda celebrar por primer vegada na hestoria col enfotu de concenciar a la poblaci\u00f3n mundial de la importancia de <em><span style=\"color: #008080\"><strong>los llagos que, tal que afirma Naciones Xun\u00edes, son \u00abunu de los recursos naturales m\u00e1s vitales del nuesu planeta. Act\u00faen como fonte crucial d&#8217;agua duce, sofitando asina&#8217;l suministru d&#8217;agua potable, l&#8217;agricultura y l&#8217;industria. Am\u00e1s, desempe\u00f1en un papel clave nel caltenimientu de la biodiversid\u00e1, ufiertando un h\u00e1bitat para innumberables especies de pexes, plantes y vida montesa\u00bb.<\/strong><\/span><\/em><\/p>\n","protected":false},"excerpt":{"rendered":"<p>La Voz \/ Semeya: El llagu Ercina, en Picos d&#8217;Europa &nbsp; L&#8217;embaxador de Xap\u00f3n n&#8217;Espa\u00f1a celebra&#8217;l D\u00eda Mundial de los Llagos con protagonismu asturianu. Nakamae public\u00f3 una semeya de la so visita al Llagu de la Ercina d&#8217;esti branu para conmemorar esta xornada.<\/p>\n","protected":false},"author":117,"featured_media":0,"comment_status":"closed","ping_status":"open","sticky":false,"template":"","format":"standard","meta":{"footnotes":""},"categories":[6],"tags":[],"class_list":["post-56496","post","type-post","status-publish","format-standard","hentry","category-dia-de"],"_links":{"self":[{"href":"https:\/\/edublog.educastur.es\/ixuxu\/wp-json\/wp\/v2\/posts\/56496","targetHints":{"allow":["GET"]}}],"collection":[{"href":"https:\/\/edublog.educastur.es\/ixuxu\/wp-json\/wp\/v2\/posts"}],"about":[{"href":"https:\/\/edublog.educastur.es\/ixuxu\/wp-json\/wp\/v2\/types\/post"}],"author":[{"embeddable":true,"href":"https:\/\/edublog.educastur.es\/ixuxu\/wp-json\/wp\/v2\/users\/117"}],"replies":[{"embeddable":true,"href":"https:\/\/edublog.educastur.es\/ixuxu\/wp-json\/wp\/v2\/comments?post=56496"}],"version-history":[{"count":1,"href":"https:\/\/edublog.educastur.es\/ixuxu\/wp-json\/wp\/v2\/posts\/56496\/revisions"}],"predecessor-version":[{"id":56497,"href":"https:\/\/edublog.educastur.es\/ixuxu\/wp-json\/wp\/v2\/posts\/56496\/revisions\/56497"}],"wp:attachment":[{"href":"https:\/\/edublog.educastur.es\/ixuxu\/wp-json\/wp\/v2\/media?parent=56496"}],"wp:term":[{"taxonomy":"category","embeddable":true,"href":"https:\/\/edublog.educastur.es\/ixuxu\/wp-json\/wp\/v2\/categories?post=56496"},{"taxonomy":"post_tag","embeddable":true,"href":"https:\/\/edublog.educastur.es\/ixuxu\/wp-json\/wp\/v2\/tags?post=56496"}],"curies":[{"name":"wp","href":"https:\/\/api.w.org\/{rel}","templated":true}]}}