{"id":56517,"date":"2025-08-30T08:30:23","date_gmt":"2025-08-30T06:30:23","guid":{"rendered":"https:\/\/edublog.educastur.es\/ixuxu\/?p=56517"},"modified":"2025-08-29T23:02:20","modified_gmt":"2025-08-29T21:02:20","slug":"el-tiempu-el-comercio-124","status":"publish","type":"post","link":"https:\/\/edublog.educastur.es\/ixuxu\/2025\/08\/el-tiempu-el-comercio-124\/","title":{"rendered":"El tiempu (El Comercio)"},"content":{"rendered":"<p style=\"text-align: center\"><a href=\"https:\/\/s2.ppllstatics.com\/elcomercio\/www\/multimedia\/2025\/08\/29\/prevision-tiempo-asturias-kpH-U2302588077118HVD-1200x840@El%20Comercio.jpg\"><img loading=\"lazy\" decoding=\"async\" class=\"aligncenter size-large\" src=\"https:\/\/s2.ppllstatics.com\/elcomercio\/www\/multimedia\/2025\/08\/29\/prevision-tiempo-asturias-kpH-U2302588077118HVD-1200x840@El%20Comercio.jpg\" width=\"1196\" height=\"838\" \/><\/a><\/p>\n<p>Esperamos una xornada soleyera mientres gran parte del d\u00eda. <strong>Los cielos<\/strong> van tar pocu nublos y les temperatures van xubir de forma xeneralizada. Nel casu de <strong>les m\u00e1ximes<\/strong>, l&#8217;ascensu va ser d&#8217;hasta 3 o 4 \u00baC nel suroccidente y sur de la rex\u00f3n, hasta 2 o 3 \u00baC nel restu del interior y de forma llixera na mari\u00f1a, salvu nel estremu m\u00e1s oriental onde se van caltener ensin cambeos respecto al vienres.<strong> Les m\u00ednimes<\/strong> apenes van variar. S\u00eda que non, podr\u00eda producise dalg\u00fan descensu bien llixeru de forma local nel centru del Princip\u00e1u, y una llixera xubida nel sector m\u00e1s suroccidental d&#8217;Asturies. <strong>Los vientos<\/strong> van ser fluexos predominando d&#8217;oeste con dalguna racha moderada escontra l&#8217;oeste.<\/p>\n<p><!--more--><\/p>\n<p><strong>Mientres la madrugada del domingu<\/strong>, la nubosidad va dir aumentando y van acabar entrando precipitaciones d\u00e9biles que van percorrer la rex\u00f3n y, bien probablemente, vamos amanecer el domingu con elles siquier nel centru y oriente asturianu.<\/p>\n<p><strong>A lo llargo de la ma\u00f1ana del domingu<\/strong> van unviar estes precipitaciones y van abrise grandes claros.<\/p>\n<p><strong>Pero mientres la tarde<\/strong>\u00a0va haber probabilid\u00e1 de bastios d&#8217;orixe tormentosu part\u00edos irregularmente pero con mayor frecuencia nel interior.<\/p>\n","protected":false},"excerpt":{"rendered":"<p>Esperamos una xornada soleyera mientres gran parte del d\u00eda. Los cielos van tar pocu nublos y les temperatures van xubir de forma xeneralizada. Nel casu de les m\u00e1ximes, l&#8217;ascensu va ser d&#8217;hasta 3 o 4 \u00baC nel suroccidente y sur de la rex\u00f3n, hasta 2 o 3 \u00baC nel restu del interior y de forma [&hellip;]<\/p>\n","protected":false},"author":117,"featured_media":0,"comment_status":"closed","ping_status":"open","sticky":false,"template":"","format":"standard","meta":{"footnotes":""},"categories":[5],"tags":[],"class_list":["post-56517","post","type-post","status-publish","format-standard","hentry","category-tiempu"],"_links":{"self":[{"href":"https:\/\/edublog.educastur.es\/ixuxu\/wp-json\/wp\/v2\/posts\/56517","targetHints":{"allow":["GET"]}}],"collection":[{"href":"https:\/\/edublog.educastur.es\/ixuxu\/wp-json\/wp\/v2\/posts"}],"about":[{"href":"https:\/\/edublog.educastur.es\/ixuxu\/wp-json\/wp\/v2\/types\/post"}],"author":[{"embeddable":true,"href":"https:\/\/edublog.educastur.es\/ixuxu\/wp-json\/wp\/v2\/users\/117"}],"replies":[{"embeddable":true,"href":"https:\/\/edublog.educastur.es\/ixuxu\/wp-json\/wp\/v2\/comments?post=56517"}],"version-history":[{"count":1,"href":"https:\/\/edublog.educastur.es\/ixuxu\/wp-json\/wp\/v2\/posts\/56517\/revisions"}],"predecessor-version":[{"id":56518,"href":"https:\/\/edublog.educastur.es\/ixuxu\/wp-json\/wp\/v2\/posts\/56517\/revisions\/56518"}],"wp:attachment":[{"href":"https:\/\/edublog.educastur.es\/ixuxu\/wp-json\/wp\/v2\/media?parent=56517"}],"wp:term":[{"taxonomy":"category","embeddable":true,"href":"https:\/\/edublog.educastur.es\/ixuxu\/wp-json\/wp\/v2\/categories?post=56517"},{"taxonomy":"post_tag","embeddable":true,"href":"https:\/\/edublog.educastur.es\/ixuxu\/wp-json\/wp\/v2\/tags?post=56517"}],"curies":[{"name":"wp","href":"https:\/\/api.w.org\/{rel}","templated":true}]}}