{"id":56519,"date":"2025-08-29T20:55:26","date_gmt":"2025-08-29T18:55:26","guid":{"rendered":"https:\/\/edublog.educastur.es\/ixuxu\/?p=56519"},"modified":"2025-08-31T21:19:43","modified_gmt":"2025-08-31T19:19:43","slug":"asina-supero-xixon-el-so-propiu-record-descanciau-de-sidra","status":"publish","type":"post","link":"https:\/\/edublog.educastur.es\/ixuxu\/2025\/08\/asina-supero-xixon-el-so-propiu-record-descanciau-de-sidra\/","title":{"rendered":"Asina super\u00f3 Xix\u00f3n el so propiu r\u00e9cord d&#8217;escanci\u00e1u de sidra"},"content":{"rendered":"<p>Y a la tercera foi la vencida: asina super\u00f3 Xix\u00f3n el so propiu r\u00e9cord d&#8217;escanci\u00e1u de sidra. La sablera de Poniente, contra vientu y marea, axunta a 9.833 escanciadores. Un aceler\u00edu final en forma de cola que lleg\u00f3 a \u00abLes Letrones\u00bb dex\u00f3 superar la cifra del 2022, magar que mientres tola tarde sopl\u00f3 un fuerte vientu y cay\u00f3 daqu\u00e9 d&#8217;agua: \u00abYe importante para n\u00f3s\u00bb.<a href=\"https:\/\/www.lne.es\/gijon\/2025\/08\/30\/tercera-vencida-gijon-supera-record-121064950.html\"> LNE<\/a> \/ El Comercio \/<a href=\"https:\/\/www.rtpa.es\/noticias-sociedad\/2025-08-29\/Gijon-logra-un-nuevo-record-mundial-de-escanciado-simultaneo-de-sidra:-9.833-participantes_111756490938.html?fbclid=IwY2xjawMfw61leHRuA2FlbQIxMQABHn2hH7kMsmUuT15vY9yCFA_e9gofMXPw9R6Tv1tC4O5xVO6jFOQHdJRLl0Eu_aem_wX-NRaWpIGrYQxSbVdi6ow\"> RTPA<\/a><\/p>\n<p style=\"text-align: center\">\n<!-- iframe plugin v.6.0 wordpress.org\/plugins\/iframe\/ -->\n<iframe loading=\"lazy\" width=\"100%\" height=\"487\" src=\"https:\/\/www.youtube.com\/embed\/RYFP_SXE388\" title=\"El momento en que Gij\u00f3n bate el r\u00e9cord mundial de sidra, en v\u00eddeo\" frameborder=\"0\" allow=\"accelerometer; autoplay; clipboard-write; encrypted-media; gyroscope; picture-in-picture; web-share\" referrerpolicy=\"strict-origin-when-cross-origin\" 0=\"allowfullscreen\" 1=\"\/iframe\" scrolling=\"yes\" class=\"iframe-class\"><\/iframe>\n<\/p>\n<p><!--more--><\/p>\n<p style=\"text-align: center\">\n<!-- iframe plugin v.6.0 wordpress.org\/plugins\/iframe\/ -->\n<iframe loading=\"lazy\" src=\"https:\/\/www.facebook.com\/plugins\/video.php?height=476&#038;href=https%3A%2F%2Fwww.facebook.com%2Freel%2F640706859090580%2F&#038;show_text=false&#038;width=267&#038;t=0\" width=\"267\" height=\"476\" style=\"border:none;overflow:hidden\" scrolling=\"no\" frameborder=\"0\" allowfullscreen=\"true\" allow=\"autoplay; clipboard-write; encrypted-media; picture-in-picture; web-share\" 0=\"\/iframe\" class=\"iframe-class\"><\/iframe>\n<\/p>\n<p><strong>El r\u00e9cord y\u00e1 ye oficial: 9.833 persones participaron na 34\u00aa edici\u00f3n de la sablera de Poniente<\/strong>, superando les 8.903 del a\u00f1u pas\u00e1u y les 9.796 de va tr\u00e9s a\u00f1os, rompiendo la marca que paec\u00eda intocable.<\/p>\n<p>&nbsp;<\/p>\n<p>La ciud\u00e1 llogr\u00f3 lo que munchos consideraben imposible. La imaxe final va quedar grabada na memoria: cientos d&#8217;asistentes entrando a \u00faltima hora, una cola qu&#8217;algamaba Les Letrones y una ovaci\u00f3n colectiva al sabese que&#8217;l r\u00e9cord y\u00e1 yera hestoria. \u00abConsigu\u00edmoslo\u00bb, brind\u00f3 l&#8217;afici\u00f3n.<\/p>\n<p style=\"text-align: center\"><a href=\"https:\/\/www.rtpa.es\/fotos\/\/25\/08\/20250829214352_RTPA7045144.webp\"><img loading=\"lazy\" decoding=\"async\" class=\"aligncenter size-large\" src=\"https:\/\/www.rtpa.es\/fotos\/\/25\/08\/20250829214352_RTPA7045144.webp\" width=\"853\" height=\"480\" \/><\/a><\/p>\n<p>La organizaci\u00f3n reparti\u00f3 m\u00e1s de 8.000 botelles de sidra de la nueva collecha con denominaci\u00f3n d&#8217;orixe amparaes pol Conseyu Regulador y otros tantos vasos que s&#8217;apurrieron a ca\u00fana de les persones qu&#8217;entraba a la cortil peles tr\u00e9s v\u00edes d&#8217;accesu habilitaes y que yeren cuntaes por personal dot\u00e1u d&#8217;aparatos cunta gan\u00e1u.<\/p>\n<p>Pasaes les 21:15 hores,<strong> una notaria certific\u00f3 que la suma de participantes llegara a 9.833 y que por tantu se rexistr\u00f3 un nuevu r\u00e9cord, n&#8217;una ceremonia festiva venceyada a la sidra que forma parte de les tradicionales fiestes del branu na ciud\u00e1.<\/strong><\/p>\n<p>La Fiesta de la Sidra Natural de Xix\u00f3n celebr\u00f3 esti branu&#8217;l so 34\u00aa edici\u00f3n y foi declarada d&#8217;Inter\u00e9s Tur\u00edsticu Rexonal.<\/p>\n<p>El Conseyu Regulador de la Denominaci\u00f3n d&#8217;Orixe Protexida apost\u00f3 pol festival al considerar que contrib\u00fai a \u201caverar la sidra calidable, qu&#8217;inda tien una imaxe de selecta y *eclusiva\u201d a la xente y al sector de la hosteler\u00eda.<\/p>\n","protected":false},"excerpt":{"rendered":"<p>Y a la tercera foi la vencida: asina super\u00f3 Xix\u00f3n el so propiu r\u00e9cord d&#8217;escanci\u00e1u de sidra. La sablera de Poniente, contra vientu y marea, axunta a 9.833 escanciadores. Un aceler\u00edu final en forma de cola que lleg\u00f3 a \u00abLes Letrones\u00bb dex\u00f3 superar la cifra del 2022, magar que mientres tola tarde sopl\u00f3 un fuerte [&hellip;]<\/p>\n","protected":false},"author":117,"featured_media":0,"comment_status":"closed","ping_status":"open","sticky":false,"template":"","format":"standard","meta":{"footnotes":""},"categories":[228,156],"tags":[],"class_list":["post-56519","post","type-post","status-publish","format-standard","hentry","category-records-guinness","category-sidre"],"_links":{"self":[{"href":"https:\/\/edublog.educastur.es\/ixuxu\/wp-json\/wp\/v2\/posts\/56519","targetHints":{"allow":["GET"]}}],"collection":[{"href":"https:\/\/edublog.educastur.es\/ixuxu\/wp-json\/wp\/v2\/posts"}],"about":[{"href":"https:\/\/edublog.educastur.es\/ixuxu\/wp-json\/wp\/v2\/types\/post"}],"author":[{"embeddable":true,"href":"https:\/\/edublog.educastur.es\/ixuxu\/wp-json\/wp\/v2\/users\/117"}],"replies":[{"embeddable":true,"href":"https:\/\/edublog.educastur.es\/ixuxu\/wp-json\/wp\/v2\/comments?post=56519"}],"version-history":[{"count":2,"href":"https:\/\/edublog.educastur.es\/ixuxu\/wp-json\/wp\/v2\/posts\/56519\/revisions"}],"predecessor-version":[{"id":56717,"href":"https:\/\/edublog.educastur.es\/ixuxu\/wp-json\/wp\/v2\/posts\/56519\/revisions\/56717"}],"wp:attachment":[{"href":"https:\/\/edublog.educastur.es\/ixuxu\/wp-json\/wp\/v2\/media?parent=56519"}],"wp:term":[{"taxonomy":"category","embeddable":true,"href":"https:\/\/edublog.educastur.es\/ixuxu\/wp-json\/wp\/v2\/categories?post=56519"},{"taxonomy":"post_tag","embeddable":true,"href":"https:\/\/edublog.educastur.es\/ixuxu\/wp-json\/wp\/v2\/tags?post=56519"}],"curies":[{"name":"wp","href":"https:\/\/api.w.org\/{rel}","templated":true}]}}