{"id":56528,"date":"2025-08-30T10:02:16","date_gmt":"2025-08-30T08:02:16","guid":{"rendered":"https:\/\/edublog.educastur.es\/ixuxu\/?p=56528"},"modified":"2025-08-30T14:37:57","modified_gmt":"2025-08-30T12:37:57","slug":"inauguracion-del-link-fest-circuito-de-experiencias-culturales-insolitas-nuvieu","status":"publish","type":"post","link":"https:\/\/edublog.educastur.es\/ixuxu\/2025\/08\/inauguracion-del-link-fest-circuito-de-experiencias-culturales-insolitas-nuvieu\/","title":{"rendered":"Inauguraci\u00f3n del \u2018LINK FEST Circuito de Experiencias Culturales Ins\u00f3litas, n&#8217;Uvi\u00e9u"},"content":{"rendered":"<p style=\"text-align: center\"><span class=\"x193iq5w xeuugli x13faqbe x1vvkbs xt0psk2 x1i0vuye xvs91rp xo1l8bm x5n08af x10wh9bi xpm28yp x8viiok x1o7cslx x126k92a\"><span class=\"html-span xexx8yu x4uap5 x18d9i69 xkhd6sd x1hl2dhg x16tdsg8 x1vvkbs x3nfvp2 x1j61x8r x1fcty0u xdj266r xat24cr xgzva0m xhhsvwb xxymvpz xlup9mm x1kky2od\">\n<!-- iframe plugin v.6.0 wordpress.org\/plugins\/iframe\/ -->\n<iframe loading=\"lazy\" src=\"https:\/\/www.instagram.com\/reel\/DN8yFZ5iK-K\/embed\" width=\"640\" height=\"600\" 0=\"\/iframe\" scrolling=\"yes\" class=\"iframe-class\" frameborder=\"0\"><\/iframe>\n<\/span><\/span><\/p>\n<p>\ud83e\ude90 La conseyera de Cultura, Pol\u00edtica Lling\u00fc\u00edstica y Deporte, Vanessa Guti\u00e9rrez, particip\u00f3 g\u00fcei n\u2019Uvi\u00e9u na inauguraci\u00f3n del \ud83d\udcfa\ud83d\udd26<\/p>\n<ul>\n<li><a href=\"https:\/\/www.oviedo.es\/-\/la-fabrica-de-armas-alberga-este-fin-de-semana-la-vi-edicion-de-link-un-circuito-de-experiencias-culturales-insolitas-y-gratuitas\">Web Ayto.<\/a> \/\u00a0 <a href=\"https:\/\/mioviedo.com\/oviedo-viaja-al-futuro-con-link-2025-experiencias-inmersivas-y-arte-digital-hasta-el-domingo\">MiOviedo\u00a0 \u00a0<\/a>\/<\/li>\n<li>\n<div id=\"p_p_id_56_INSTANCE_oYK370wk4hWK_\" class=\"portlet-boundary portlet-boundary_56_ portlet-static portlet-static-end portlet-borderless portlet-journal-content \">\n<div id=\"yui_patched_v3_11_0_1_1756555814617_1159\" class=\"portlet-borderless-container\">\n<div id=\"yui_patched_v3_11_0_1_1756555814617_1158\" class=\"portlet-body \">\n<div id=\"yui_patched_v3_11_0_1_1756555814617_1157\" class=\"journal-content-article\">\n<div id=\"yui_patched_v3_11_0_1_1756555814617_1156\" class=\"banner-background template\"><a id=\"yui_patched_v3_11_0_1_1756555814617_1155\" class=\"banner style1\" title=\"Ir a PROGRAMA LINK FESTIVAL 2025\" href=\"http:\/\/www.oviedo.es\/link\/programa\"><span class=\"title\">PROGRAMA LINK FESTIVAL 2025<\/span>\u00a0<\/a><\/div>\n<\/div>\n<\/div>\n<\/div>\n<\/div>\n<\/li>\n<\/ul>\n<p>Uvi\u00e9u viaxa al futuru con LINK 2025: <strong>esperiencies inmersives y arte dixital hasta&#8217;l domingu.<\/strong> Instalaciones audiovisuales y esperiencies de realid\u00e1 estendida enllenen l&#8217;antigua F\u00e1brica d&#8217;Armes de La Vega.\u00a0El LINK va allargase tou la fin de selmana, hasta esti domingu.<\/p>\n<p><!--more--><br \/>\nUvi\u00e9u vive dende esti vienres la sesta edici\u00f3n del Circuitu d&#8217;Esperiencies Culturales Ins\u00f3lites (LINK), un festival centr\u00e1u n&#8217;instalaciones audiovisuales y esperiencies de realid\u00e1 estendida, un eventu que tien llugar na Aantigua F\u00e1brica d&#8217;Armes de La Vega, con accesu pol port\u00f3n a la fin de la cai Marcelino Fern\u00e1ndez. Tolos conten\u00edos del LINK Festival son gratuitos, con aforu llind\u00e1u y accesu per orde de llegada, sacantes les esperiencies de realid\u00e1 estendida, que riquen inscripci\u00f3n previa na cortil el mesmu d\u00eda de la sesi\u00f3n. Los horarios del festival pa esta fin de selmana son: s\u00e1badu 30 y domingu 31 d&#8217;agostu, de 11:00 a 14:00 y de 16:30 a 22:30 hores.<\/p>\n<p>Ente les instalaciones audiovisuales destaquen Hint, del colectivu italianu SPIME.IM y l&#8217;artista Akasha, y LifeForm, del artista canadiense Herman Kolgen. Estes obres, esib\u00edes en festivales internacionales como Ars Electronica, Mutek o la Bienal de Venecia, esquicen la relaci\u00f3n ente&#8217;l ser humanu, la tecnolox\u00eda y la percepci\u00f3n del mundu.<\/p>\n<p>&nbsp;<\/p>\n<p><em>Ye un est\u00edmulu que nos convida non solo a esperimentar y a ver c\u00f3mo dialoguen distintos enclinos, distintos artes, sin\u00f3n tami\u00e9n a cavilgar sobro temes acucioses qu&#8217;esmolecen a la socied\u00e1. Ye un arguyu que la cultura act\u00fae un motor, am\u00e1s, de consensu, de di\u00e1logu, de pensamientu, tami\u00e9n de producci\u00f3n, un motor econ\u00f3micu tami\u00e9n, por qu\u00e9 non y m\u00e1s nun enclave tan singular y maraviyosu como y\u00e1 esta F\u00e1brica onde convive&#8217;l patrimoniu hist\u00f3ricu col patrimoniu industrial y agora vamos poder ver les nueves tecnolox\u00edes tami\u00e9n , una propuesta accesible a tolos p\u00fablicos, gratuita, pa toles persones de toles edaes, que se van a sentir de xuru apellaes por estes propuestes \u201c.<\/em><\/p>\n<p>Jos\u00e9 Castellanu, el Director de LINK, especific\u00f3:<strong> \u201cEsta ye la sesta edici\u00f3n de Link, un festival que llamamos un circuitu d&#8217;esperiencies culturales ins\u00f3lites porque lo que queremos ye averar a la xente un tipu d&#8217;esperiencies culturales y d&#8217;actividaes que de normal non se ven nel d\u00eda ente d\u00eda<\/strong>. N&#8217;Asturies y n&#8217;Espa\u00f1a hai bien pocos festivales que trabayen nestos llinguaxes. Tenemos dos naves.<\/p>\n<p>N&#8217;una d&#8217;elles tenemos cuatro instalaciones, cuatro pieces de realidaes estend\u00edes que se ven con gafes de realid\u00e1 virtual y depu\u00e9s tenemos dos instalaciones audiovisuales de gran formatu. Tamos trabayando con artistes, sobremanera europeos, tami\u00e9n norteamericanos y allini\u00e1ndonos colo que ye la candidatura d&#8217;Uvi\u00e9u a la Capital europea de la cultura de 2031. Ye verd\u00e1 qu&#8217;esto y\u00e1 llev\u00e1bamos trabayando nesta ll\u00ednea dende les primeres ediciones pero agora intentamos reforzar esa parte d&#8217;esta candidatura a la capitalid\u00e1\u201d. Castell\u00e1n esclari\u00f3 que \u201ctou esto va camudando enforma d&#8217;un a\u00f1u pa otru y angua\u00f1o les esperiencies son m\u00e1s llargues. Tamos pasando y\u00e1 d&#8217;un formatu casi videoxuegu, a un formatu m\u00e1s documental, casi son pel\u00edcules en realid\u00e1\u201d.<\/p>\n<p style=\"text-align: center\"><a href=\"https:\/\/mioviedo.com\/wp-content\/uploads\/sites\/2\/2025\/08\/HINT_STILL.00_01_34_06.Immagine042.jpg\"><img loading=\"lazy\" decoding=\"async\" class=\"aligncenter size-large\" src=\"https:\/\/mioviedo.com\/wp-content\/uploads\/sites\/2\/2025\/08\/HINT_STILL.00_01_34_06.Immagine042.jpg\" width=\"952\" height=\"536\" \/><\/a><\/p>\n<p>La organizaci\u00f3n aument\u00f3&#8217;l n\u00famberu de dispositivos pa facilitar l&#8217;accesu del p\u00fablicu y encamienta retirar los tickets al entamu de cada sesi\u00f3n. La ed\u00e1 m\u00ednima pa participar nes esperiencies de realid\u00e1 estendida varia ente 12 y 18 a\u00f1os seg\u00fan la propuesta. LINK 2025 forma parte de la programaci\u00f3n de branu de la Fundaci\u00f3n Municipal de Cultura d&#8217;Uvi\u00e9u y <strong>refuerza la ufierta art\u00edstica venceyada a la candidatura de la ciud\u00e1 a Capital Europea de la Cultura 2031.<\/strong> El festival cunta cola collaboraci\u00f3n de Caxa Rural d&#8217;Asturies al travi\u00e9s del so Fondu d&#8217;Educaci\u00f3n y Promoci\u00f3n.<\/p>\n<p style=\"text-align: center\"><a href=\"https:\/\/mioviedo.com\/wp-content\/uploads\/sites\/2\/2025\/08\/Imagen-de-WhatsApp-2025-08-14-a-las-12.55.33_ee054a82.jpg\"><img loading=\"lazy\" decoding=\"async\" class=\"aligncenter size-large\" src=\"https:\/\/mioviedo.com\/wp-content\/uploads\/sites\/2\/2025\/08\/Imagen-de-WhatsApp-2025-08-14-a-las-12.55.33_ee054a82.jpg\" width=\"2048\" height=\"1532\" \/><\/a><\/p>\n<p style=\"text-align: center\">\n<!-- iframe plugin v.6.0 wordpress.org\/plugins\/iframe\/ -->\n<iframe loading=\"lazy\" src=\"https:\/\/www.facebook.com\/plugins\/post.php?href=https%3A%2F%2Fwww.facebook.com%2Fphoto.php%3Ffbid%3D122189960504297870%26set%3Da.122096741246297870%26type%3D3&#038;show_text=false&#038;width=500\" width=\"500\" height=\"683\" style=\"border:none;overflow:hidden\" scrolling=\"no\" frameborder=\"0\" allowfullscreen=\"true\" allow=\"autoplay; clipboard-write; encrypted-media; picture-in-picture; web-share\" 0=\"\/iframe\" class=\"iframe-class\"><\/iframe>\n<\/p>\n","protected":false},"excerpt":{"rendered":"<p>\ud83e\ude90 La conseyera de Cultura, Pol\u00edtica Lling\u00fc\u00edstica y Deporte, Vanessa Guti\u00e9rrez, particip\u00f3 g\u00fcei n\u2019Uvi\u00e9u na inauguraci\u00f3n del \ud83d\udcfa\ud83d\udd26 Web Ayto. \/\u00a0 MiOviedo\u00a0 \u00a0\/ PROGRAMA LINK FESTIVAL 2025\u00a0 Uvi\u00e9u viaxa al futuru con LINK 2025: esperiencies inmersives y arte dixital hasta&#8217;l domingu. Instalaciones audiovisuales y esperiencies de realid\u00e1 estendida enllenen l&#8217;antigua F\u00e1brica d&#8217;Armes de La Vega.\u00a0El [&hellip;]<\/p>\n","protected":false},"author":117,"featured_media":0,"comment_status":"closed","ping_status":"open","sticky":false,"template":"","format":"standard","meta":{"footnotes":""},"categories":[14],"tags":[],"class_list":["post-56528","post","type-post","status-publish","format-standard","hentry","category-esposiciones"],"_links":{"self":[{"href":"https:\/\/edublog.educastur.es\/ixuxu\/wp-json\/wp\/v2\/posts\/56528","targetHints":{"allow":["GET"]}}],"collection":[{"href":"https:\/\/edublog.educastur.es\/ixuxu\/wp-json\/wp\/v2\/posts"}],"about":[{"href":"https:\/\/edublog.educastur.es\/ixuxu\/wp-json\/wp\/v2\/types\/post"}],"author":[{"embeddable":true,"href":"https:\/\/edublog.educastur.es\/ixuxu\/wp-json\/wp\/v2\/users\/117"}],"replies":[{"embeddable":true,"href":"https:\/\/edublog.educastur.es\/ixuxu\/wp-json\/wp\/v2\/comments?post=56528"}],"version-history":[{"count":5,"href":"https:\/\/edublog.educastur.es\/ixuxu\/wp-json\/wp\/v2\/posts\/56528\/revisions"}],"predecessor-version":[{"id":56553,"href":"https:\/\/edublog.educastur.es\/ixuxu\/wp-json\/wp\/v2\/posts\/56528\/revisions\/56553"}],"wp:attachment":[{"href":"https:\/\/edublog.educastur.es\/ixuxu\/wp-json\/wp\/v2\/media?parent=56528"}],"wp:term":[{"taxonomy":"category","embeddable":true,"href":"https:\/\/edublog.educastur.es\/ixuxu\/wp-json\/wp\/v2\/categories?post=56528"},{"taxonomy":"post_tag","embeddable":true,"href":"https:\/\/edublog.educastur.es\/ixuxu\/wp-json\/wp\/v2\/tags?post=56528"}],"curies":[{"name":"wp","href":"https:\/\/api.w.org\/{rel}","templated":true}]}}