{"id":56535,"date":"2025-08-30T14:00:54","date_gmt":"2025-08-30T12:00:54","guid":{"rendered":"https:\/\/edublog.educastur.es\/ixuxu\/?p=56535"},"modified":"2025-08-30T14:17:21","modified_gmt":"2025-08-30T12:17:21","slug":"asturies-a-la-cola-en-ecoeficiencia-del-sector-agricola","status":"publish","type":"post","link":"https:\/\/edublog.educastur.es\/ixuxu\/2025\/08\/asturies-a-la-cola-en-ecoeficiencia-del-sector-agricola\/","title":{"rendered":"Asturies a la cola en ecoeficiencia del sector agr\u00edcola"},"content":{"rendered":"<p>Un estudiu asitia a Asturies a la cola en ecoeficiencia del sector agr\u00edcola. L&#8217;anal\u00eds, de la Universid\u00e1 de Lli\u00f3n, afirma que&#8217;l sector podr\u00eda amenorgar les sos emisiones de gases d&#8217;efectu invernaderu nun promediu del 65%. <a href=\"https:\/\/www.lavozdeasturias.es\/noticia\/asturias\/2025\/08\/29\/estudio-situa-asturias-cola-ecoeficiencia-sector-agricola\/00031756457856920537558.htm\">La Voz<\/a><\/p>\n<p style=\"text-align: center\"><a href=\"https:\/\/cflvdg.avoz.es\/sc\/sF44i5C8XJuqdUyEcK5oHNi8aIU=\/768x\/2025\/07\/11\/00121752221372916596516\/Foto\/2.png\"><img loading=\"lazy\" decoding=\"async\" class=\"aligncenter size-large\" src=\"https:\/\/cflvdg.avoz.es\/sc\/sF44i5C8XJuqdUyEcK5oHNi8aIU=\/768x\/2025\/07\/11\/00121752221372916596516\/Foto\/2.png\" width=\"768\" height=\"432\" \/><\/a><br \/>\nSema nun campu del occidente asturianu.<\/p>\n<p><!--more--><br \/>\nUn estudiu pioneru realiz\u00e1u por investigadores de la Universid\u00e1 de Lli\u00f3n (ULe) qu&#8217;analiz\u00f3 per primer vegada la ecoeficiencia del sector agr\u00edcola espa\u00f1ol dende una perspectiva rexonal y a lo llargo de casi dos d\u00e9cades, <strong>asitia a Asturies a lo cabero del pa\u00eds.<\/strong><\/p>\n<p>Public\u00e1u na revista cient\u00edfica &#8216;Agronomy&#8217;, el trabayu al que tuvo accesu EFE concl\u00fai qu&#8217;<strong>esiste un ampliu marxe de meyora na xesti\u00f3n de recursos y amenorgamientu d&#8217;emisiones de gases d&#8217;efectu invernaderu na agricultura espa\u00f1ola.<\/strong><\/p>\n<p>La investigaci\u00f3n, liderada por Mar\u00eda Pilar Rodr\u00edguez-Fern\u00e1ndez, Cristina Hidalgo-Gonz\u00e1lez y David P\u00e9rez-Neira, aplica&#8217;l modelu SBM-DEA (Slack-Based Measure Data Envelopment Analysis), una ferramienta estad\u00edstico que dexa evaluar simult\u00e1neamente la eficiencia econ\u00f3mico y ambiental de les esplotaciones agr\u00edcoles.<\/p>\n<p>L&#8217;anal\u00eds toma&#8217;l periodu 2004?2022 y b\u00e1sase en datos de la <strong>Rede Contable Agraria Nacional (FADN)<\/strong>, qu&#8217;ufierta informaci\u00f3n detallada sobro 17 comunidaes aut\u00f3nomes.<\/p>\n<p>L&#8217;estudiu envalora que la ecoeficiencia del sector agr\u00edcola espa\u00f1ol asitiase nun 77 %, lo qu&#8217;indica que, de media, <strong>les esplotaciones podr\u00eden ameyorar la so eficiencia nun 23 %<\/strong>. Am\u00e1s, m\u00e1s de la met\u00e1 de les rexones analizaes -el 53 %- presenten valores per debaxo, lo qu&#8217;evidencia un importante potencial de meyora.<\/p>\n<p>Les comunidaes con mayor ecoeficiencia son la Comunidad Valenciana (100 %), Navarra (99 %), Castiella y Lli\u00f3n (98 %), La Rioxa (88 %), Canaries (83 %) y Arag\u00f3n (83 %).<\/p>\n<p>Nel estremu opuestu at\u00f3pense Catalu\u00f1a (0.55) y <strong>Asturies (0.60)<\/strong>, sigu\u00edes per Galicia, Estremadura y Castiella-La Mancha, con valores ente&#8217;l 63 y el 69 per cientu.<\/p>\n<p>Unu de los afayos m\u00e1s relevantes del estudiu ye que, por aciu axustes nel usu d&#8217;insumos y meyores nes pr\u00e1ctiques agr\u00edcoles, el sector podr\u00eda amenorgar les sos emisiones de gases d&#8217;efectu invernaderu nun promediu del 65,6 %.<\/p>\n<p>Les rexones con mayor potencial d&#8217;amenorgamientu son Catalu\u00f1a, Arag\u00f3n, Estremadura y Asturies, ente que Navarra y Andaluc\u00eda presenten menor marxe de meyora.<\/p>\n<p>Los investigadores proponen mid\u00edes como l&#8217;amenorgamientu del usu de capital en rexones sobrecapitalizadas (hasta un 28,9 % n&#8217;Andaluc\u00eda), la optimizaci\u00f3n del consumu entemediu y la mecanizaci\u00f3n en zones con escesu de mano d&#8217;obra. Estes estratexes dexar\u00eden ameyorar la competitivid\u00e1 del sector ensin comprometer la producci\u00f3n.<\/p>\n<p><strong>Implicaciones pa la Pol\u00edtica Agraria Com\u00fan (PAC).\u00a0<\/strong>L&#8217;estudiu sorraya la importancia d&#8217;adoptar enfoques rexonales na formulaci\u00f3n de pol\u00edtiques agraries, especialmente nel marcu de la Pol\u00edtica Agraria Com\u00fan (PAC) de la Uni\u00f3n Europea.<\/p>\n<p>\u00abLa ecoeficiencia nun puede encetase de forma homox\u00e9nea en tol pa\u00eds, una y bones les condiciones clim\u00e1tiques, granibles y estructurales varien significativamente ente rexones\u00bb, seg\u00fan se\u00f1alen.<\/p>\n<p>Am\u00e1s, los autores destaquen que la transici\u00f3n escontra modelos m\u00e1s autosuficientes y circulares, con menor dependencia d&#8217;insumos esternos, ye clave p&#8217;<strong>avanzar escontra una agricultura m\u00e1s sostenible y resiliente frente al camb\u00e9u clim\u00e1ticu.<\/strong><\/p>\n<p>Anque l&#8217;estudiu ufierta xuna visi\u00f3n integral del comportamientu ecoeficiente del sector agr\u00edcola espa\u00f1ol, los autores reconocen delles llimitaciones.<\/p>\n<p>Ente elles, l&#8217;usu de datos d&#8217;explotaci\u00f3n promedio, ensin considerar la diversid\u00e1 de modelos granibles, y l&#8217;esclusi\u00f3n d&#8217;emisiones indirectes derivaes del usu de maquinaria o fertilizantes.<\/p>\n<p>Como ll\u00ednea futura proponen ampliar l&#8217;anal\u00eds a distintes tipolox\u00edes d&#8217;esplotaciones y aplicar modelos de ciclu de vida pa una evaluaci\u00f3n m\u00e1s precisa del impactu ambiental; inform\u00f3 EFE.<\/p>\n","protected":false},"excerpt":{"rendered":"<p>Un estudiu asitia a Asturies a la cola en ecoeficiencia del sector agr\u00edcola. L&#8217;anal\u00eds, de la Universid\u00e1 de Lli\u00f3n, afirma que&#8217;l sector podr\u00eda amenorgar les sos emisiones de gases d&#8217;efectu invernaderu nun promediu del 65%. La Voz Sema nun campu del occidente asturianu.<\/p>\n","protected":false},"author":117,"featured_media":0,"comment_status":"closed","ping_status":"open","sticky":false,"template":"","format":"standard","meta":{"footnotes":""},"categories":[1],"tags":[],"class_list":["post-56535","post","type-post","status-publish","format-standard","hentry","category-sin-categoria"],"_links":{"self":[{"href":"https:\/\/edublog.educastur.es\/ixuxu\/wp-json\/wp\/v2\/posts\/56535","targetHints":{"allow":["GET"]}}],"collection":[{"href":"https:\/\/edublog.educastur.es\/ixuxu\/wp-json\/wp\/v2\/posts"}],"about":[{"href":"https:\/\/edublog.educastur.es\/ixuxu\/wp-json\/wp\/v2\/types\/post"}],"author":[{"embeddable":true,"href":"https:\/\/edublog.educastur.es\/ixuxu\/wp-json\/wp\/v2\/users\/117"}],"replies":[{"embeddable":true,"href":"https:\/\/edublog.educastur.es\/ixuxu\/wp-json\/wp\/v2\/comments?post=56535"}],"version-history":[{"count":1,"href":"https:\/\/edublog.educastur.es\/ixuxu\/wp-json\/wp\/v2\/posts\/56535\/revisions"}],"predecessor-version":[{"id":56536,"href":"https:\/\/edublog.educastur.es\/ixuxu\/wp-json\/wp\/v2\/posts\/56535\/revisions\/56536"}],"wp:attachment":[{"href":"https:\/\/edublog.educastur.es\/ixuxu\/wp-json\/wp\/v2\/media?parent=56535"}],"wp:term":[{"taxonomy":"category","embeddable":true,"href":"https:\/\/edublog.educastur.es\/ixuxu\/wp-json\/wp\/v2\/categories?post=56535"},{"taxonomy":"post_tag","embeddable":true,"href":"https:\/\/edublog.educastur.es\/ixuxu\/wp-json\/wp\/v2\/tags?post=56535"}],"curies":[{"name":"wp","href":"https:\/\/api.w.org\/{rel}","templated":true}]}}