{"id":56588,"date":"2025-08-31T15:05:32","date_gmt":"2025-08-31T13:05:32","guid":{"rendered":"https:\/\/edublog.educastur.es\/ixuxu\/?p=56588"},"modified":"2025-08-31T15:06:37","modified_gmt":"2025-08-31T13:06:37","slug":"los-propietarios-de-montes-privaos-puen-rozar-faer-llena-y-valtar-siempres-que-pidan-permisu","status":"publish","type":"post","link":"https:\/\/edublog.educastur.es\/ixuxu\/2025\/08\/los-propietarios-de-montes-privaos-puen-rozar-faer-llena-y-valtar-siempres-que-pidan-permisu\/","title":{"rendered":"Los propietarios de montes privaos puen rozar, faer lle\u00f1a y valtar, siempres que pidan permisu"},"content":{"rendered":"<ul>\n<li><a href=\"https:\/\/www.rtpa.es\/noticias-asturias-ast\/2025-08-30\/Los-propietarios-de-montes-privaos-puen-rozar,-faer-lle\u00f1a-y-valtar,-siempres-que-pidan-permisu_111756556923.html\">TPA: Los propietarios de montes privaos puen rozar, faer lle\u00f1a y valtar, siempres que pidan permisu.<\/a><\/li>\n<\/ul>\n<p style=\"text-align: center\"><a href=\"https:\/\/www.rtpa.es\/fotos\/\/25\/08\/20250830133812_RTPA7046103.webp\"><img loading=\"lazy\" decoding=\"async\" class=\"aligncenter size-large\" src=\"https:\/\/www.rtpa.es\/fotos\/\/25\/08\/20250830133812_RTPA7046103.webp\" width=\"853\" height=\"480\" \/><\/a><\/p>\n<p class=\"font-size-m padding-b-20 font-weight-b margin-t-16\">Pumares prop\u00f3n un \u00abgran pactu\u00bb pola prevenci\u00f3n de quemes y la llimpieza de montes. Como propietariu d&#8217;un monte la llei autor\u00edzate rozar, valtar y el plant\u00edu d&#8217;especies, siempres que se pida autorizaci\u00f3n.<\/p>\n<p><!--more--><\/p>\n<p>Les \u00faniques restricciones t\u00e1n nes paraxes naturales. Y solo llenda, dafechu, en casu de riesgu estremu de quema. Valtar tami\u00e9n ta autorizao.<\/p>\n<p>El director xeneral de Montes llamenta&#8217;l mantra de dellos sectores al falar de restricciones escesives.<\/p>\n<p>Angua\u00f1o seis de cada diez montes t\u00e1n en manes privaes y la mayor\u00eda abandonaos.<\/p>\n<p><strong>Pumares prop\u00f3n un \u00abgran pactu\u00bb pola prevenci\u00f3n de quemes y la llimpieza de montes<\/strong><\/p>\n<p>El secretariu xeneral de Foro Asturies y diput\u00e1u auton\u00f3micu, Adri\u00e1n Pumares, propunxo esti s\u00e1badu \u00abun gran pactu ente toles fuerces pol\u00edtiques y les persones que viven nel mundu rural\u00bb pa trabayar na prevenci\u00f3n de quemes y la llimpieza de los montes.<\/p>\n<p>Pumares asisti\u00f3 g\u00fcei, acompa\u00f1\u00e1u de la vocera municipal en Casu, Emilia Calvo, al XXXV Certame de Quesu Cas\u00edn, dende onde acus\u00f3 al presidente del Princip\u00e1u, Adri\u00e1n Barb\u00f3n, de \u00abculpar de les quemes al camb\u00e9u clim\u00e1ticu pa evitar falar de lo que s\u00ed ye la so responsabilid\u00e1: seis a\u00f1os con una nefasta pol\u00edtica forestal\u00bb.<\/p>\n","protected":false},"excerpt":{"rendered":"<p>TPA: Los propietarios de montes privaos puen rozar, faer lle\u00f1a y valtar, siempres que pidan permisu. Pumares prop\u00f3n un \u00abgran pactu\u00bb pola prevenci\u00f3n de quemes y la llimpieza de montes. Como propietariu d&#8217;un monte la llei autor\u00edzate rozar, valtar y el plant\u00edu d&#8217;especies, siempres que se pida autorizaci\u00f3n.<\/p>\n","protected":false},"author":117,"featured_media":0,"comment_status":"closed","ping_status":"open","sticky":false,"template":"","format":"standard","meta":{"footnotes":""},"categories":[311],"tags":[],"class_list":["post-56588","post","type-post","status-publish","format-standard","hentry","category-montes"],"_links":{"self":[{"href":"https:\/\/edublog.educastur.es\/ixuxu\/wp-json\/wp\/v2\/posts\/56588","targetHints":{"allow":["GET"]}}],"collection":[{"href":"https:\/\/edublog.educastur.es\/ixuxu\/wp-json\/wp\/v2\/posts"}],"about":[{"href":"https:\/\/edublog.educastur.es\/ixuxu\/wp-json\/wp\/v2\/types\/post"}],"author":[{"embeddable":true,"href":"https:\/\/edublog.educastur.es\/ixuxu\/wp-json\/wp\/v2\/users\/117"}],"replies":[{"embeddable":true,"href":"https:\/\/edublog.educastur.es\/ixuxu\/wp-json\/wp\/v2\/comments?post=56588"}],"version-history":[{"count":3,"href":"https:\/\/edublog.educastur.es\/ixuxu\/wp-json\/wp\/v2\/posts\/56588\/revisions"}],"predecessor-version":[{"id":56591,"href":"https:\/\/edublog.educastur.es\/ixuxu\/wp-json\/wp\/v2\/posts\/56588\/revisions\/56591"}],"wp:attachment":[{"href":"https:\/\/edublog.educastur.es\/ixuxu\/wp-json\/wp\/v2\/media?parent=56588"}],"wp:term":[{"taxonomy":"category","embeddable":true,"href":"https:\/\/edublog.educastur.es\/ixuxu\/wp-json\/wp\/v2\/categories?post=56588"},{"taxonomy":"post_tag","embeddable":true,"href":"https:\/\/edublog.educastur.es\/ixuxu\/wp-json\/wp\/v2\/tags?post=56588"}],"curies":[{"name":"wp","href":"https:\/\/api.w.org\/{rel}","templated":true}]}}