{"id":5661,"date":"2021-04-29T09:00:12","date_gmt":"2021-04-29T07:00:12","guid":{"rendered":"https:\/\/edublog.educastur.es\/ixuxu\/?p=5661"},"modified":"2021-04-29T19:14:31","modified_gmt":"2021-04-29T17:14:31","slug":"dia-europeu-de-la-solidarida-y-cooperacion-ente-xeneraciones","status":"publish","type":"post","link":"https:\/\/edublog.educastur.es\/ixuxu\/2021\/04\/dia-europeu-de-la-solidarida-y-cooperacion-ente-xeneraciones\/","title":{"rendered":"D\u00eda Europ\u00e9u de la Solidarid\u00e1 y Cooperaci\u00f3n ente Xeneraciones"},"content":{"rendered":"<p style=\"text-align: center\"><a href=\"https:\/\/psiquiatria.com\/galeria\/generacion.jpg\"><img loading=\"lazy\" decoding=\"async\" class=\"alignnone\" src=\"https:\/\/psiquiatria.com\/galeria\/generacion.jpg\" alt=\"\" width=\"597\" height=\"302\" \/><\/a><\/p>\n<p>El 29 d&#8217;abril celebra&#8217;l <span style=\"color: #008080\"><strong>D\u00eda Europ\u00e9u de la Solidarid\u00e1 y la Cooperaci\u00f3n ente Xeneraciones<\/strong><\/span>, xuna fecha que s&#8217;instaur\u00f3 a partir del a\u00f1u 2009 gracies a organizaciones como la Plataforma Europea de Persones Mayores y l\u00b4<a href=\"https:\/\/www.youthforum.org\/\"><span style=\"color: #008080\">European Youth Forum<\/span><\/a>.<\/p>\n<p>L&#8217;oxetivu de celebrar esti d\u00eda, ye dexar la inclusi\u00f3n y participaci\u00f3n de les persones mayores por que brinden la so contribuci\u00f3n a la socied\u00e1 actual y collo contribuyir a una mayor solidarid\u00e1 interxeneracional.<\/p>\n<p><!--more-->La convivencia interxeneracional como una manera d&#8217;incluyir a les persones mayores ye la pol\u00edtica adoptada per dellos pa\u00edses del norte d&#8217;Europa, onde se busca una mayor convivencia ente la moced\u00e1 y les persones de mayor ed\u00e1. B\u00fascase que dambes xeneraciones puedan retroalimentase y dar lo meyor de ca\u00fana d&#8217;elles.<\/p>\n<p>Angua\u00f1o, vivimos nun mundu bien aceler\u00e1u. Les nueves tecnolox\u00edes dexaron tras munches de les costumes y tradiciones heredaes de los que d&#8217;antiguo ten\u00eden la sabidur\u00eda y que lamentablemente g\u00fcei d\u00e9xense de llau. Sicas\u00ed, inda nun ye tarde pa rescatar el valor que tien pa la socied\u00e1 la sapiencia de los adultos mayores.<br \/>\nBeneficios de la convivencia ente xeneraciones<\/p>\n<p><em><span style=\"text-decoration: underline\"><span style=\"color: #008080;text-decoration: underline\">La convivencia interxeneracional puede traer grandes beneficios a les persones de mayor ed\u00e1, ente los que destaquen:<\/span><\/span><\/em><\/p>\n<p><span style=\"color: #008080\"><em>Ayuda a que les persones espierten un sent\u00edu de pertenencia ya inclusi\u00f3n.<\/em><\/span><br \/>\n<span style=\"color: #008080\"><em>Amonta&#8217;l bienestar f\u00edsico, psicol\u00f3xicu y emocional.<\/em><\/span><br \/>\n<span style=\"color: #008080\"><em>Aumenta la so autoestima y les sos ganes de siguir esfrutando&#8217;l prestar de la vida.<\/em><\/span><br \/>\n<span style=\"color: #008080\"><em>Amonta&#8217;l des\u00e9u y la motivaci\u00f3n por aprender coses nueves.<\/em><\/span><br \/>\n<span style=\"color: #008080\"><em>Contrib\u00fai a un mayor dinamismu ya integraci\u00f3n na vida social.<\/em><\/span><br \/>\n<span style=\"color: #008080\"><em>Optimiza los sos potenciales y habilidaes personales.<\/em><\/span><br \/>\n<span style=\"color: #008080\"><em>Contrib\u00fai a tresmitir toles sos esperiencies y conocencies a les nueves xeneraciones.<\/em><\/span><\/p>\n<p>El papel de la Organizaci\u00f3n Mundial de la Sal\u00fa na integraci\u00f3n de les persones mayores. D&#8217;alcuerdu a la Organizaci\u00f3n Mundial de la Sal\u00fa, prec\u00edsase reivindicar el rol de les persones mayores dientro de la socied\u00e1. El fechu de llegar a una cierta ed\u00e1, nun significa&#8217;l fin de la esistencia nin el valor de los seres humanos, una y bones la clave del avieyamientu ta en poder siguir desempe\u00f1ando un rol participativu y de esta forma poder algamar un maduror dignu e incluyente.<\/p>\n<p>Nesti sent\u00edu, prec\u00edsase que se creen les condiciones por que estes persones puedan siguir actives, pudiendo desempe\u00f1ar m\u00faltiples actividaes culturales, recreatives, sociales y que les mesmes af\u00e1iganse a les sos capacidaes ya intereses.<\/p>\n","protected":false},"excerpt":{"rendered":"<p>El 29 d&#8217;abril celebra&#8217;l D\u00eda Europ\u00e9u de la Solidarid\u00e1 y la Cooperaci\u00f3n ente Xeneraciones, xuna fecha que s&#8217;instaur\u00f3 a partir del a\u00f1u 2009 gracies a organizaciones como la Plataforma Europea de Persones Mayores y l\u00b4European Youth Forum. L&#8217;oxetivu de celebrar esti d\u00eda, ye dexar la inclusi\u00f3n y participaci\u00f3n de les persones mayores por que brinden [&hellip;]<\/p>\n","protected":false},"author":117,"featured_media":0,"comment_status":"open","ping_status":"open","sticky":false,"template":"","format":"standard","meta":{"footnotes":""},"categories":[6],"tags":[],"class_list":["post-5661","post","type-post","status-publish","format-standard","hentry","category-dia-de"],"_links":{"self":[{"href":"https:\/\/edublog.educastur.es\/ixuxu\/wp-json\/wp\/v2\/posts\/5661","targetHints":{"allow":["GET"]}}],"collection":[{"href":"https:\/\/edublog.educastur.es\/ixuxu\/wp-json\/wp\/v2\/posts"}],"about":[{"href":"https:\/\/edublog.educastur.es\/ixuxu\/wp-json\/wp\/v2\/types\/post"}],"author":[{"embeddable":true,"href":"https:\/\/edublog.educastur.es\/ixuxu\/wp-json\/wp\/v2\/users\/117"}],"replies":[{"embeddable":true,"href":"https:\/\/edublog.educastur.es\/ixuxu\/wp-json\/wp\/v2\/comments?post=5661"}],"version-history":[{"count":2,"href":"https:\/\/edublog.educastur.es\/ixuxu\/wp-json\/wp\/v2\/posts\/5661\/revisions"}],"predecessor-version":[{"id":5663,"href":"https:\/\/edublog.educastur.es\/ixuxu\/wp-json\/wp\/v2\/posts\/5661\/revisions\/5663"}],"wp:attachment":[{"href":"https:\/\/edublog.educastur.es\/ixuxu\/wp-json\/wp\/v2\/media?parent=5661"}],"wp:term":[{"taxonomy":"category","embeddable":true,"href":"https:\/\/edublog.educastur.es\/ixuxu\/wp-json\/wp\/v2\/categories?post=5661"},{"taxonomy":"post_tag","embeddable":true,"href":"https:\/\/edublog.educastur.es\/ixuxu\/wp-json\/wp\/v2\/tags?post=5661"}],"curies":[{"name":"wp","href":"https:\/\/api.w.org\/{rel}","templated":true}]}}