{"id":56635,"date":"2025-08-31T08:24:53","date_gmt":"2025-08-31T06:24:53","guid":{"rendered":"https:\/\/edublog.educastur.es\/ixuxu\/?p=56635"},"modified":"2025-08-31T16:26:22","modified_gmt":"2025-08-31T14:26:22","slug":"el-tiempu-el-comercio-125","status":"publish","type":"post","link":"https:\/\/edublog.educastur.es\/ixuxu\/2025\/08\/el-tiempu-el-comercio-125\/","title":{"rendered":"El tiempu (El Comercio)"},"content":{"rendered":"<p style=\"text-align: center\"><a href=\"https:\/\/s1.ppllstatics.com\/elcomercio\/www\/multimedia\/2025\/08\/30\/prevision-tiempo-asturias-k7MG-U2302588077118HVD-1200x840@El%20Comercio.jpg\"><img loading=\"lazy\" decoding=\"async\" class=\"aligncenter size-large\" src=\"https:\/\/s1.ppllstatics.com\/elcomercio\/www\/multimedia\/2025\/08\/30\/prevision-tiempo-asturias-k7MG-U2302588077118HVD-1200x840@El%20Comercio.jpg\" width=\"1198\" height=\"840\" \/><\/a><\/p>\n<p>Vamos amanecer con cielos bien nublos y precipitaciones d\u00e9biles sobremanera nel centru y nel oriente asturianu. <strong>A lo llargo de la ma\u00f1ana<\/strong> van unviar les precipitaciones y van abrise grandes claros. Pero <strong>mientres la tarde<\/strong> va volver la nubosidad y va dexar bastios irregularmente part\u00edos pero que van ser m\u00e1s probables y frecuentes nel cordal y otres zones del interior asturianu. Ello ye que nun se refuga qu&#8217;estos bastios puedan localmente venir acompa\u00f1aos de nube. <strong>Los vientos<\/strong> van soplar de componente oeste con raches moderaes na mari\u00f1a onde podr\u00eden esperase inclusive intervalos fuertes. Igualmente, en zones altes del occidente nun se refuguen raches bien significatives. Nel restu, van ser vientos fluexos con raches moderaes a lo sumo. <strong>Les temperatures m\u00e1ximes<\/strong> <strong>y m\u00ednimes<\/strong> van baxar, tanto nun casu como nel otru, de forma xeneralizada hasta 3 o 4 \u00baC menos que les anotaes el s\u00e1badu.<\/p>\n<p><!--more--><\/p>\n<p><strong> El llunes<\/strong> vamos empezar la selmana con intervalos nublos, con m\u00e1s claros mientres la ma\u00f1ana, y cola posibilid\u00e1 de dalg\u00fan bastios pela tarde. Les temperatures van ser bien similares. Am\u00e1s, hai que destacar la posibilid\u00e1 de foles d&#8217;hasta 4 metros d&#8217;altor na mari\u00f1a (avisu mariellu AEMET).<\/p>\n","protected":false},"excerpt":{"rendered":"<p>Vamos amanecer con cielos bien nublos y precipitaciones d\u00e9biles sobremanera nel centru y nel oriente asturianu. A lo llargo de la ma\u00f1ana van unviar les precipitaciones y van abrise grandes claros. Pero mientres la tarde va volver la nubosidad y va dexar bastios irregularmente part\u00edos pero que van ser m\u00e1s probables y frecuentes nel cordal [&hellip;]<\/p>\n","protected":false},"author":117,"featured_media":0,"comment_status":"closed","ping_status":"open","sticky":false,"template":"","format":"standard","meta":{"footnotes":""},"categories":[5],"tags":[],"class_list":["post-56635","post","type-post","status-publish","format-standard","hentry","category-tiempu"],"_links":{"self":[{"href":"https:\/\/edublog.educastur.es\/ixuxu\/wp-json\/wp\/v2\/posts\/56635","targetHints":{"allow":["GET"]}}],"collection":[{"href":"https:\/\/edublog.educastur.es\/ixuxu\/wp-json\/wp\/v2\/posts"}],"about":[{"href":"https:\/\/edublog.educastur.es\/ixuxu\/wp-json\/wp\/v2\/types\/post"}],"author":[{"embeddable":true,"href":"https:\/\/edublog.educastur.es\/ixuxu\/wp-json\/wp\/v2\/users\/117"}],"replies":[{"embeddable":true,"href":"https:\/\/edublog.educastur.es\/ixuxu\/wp-json\/wp\/v2\/comments?post=56635"}],"version-history":[{"count":1,"href":"https:\/\/edublog.educastur.es\/ixuxu\/wp-json\/wp\/v2\/posts\/56635\/revisions"}],"predecessor-version":[{"id":56636,"href":"https:\/\/edublog.educastur.es\/ixuxu\/wp-json\/wp\/v2\/posts\/56635\/revisions\/56636"}],"wp:attachment":[{"href":"https:\/\/edublog.educastur.es\/ixuxu\/wp-json\/wp\/v2\/media?parent=56635"}],"wp:term":[{"taxonomy":"category","embeddable":true,"href":"https:\/\/edublog.educastur.es\/ixuxu\/wp-json\/wp\/v2\/categories?post=56635"},{"taxonomy":"post_tag","embeddable":true,"href":"https:\/\/edublog.educastur.es\/ixuxu\/wp-json\/wp\/v2\/tags?post=56635"}],"curies":[{"name":"wp","href":"https:\/\/api.w.org\/{rel}","templated":true}]}}