{"id":5664,"date":"2021-04-29T09:30:51","date_gmt":"2021-04-29T07:30:51","guid":{"rendered":"https:\/\/edublog.educastur.es\/ixuxu\/?p=5664"},"modified":"2021-04-29T19:25:02","modified_gmt":"2021-04-29T17:25:02","slug":"dia-internacional-de-la-danza","status":"publish","type":"post","link":"https:\/\/edublog.educastur.es\/ixuxu\/2021\/04\/dia-internacional-de-la-danza\/","title":{"rendered":"D\u00eda Internacional de la Danza"},"content":{"rendered":"<p style=\"text-align: center\"><a href=\"https:\/\/redjovencoslada.es\/wp-content\/uploads\/2020\/04\/DID_forum_cartelera_guanajuato_1024x520px_MAY19.jpg\"><img loading=\"lazy\" decoding=\"async\" class=\"alignnone\" src=\"https:\/\/redjovencoslada.es\/wp-content\/uploads\/2020\/04\/DID_forum_cartelera_guanajuato_1024x520px_MAY19.jpg\" alt=\"\" width=\"612\" height=\"311\" \/><\/a><\/p>\n<p>En 1982, por iniciativa del Comit\u00e9 Internacional de Danza, foi proclam\u00e1u pola UNESCO&#8217;l 29 d&#8217;abril como <strong><span style=\"color: #008080\">D\u00eda Internacional de la Danza<\/span><\/strong>. La fecha escoyida correspuende al natalicio del baillar\u00edn y core\u00f3grafu Jean-Georges Noverre. L&#8217;oxetivu\u00a0 ye homenaxar a la danza como una disciplina d&#8217;arte universal y diversa, axuntando a tolos qu&#8217;escoyeron esta forma d&#8217;espresi\u00f3n ensin barreres culturales, pol\u00edtiques y \u00e9tiques.<\/p>\n<p><!--more--><\/p>\n<p style=\"text-align: center\">\n<!-- iframe plugin v.6.0 wordpress.org\/plugins\/iframe\/ -->\n<iframe loading=\"lazy\" width=\"100%\" height=\"364\" src=\"https:\/\/www.youtube.com\/embed\/wal4BUNjpCQ\" scrolling=\"yes\" class=\"iframe-class\" frameborder=\"0\"><\/iframe>\n<\/p>\n<p>\u00bfQu\u00e9 ye la danza? Al travi\u00e9s de movimientos corporales, los seres humanos s&#8217;espresaron y comunicaron dende tiempos ancestrales. La danza ye, ent\u00f3s, una forma d&#8217;espresi\u00f3n y d&#8217;interacci\u00f3n social acompa\u00f1ada de ritmos ac\u00fasticos, con fines d&#8217;entretenimientu, art\u00edsticos, culturales y relixosos.<\/p>\n<p>Ye igualmente conocida como&#8217;l <strong><span style=\"color: #008080\">llinguaxe del cuerpu<\/span><\/strong>\u00ab, siendo una espresi\u00f3n d&#8217;emociones que comuniquen sentimientos al travi\u00e9s de los movimientos. Na actualid\u00e1 dest\u00e1quense diversos estilos y x\u00e9neros, que van de lo tradicional y acad\u00e9micu a lo cotidiano, d&#8217;alcuerdu a les distintes cultures.<\/p>\n<p>Mentamos dalgunos d&#8217;ellos:<\/p>\n<ul>\n<li><span style=\"color: #008080\"><strong>Danza popular o folkl\u00f3rica:<\/strong><\/span> espresen los valores y tradiciones culturales d&#8217;una localid\u00e1, tales como&#8217;l flamencu,la danza \u00e1rabe, el tangu y los bailles de sal\u00f3n.<\/li>\n<li><span style=\"color: #008080\"><strong>Danza cl\u00e1sica:<\/strong><\/span> correspuenden a la execuci\u00f3n de movimientos harm\u00f3nicos y coordinaos, provenientes del per\u00edodu cl\u00e1sicu de l\u00b4antiguedad medieval: dancia ballet.<\/li>\n<li><span style=\"color: #008080\"><strong>Danza moderna:<\/strong><\/span> los sos movimientos y vestimienta reflexen una identid\u00e1 social: popping, funky, break dancie, jumpstyle, hip hop.<\/li>\n<\/ul>\n<p><em><span style=\"color: #008080\">Tou estilu y x\u00e9neru de danza tien de cuntar colos siguientes elementos:<\/span><\/em><\/p>\n<p><em><span style=\"color: #008080\"><strong>Espaciu<\/strong><\/span>: selecci\u00f3n d&#8217;un espaciu f\u00edsicu fayadizu para la execuci\u00f3n d&#8217;entrenamientos y presentaciones.<\/em><br \/>\n<em><span style=\"color: #008080\"><strong>Coreograf\u00eda:<\/strong><\/span> basada na coordinaci\u00f3n de movimientos corporales para formar un baille, so la direcci\u00f3n d&#8217;un core\u00f3grafu.<\/em><br \/>\n<em><span style=\"color: #008080\"><strong>Entrenamientu:<\/strong><\/span> por aciu l&#8217;estudiu y la pr\u00e1ctica continua para llograr una \u00f3ptima execuci\u00f3n de la coreograf\u00eda.<\/em><br \/>\n<em><span style=\"color: #008080\"><strong>Vestimienta:<\/strong><\/span> ropa y accesorios fayadizos al estilu y x\u00e9neru de la danza.<\/em><\/p>\n<p style=\"text-align: center\"><img loading=\"lazy\" decoding=\"async\" class=\"alignnone size-full\" src=\"https:\/\/scontent.fmad7-1.fna.fbcdn.net\/v\/t1.6435-9\/179309543_1830976533743256_821995028634182898_n.jpg?_nc_cat=102&amp;ccb=1-3&amp;_nc_sid=0debeb&amp;_nc_ohc=gUv5ngdxSP8AX8c8wYs&amp;_nc_ht=scontent.fmad7-1.fna&amp;oh=0e653740ad1a25162a385c20ac949d1d&amp;oe=60AE92DF\" width=\"1232\" height=\"1598\" \/><\/p>\n<p>&nbsp;<\/p>\n","protected":false},"excerpt":{"rendered":"<p>En 1982, por iniciativa del Comit\u00e9 Internacional de Danza, foi proclam\u00e1u pola UNESCO&#8217;l 29 d&#8217;abril como D\u00eda Internacional de la Danza. La fecha escoyida correspuende al natalicio del baillar\u00edn y core\u00f3grafu Jean-Georges Noverre. L&#8217;oxetivu\u00a0 ye homenaxar a la danza como una disciplina d&#8217;arte universal y diversa, axuntando a tolos qu&#8217;escoyeron esta forma d&#8217;espresi\u00f3n ensin barreres [&hellip;]<\/p>\n","protected":false},"author":117,"featured_media":0,"comment_status":"open","ping_status":"open","sticky":false,"template":"","format":"standard","meta":{"footnotes":""},"categories":[6],"tags":[],"class_list":["post-5664","post","type-post","status-publish","format-standard","hentry","category-dia-de"],"_links":{"self":[{"href":"https:\/\/edublog.educastur.es\/ixuxu\/wp-json\/wp\/v2\/posts\/5664","targetHints":{"allow":["GET"]}}],"collection":[{"href":"https:\/\/edublog.educastur.es\/ixuxu\/wp-json\/wp\/v2\/posts"}],"about":[{"href":"https:\/\/edublog.educastur.es\/ixuxu\/wp-json\/wp\/v2\/types\/post"}],"author":[{"embeddable":true,"href":"https:\/\/edublog.educastur.es\/ixuxu\/wp-json\/wp\/v2\/users\/117"}],"replies":[{"embeddable":true,"href":"https:\/\/edublog.educastur.es\/ixuxu\/wp-json\/wp\/v2\/comments?post=5664"}],"version-history":[{"count":6,"href":"https:\/\/edublog.educastur.es\/ixuxu\/wp-json\/wp\/v2\/posts\/5664\/revisions"}],"predecessor-version":[{"id":5672,"href":"https:\/\/edublog.educastur.es\/ixuxu\/wp-json\/wp\/v2\/posts\/5664\/revisions\/5672"}],"wp:attachment":[{"href":"https:\/\/edublog.educastur.es\/ixuxu\/wp-json\/wp\/v2\/media?parent=5664"}],"wp:term":[{"taxonomy":"category","embeddable":true,"href":"https:\/\/edublog.educastur.es\/ixuxu\/wp-json\/wp\/v2\/categories?post=5664"},{"taxonomy":"post_tag","embeddable":true,"href":"https:\/\/edublog.educastur.es\/ixuxu\/wp-json\/wp\/v2\/tags?post=5664"}],"curies":[{"name":"wp","href":"https:\/\/api.w.org\/{rel}","templated":true}]}}