{"id":56641,"date":"2025-08-31T11:00:04","date_gmt":"2025-08-31T09:00:04","guid":{"rendered":"https:\/\/edublog.educastur.es\/ixuxu\/?p=56641"},"modified":"2025-08-31T17:20:03","modified_gmt":"2025-08-31T15:20:03","slug":"toos-quieren-ser-pueblu-exemplar-dasturies-2025","status":"publish","type":"post","link":"https:\/\/edublog.educastur.es\/ixuxu\/2025\/08\/toos-quieren-ser-pueblu-exemplar-dasturies-2025\/","title":{"rendered":"Toos quieren ser Pueblu Exemplar d&#8217;Asturies 2025"},"content":{"rendered":"<p>Esti martes conocer\u00e1&#8217;l nome de galardon\u00e1u ente les 34 candidatures presentaes. Queden solo dos d\u00edes pa saber cu\u00e1l va ser el<strong> Pueblu Exemplar d&#8217;Asturies de 2025<\/strong>, y los 34 candidatos preparar con nervios ya ilusi\u00f3n pos esta reconocencia convirti\u00f3se nun s\u00edmbolu d&#8217;arguyu ya identid\u00e1 pa los pueblos del Princip\u00e1u. <a href=\"https:\/\/www.fpa.es\/es\/area-de-comunicacion-y-prensa\/notas-de-prensa\/pue\">FPA<\/a> \/ <a href=\"https:\/\/www.fpa.es\/es\/area-de-comunicacion-y-prensa\/notas-de-prensa\/treinta-y-cuatro-candidaturas-optan-al-premio-al-pueblo-ejemplar-de-asturias-2025\">Candidatures<\/a> \/ <a href=\"https:\/\/www.elcomercio.es\/premios-princesa\/pueblo-ejemplar\/quieren-pueblo-ejemplar-20250830222846-nt.html#goog_rewarded\">El Comercio<\/a><\/p>\n<p style=\"text-align: center\"><a href=\"https:\/\/www.fpa.es\/resources\/img\/portal\/2025\/07\/10\/npr-premio-al-pueblo-ejemplar-de-asturias-2025.webp\"><img loading=\"lazy\" decoding=\"async\" class=\"aligncenter size-large\" src=\"https:\/\/www.fpa.es\/resources\/img\/portal\/2025\/07\/10\/npr-premio-al-pueblo-ejemplar-de-asturias-2025.webp\" width=\"1080\" height=\"582\" \/><\/a><\/p>\n<p>Ye esta la trix\u00e9simu sesta edici\u00f3n d&#8217;un galard\u00f3n, dot\u00e1u con 40.000 euros, que cierra, cola visita que-y fadr\u00e1n los Reis, la princesa Leonor y l&#8217;infanta Sof\u00eda, los actos qu&#8217;arrodien la entrega de los Premios Princesa d&#8217;Asturies. <strong>Nesta edici\u00f3n va ser el s\u00e1badu 25 d&#8217;ochobre<\/strong> cuando l&#8217;escoy\u00edu d&#8217;ente les 34 propuestes reciba esta visita que dexa a les sos maxestaes \u00abconocer m\u00e1s de barganal a les xentes y llugares del Princip\u00e1u\u00bb, espliquen dende la Fundaci\u00f3n Princesa d&#8217;Asturies.<\/p>\n<p><!--more--><\/p>\n<p style=\"text-align: center\"><a href=\"https:\/\/s3.ppllstatics.com\/elcomercio\/www\/multimedia\/2025\/08\/30\/pueblo-ejemplar-RICTyUYVsIMnoN2osqpWJXP-1200x840@El%20Comercio.jpg\"><img loading=\"lazy\" decoding=\"async\" class=\"aligncenter size-large\" src=\"https:\/\/s3.ppllstatics.com\/elcomercio\/www\/multimedia\/2025\/08\/30\/pueblo-ejemplar-RICTyUYVsIMnoN2osqpWJXP-1200x840@El%20Comercio.jpg\" width=\"1200\" height=\"840\" \/><\/a><\/p>\n<p>&nbsp;<\/p>\n<p>Pa optar a la reconocencia, cada pueblu<strong> tien de presentar una candidatura na que destaque dalguna traza rellacionada col so dinamismu cultural, el so compromisu cola sostenibilid\u00e1, el caltenimientu del so patrimoniu y la participaci\u00f3n activa de los vecinos.<\/strong> Dalgunos opten per primer vegada, como ye&#8217;l casu de Trubia, ente qu&#8217;otros, como Valdesoto o Muriellos, repiten cola ilusi\u00f3n de recibir esti premiu que&#8217;l pas\u00e1u a\u00f1u festex\u00f3 con arguyu la pequena localid\u00e1 de Sotres.<\/p>\n<p><span style=\"color: #008080\">Fitoria, n&#8217;Uvi\u00e9u; Arn\u00e1u, en Castrill\u00f3n; Santo Adriano; Bermiego, en Quir\u00f3s; la Socied\u00e1 La Peruyal, en Parres; El Pito, en Cuideiru; Murias, n&#8217;Ayer; El Val.-y de Trubiecu, en Mieres; Grau; la Confrer\u00eda de pescadores Santa Ana, en Llanes; el Valle de Samu\u00f1o, en Llangr\u00e9u; Pel.luno, n&#8217;Ayer; la parroquia de Llaviana, en Goz\u00f3n; Espinar\u00e9u, en Pilo\u00f1a; la parroquia de Posada, en Llanes; Ba\u00f1ugues, en Goz\u00f3n; Corao, en Cangues d&#8217;On\u00eds; Salas; la comunid\u00e1 cultural, deportiva y paisaxista de Navia; l&#8217;Asociaci\u00f3n Cultural Merc\u00e1u Ecol\u00f3xicu y Artesanu de Xix\u00f3n; Berbes, en Ribesella; la parroquia de Er\u00edas, en L.lena; Valdepares, n&#8217;El Franco; Suar\u00edas, en Pe\u00f1amellera Baxa; Siones, n&#8217;Uvi\u00e9u; Coya, en Pilo\u00f1a; Piant\u00f3n, n&#8217;A Veiga; l&#8217;asociaci\u00f3n R\u00edu Fontoria, en Pilo\u00f1a; Taramundi; Xedr\u00e9, en Cangas y El Castillu, en Sotu&#8217;l Barcu,<\/span> <strong>completen les 34 candidatures ente les que va tar la localid\u00e1 reconocida n&#8217;angua\u00f1o<\/strong> nel que&#8217;l n\u00famberu de posibles premiaos ye unu de los m\u00e1s elevaos desque se empezar a conceder esta distinci\u00f3n en 1990.<\/p>\n<p>El momentu nel que s&#8217;atopa&#8217;l mundu rural facer ent\u00e1 m\u00e1s relevante nun contestu nel que la despoblaci\u00f3n, l&#8217;avieyamientu y la falta de servicios son desaf\u00edos cotidianos pa munches aldegues asturianes. Pero un a\u00f1u m\u00e1s, <strong>los candidatos demostraron que la creativid\u00e1 y la cooperaci\u00f3n pueden convertise en motores imparables del desenvolvimientu local.<\/strong> Cada iniciativa, dende la recuperaci\u00f3n de molinos antiguos hasta la creaci\u00f3n de rutes de senderismo, ye un exemplu de resiliencia y pasi\u00f3n por un territoriu que se debe curiar y protexer. M\u00e1s all\u00e1 del galard\u00f3n, la elecci\u00f3n del Pueblu Exemplar sirve pa recordar la importancia de caltener viva la memoria, la identid\u00e1 y la cultura de los pequenos rincones del Princip\u00e1u. El martes el so palmar\u00e9s va crecer con un nome que va llucir con arguyu esta reconocencia que ye, pa tolos asturianos, motivu de celebraci\u00f3n.<\/p>\n<section id=\"section\" class=\"section\">\n<div class=\"detail\">\n<div class=\"container\">\n<div class=\"detail_info\">\n<p class=\"title8\" style=\"text-align: center\"><span style=\"text-decoration: underline\"><span style=\"color: #008080\"><strong>Relaci\u00f3n de Candidatures<\/strong><\/span><\/span><\/p>\n<ol>\n<li><span style=\"color: #008080\"><strong>Comunidad vecinal de Fitoria<\/strong>, Oviedo<\/span><\/li>\n<li><span style=\"color: #008080\"><strong>Arn\u00e1u<\/strong>, Castrill\u00f3n<\/span><\/li>\n<li><span style=\"color: #008080\"><strong>Santo Adriano<\/strong><\/span><\/li>\n<li><span style=\"color: #008080\"><strong>Bermiego<\/strong>, Quir\u00f3s<\/span><\/li>\n<li><span style=\"color: #008080\"><strong>Valdesoto<\/strong>, Siero<\/span><\/li>\n<li><span style=\"color: #008080\"><strong>Sociedad La Peruyal<\/strong>, Parres<\/span><\/li>\n<li><span style=\"color: #008080\"><strong>El Pito<\/strong>, Cudillero<\/span><\/li>\n<li><span style=\"color: #008080\"><strong>Murias<\/strong>, Aller<\/span><\/li>\n<li><span style=\"color: #008080\"><strong>El Val.le de Cuna<\/strong>, Mieres<\/span><\/li>\n<li><span style=\"color: #008080\"><strong>Grau\/Grado<\/strong><\/span><\/li>\n<li><span style=\"color: #008080\"><strong>Cofrad\u00eda de pescadores Santa Ana<\/strong>, Llanes<\/span><\/li>\n<li><span style=\"color: #008080\"><strong>Valle de Samu\u00f1o<\/strong>, Langreo<\/span><\/li>\n<li><span style=\"color: #008080\"><strong>Pel.luno<\/strong>, Aller<\/span><\/li>\n<li><span style=\"color: #008080\"><strong>Parroquia de Llaviana<\/strong>, Goz\u00f3n<\/span><\/li>\n<li><span style=\"color: #008080\"><strong>Muriellos\/Muriel.los<\/strong>, Riosa<\/span><\/li>\n<li><span style=\"color: #008080\"><strong>Espinar\u00e9u<\/strong>, Pilo\u00f1a<\/span><\/li>\n<li><span style=\"color: #008080\"><strong>Parroquia de Posada<\/strong>, Llanes<\/span><\/li>\n<li><span style=\"color: #008080\"><strong>Ba\u00f1ugues<\/strong>, Goz\u00f3n<\/span><\/li>\n<li><span style=\"color: #008080\"><strong>Corao<\/strong>, Cangas de On\u00eds<\/span><\/li>\n<li><span style=\"color: #008080\"><strong>Salas<\/strong><\/span><\/li>\n<li><span style=\"color: #008080\"><strong>Comunidad cultural, deportiva y paisajista de Navia<\/strong><\/span><\/li>\n<li><span style=\"color: #008080\"><strong>Asociaci\u00f3n Cultural Mercado Ecol\u00f3gico y Artesano<\/strong>, Gij\u00f3n<\/span><\/li>\n<li><span style=\"color: #008080\"><strong>Berbes<\/strong>, Ribadesella<\/span><\/li>\n<li><span style=\"color: #008080\"><strong>Parroquia de Er\u00edas<\/strong>, Lena<\/span><\/li>\n<li><span style=\"color: #008080\"><strong>Valdepares<\/strong>, El Franco<\/span><\/li>\n<li><span style=\"color: #008080\"><strong>Suar\u00edas<\/strong>, Pe\u00f1amellera Baja<\/span><\/li>\n<li><span style=\"color: #008080\"><strong>Siones<\/strong>, Oviedo<\/span><\/li>\n<li><span style=\"color: #008080\"><strong>Coya<\/strong>, Pilo\u00f1a<\/span><\/li>\n<li><span style=\"color: #008080\"><strong>Trubia<\/strong>, Oviedo<\/span><\/li>\n<li><span style=\"color: #008080\"><strong>Piant\u00f3n<\/strong>, Vegadeo<\/span><\/li>\n<li><span style=\"color: #008080\"><strong>Asociaci\u00f3n R\u00edu Fontoria<\/strong>, Pilo\u00f1a<\/span><\/li>\n<li><span style=\"color: #008080\"><strong>Taramundi<\/strong><\/span><\/li>\n<li><span style=\"color: #008080\"><strong>Xedr\u00e9<\/strong>, Cangas del Narcea<\/span><\/li>\n<li><span style=\"color: #008080\"><strong>El Castillu<\/strong>, Soto del Barco<\/span><\/li>\n<\/ol>\n<\/div>\n<\/div>\n<\/div>\n<\/section>\n<div class=\"container\">\n<section class=\"tools\">\n<div data-type=\"placeholder\" data-name=\"addthis\"><\/div>\n<\/section>\n<\/div>\n","protected":false},"excerpt":{"rendered":"<p>Esti martes conocer\u00e1&#8217;l nome de galardon\u00e1u ente les 34 candidatures presentaes. Queden solo dos d\u00edes pa saber cu\u00e1l va ser el Pueblu Exemplar d&#8217;Asturies de 2025, y los 34 candidatos preparar con nervios ya ilusi\u00f3n pos esta reconocencia convirti\u00f3se nun s\u00edmbolu d&#8217;arguyu ya identid\u00e1 pa los pueblos del Princip\u00e1u. FPA \/ Candidatures \/ El Comercio [&hellip;]<\/p>\n","protected":false},"author":117,"featured_media":0,"comment_status":"closed","ping_status":"open","sticky":false,"template":"","format":"standard","meta":{"footnotes":""},"categories":[28],"tags":[],"class_list":["post-56641","post","type-post","status-publish","format-standard","hentry","category-premios-princesa-da"],"_links":{"self":[{"href":"https:\/\/edublog.educastur.es\/ixuxu\/wp-json\/wp\/v2\/posts\/56641","targetHints":{"allow":["GET"]}}],"collection":[{"href":"https:\/\/edublog.educastur.es\/ixuxu\/wp-json\/wp\/v2\/posts"}],"about":[{"href":"https:\/\/edublog.educastur.es\/ixuxu\/wp-json\/wp\/v2\/types\/post"}],"author":[{"embeddable":true,"href":"https:\/\/edublog.educastur.es\/ixuxu\/wp-json\/wp\/v2\/users\/117"}],"replies":[{"embeddable":true,"href":"https:\/\/edublog.educastur.es\/ixuxu\/wp-json\/wp\/v2\/comments?post=56641"}],"version-history":[{"count":7,"href":"https:\/\/edublog.educastur.es\/ixuxu\/wp-json\/wp\/v2\/posts\/56641\/revisions"}],"predecessor-version":[{"id":56648,"href":"https:\/\/edublog.educastur.es\/ixuxu\/wp-json\/wp\/v2\/posts\/56641\/revisions\/56648"}],"wp:attachment":[{"href":"https:\/\/edublog.educastur.es\/ixuxu\/wp-json\/wp\/v2\/media?parent=56641"}],"wp:term":[{"taxonomy":"category","embeddable":true,"href":"https:\/\/edublog.educastur.es\/ixuxu\/wp-json\/wp\/v2\/categories?post=56641"},{"taxonomy":"post_tag","embeddable":true,"href":"https:\/\/edublog.educastur.es\/ixuxu\/wp-json\/wp\/v2\/tags?post=56641"}],"curies":[{"name":"wp","href":"https:\/\/api.w.org\/{rel}","templated":true}]}}