{"id":56653,"date":"2025-08-31T17:00:22","date_gmt":"2025-08-31T15:00:22","guid":{"rendered":"https:\/\/edublog.educastur.es\/ixuxu\/?p=56653"},"modified":"2025-08-31T17:27:18","modified_gmt":"2025-08-31T15:27:18","slug":"cifras-record-de-ocupacion-hotelera-en-ciudades-y-satisfaccion-en-alojamientos-rurales","status":"publish","type":"post","link":"https:\/\/edublog.educastur.es\/ixuxu\/2025\/08\/cifras-record-de-ocupacion-hotelera-en-ciudades-y-satisfaccion-en-alojamientos-rurales\/","title":{"rendered":"Cifras r\u00e9cord de ocupaci\u00f3n hotelera en ciudades y satisfacci\u00f3n en alojamientos rurales"},"content":{"rendered":"<ul>\n<li class=\"font-size-xxl margin-b-5 font-weight-b color-b-050 letter-spacing--1 fuente-corporativa\"><a href=\"https:\/\/www.rtpa.es\/noticias-asturias\/2025-08-31\/Cifras-record-de-ocupacion-hotelera-en-ciudades-y-satisfaccion-en-alojamientos-rurales_111756643292.html?fbclid=IwY2xjawMhSGNleHRuA2FlbQIxMQABHq9UIkO8SVuX6Q56bTKmnRCziLVOYJJnJ8h08RkBkU4AS4_me3cFZUml-QH4_aem_wy240CIkehqWqxp0Ysm35w\">Cifras r\u00e9cord de ocupaci\u00f3n hotelera en ciudades y satisfacci\u00f3n en alojamientos rurales. TPA<\/a><\/li>\n<\/ul>\n<p style=\"text-align: center\"><a href=\"https:\/\/www.rtpa.es\/fotos\/\/25\/08\/20250831131002_RTPA7048859.webp\"><img loading=\"lazy\" decoding=\"async\" class=\"aligncenter size-large\" src=\"https:\/\/www.rtpa.es\/fotos\/\/25\/08\/20250831131002_RTPA7048859.webp\" width=\"853\" height=\"480\" \/><\/a><\/p>\n<p>Medr\u00eda del turismu internacional y del preciu mediu de pernoctaci\u00f3n en redolaes urbanes. Anque va ser la pr\u00f3xima selmana cuando la patronal hotelera ufierte los datos concretos d&#8217;ocupaci\u00f3n d&#8217;esti branu, y\u00e1 adelantren que<strong> va raspiar el 90 o 95% nes grandes ciudaes<\/strong>.<\/p>\n<p><!--more--><\/p>\n<p>Acotense los establecimientos d&#8217;Uvi\u00e9u, Xix\u00f3n y Avil\u00e9s que pr\u00e1cticamente colgaron el cartelu de completu, con una medr\u00eda del turismu internacional y tami\u00e9n del preciu mediu de pernoctaci\u00f3n.<\/p>\n<p>Los hoteles de Xix\u00f3n tuvieron llenos esti branu. Na ciud\u00e1, muncha familia y una medr\u00eda d&#8217;hasta&#8217;l 20% en turismu estranxeru.<\/p>\n<p>Resultancies bien positives tami\u00e9n na zona rural con perspectives de siguir asina hasta ochobre.<\/p>\n<p>Llenos tami\u00e9n los <strong>agospiamientos nun Uvi\u00e9u<\/strong> que not\u00f3 una xubida nes tarifes hoteleres y l&#8217;aumentu de les conexones a\u00e9rees internacionales que, con peor tiempu, recibi\u00f3 m\u00e1s visitantes que fueron menos tresnochadores.<\/p>\n<p>Conexones directes que tami\u00e9n se notaron na contorna d&#8217;Avil\u00e9s, onde la ocupaci\u00f3n hotelera tuvo ente&#8217;l 90 y el 95%.<\/p>\n<p>El perfil de los visitantes, families y pareyes que permanecieron tr\u00e9s o cuatro d\u00edes y visitaron distintos puntos d&#8217;Asturies.<\/p>\n<p>La pr\u00f3xima selmana la patronal hotelera va poner sobro la mesa datos m\u00e1s detallaos d&#8217;ocupaci\u00f3n, anque y\u00e1 antemanen que van ser probablemente de nuevu cifres de r\u00e9cord.<\/p>\n<p>Prestu n&#8217;agospiamientos rurales, con cancelaciones na ruta del Cares poles quemes<\/p>\n<p>Les asociaciones de turismu rural coinciden en que foi un bon branu, de principios de xunetu a finales d&#8217;agostu. Ocupaciones ente&#8217;l 90 y el 100%, con bien bon tiempu y poques cancelaciones, salvo na zona de la ruta del Cares, poles quemes.<\/p>\n<p>El sector aportuna, sicas\u00ed, na importancia de desestacionalizar les visites y apostar pol turismu familiar.<\/p>\n<p>Los empresarios consultaos creen que la crecedera del turismu rural ta siendo lentu, pero sosten\u00edu. Dalgunos, ello ye que ven dif\u00edcil crecer en places.<\/p>\n<p>Na zona oriental, en Llanes y Ribesella, el sector pide am\u00e1s regular el turismu de autocaravanas y furgonetes camperizadas que foi creciendo, dicen, dende la pandemia.<\/p>\n<p>El Conceyu de Ribesella va instalar servicios b\u00e1sicos nel aparcamientu del autocine pa 30 autocaravanas, ente que en Llanes ampliar\u00e1nse les places del parking de 19 a 30.<\/p>\n","protected":false},"excerpt":{"rendered":"<p>Cifras r\u00e9cord de ocupaci\u00f3n hotelera en ciudades y satisfacci\u00f3n en alojamientos rurales. TPA Medr\u00eda del turismu internacional y del preciu mediu de pernoctaci\u00f3n en redolaes urbanes. Anque va ser la pr\u00f3xima selmana cuando la patronal hotelera ufierte los datos concretos d&#8217;ocupaci\u00f3n d&#8217;esti branu, y\u00e1 adelantren que va raspiar el 90 o 95% nes grandes ciudaes.<\/p>\n","protected":false},"author":117,"featured_media":0,"comment_status":"closed","ping_status":"open","sticky":false,"template":"","format":"standard","meta":{"footnotes":""},"categories":[18],"tags":[],"class_list":["post-56653","post","type-post","status-publish","format-standard","hentry","category-turismu"],"_links":{"self":[{"href":"https:\/\/edublog.educastur.es\/ixuxu\/wp-json\/wp\/v2\/posts\/56653","targetHints":{"allow":["GET"]}}],"collection":[{"href":"https:\/\/edublog.educastur.es\/ixuxu\/wp-json\/wp\/v2\/posts"}],"about":[{"href":"https:\/\/edublog.educastur.es\/ixuxu\/wp-json\/wp\/v2\/types\/post"}],"author":[{"embeddable":true,"href":"https:\/\/edublog.educastur.es\/ixuxu\/wp-json\/wp\/v2\/users\/117"}],"replies":[{"embeddable":true,"href":"https:\/\/edublog.educastur.es\/ixuxu\/wp-json\/wp\/v2\/comments?post=56653"}],"version-history":[{"count":3,"href":"https:\/\/edublog.educastur.es\/ixuxu\/wp-json\/wp\/v2\/posts\/56653\/revisions"}],"predecessor-version":[{"id":56656,"href":"https:\/\/edublog.educastur.es\/ixuxu\/wp-json\/wp\/v2\/posts\/56653\/revisions\/56656"}],"wp:attachment":[{"href":"https:\/\/edublog.educastur.es\/ixuxu\/wp-json\/wp\/v2\/media?parent=56653"}],"wp:term":[{"taxonomy":"category","embeddable":true,"href":"https:\/\/edublog.educastur.es\/ixuxu\/wp-json\/wp\/v2\/categories?post=56653"},{"taxonomy":"post_tag","embeddable":true,"href":"https:\/\/edublog.educastur.es\/ixuxu\/wp-json\/wp\/v2\/tags?post=56653"}],"curies":[{"name":"wp","href":"https:\/\/api.w.org\/{rel}","templated":true}]}}