{"id":56658,"date":"2025-08-31T17:33:58","date_gmt":"2025-08-31T15:33:58","guid":{"rendered":"https:\/\/edublog.educastur.es\/ixuxu\/?p=56658"},"modified":"2025-08-31T21:08:02","modified_gmt":"2025-08-31T19:08:02","slug":"56658","status":"publish","type":"post","link":"https:\/\/edublog.educastur.es\/ixuxu\/2025\/08\/56658\/","title":{"rendered":"G\u00fcei n\u2019A fueu celta, les Asturxules"},"content":{"rendered":"<p style=\"text-align: center\"><span class=\"x193iq5w xeuugli x13faqbe x1vvkbs xt0psk2 x1i0vuye xvs91rp xo1l8bm x5n08af x10wh9bi xpm28yp x8viiok x1o7cslx x126k92a\"><span class=\"html-span xexx8yu x4uap5 x18d9i69 xkhd6sd x1hl2dhg x16tdsg8 x1vvkbs x3nfvp2 x1j61x8r x1fcty0u xdj266r xat24cr xgzva0m xhhsvwb xxymvpz xlup9mm x1kky2od\">\n<!-- iframe plugin v.6.0 wordpress.org\/plugins\/iframe\/ -->\n<iframe loading=\"lazy\" src=\"https:\/\/www.instagram.com\/reel\/DOBOBnXCERv\/embed\" width=\"460\" height=\"520\" 0=\"\/iframe\" scrolling=\"yes\" class=\"iframe-class\" frameborder=\"0\"><\/iframe>\n<\/span><\/span><\/p>\n<p style=\"text-align: center\">Programa 27\u00a0 <a href=\"https:\/\/www.instagram.com\/a_fueu_celta\"><strong>A fueu celta<\/strong><\/a> | <a href=\"https:\/\/www.youtube.com\/@AFueuCelta\">Youtube<\/a> | <a href=\"https:\/\/www.instagram.com\/asturxules\"><strong>Asturxules<\/strong><\/a> \/<a href=\"https:\/\/open.spotify.com\/episode\/55p1ZsGyipvQ00FzXZLbGz?si=uYeZ3Hm8QXq6iZQ_rN7Yqg\"> enllaz Spotify<\/a> \/<\/p>\n<div class=\"x1rg5ohu x2fvf9\">\n<div class=\"html-div xdj266r x14z9mp xat24cr x1lziwak xexx8yu xyri2b x18d9i69 x1c1uobl x9f619 xjbqb8w x1rg5ohu x15mokao x1ga7v0g x16uus16 xbiv7yw x1uhb9sk x1plvlek xryxfnj x1c4vz4f x2lah0s x1oa3qoh\">\n<div>Muncha ye la importancia que tien l\u2019usu del asturianu nes redes sociales y magar que ye escasu, munches son les cuentes que ya comuniquen na llingua. Una d\u2019elles, creada en xunetu d\u2019esti a\u00f1u, t\u00e1 consiguiendo que conten\u00edu na llingua llegue a g\u00fceyos mozos\u2026 G\u00fcei n\u2019A fueu celta, les\u00a0<a class=\"x1i10hfl xjbqb8w x1ejq31n x18oe1m7 x1sy0etr xstzfhl x972fbf x10w94by x1qhh985 x14e42zd x9f619 x1ypdohk xt0psk2 x3ct3a4 xdj266r x14z9mp xat24cr x1lziwak xexx8yu xyri2b x18d9i69 x1c1uobl x16tdsg8 x1hl2dhg xggy1nq x1a2a7pz notranslate _a6hd\" role=\"link\" href=\"https:\/\/www.instagram.com\/asturxules\/\">@asturxules<\/a>\u00a0,\u00a0<a class=\"x1i10hfl xjbqb8w x1ejq31n x18oe1m7 x1sy0etr xstzfhl x972fbf x10w94by x1qhh985 x14e42zd x9f619 x1ypdohk xt0psk2 x3ct3a4 xdj266r x14z9mp xat24cr x1lziwak xexx8yu xyri2b x18d9i69 x1c1uobl x16tdsg8 x1hl2dhg xggy1nq x1a2a7pz notranslate _a6hd\" role=\"link\" href=\"https:\/\/www.instagram.com\/marinaagr__\/\">@marinaagr__<\/a>\u00a0ya\u00a0<a class=\"x1i10hfl xjbqb8w x1ejq31n x18oe1m7 x1sy0etr xstzfhl x972fbf x10w94by x1qhh985 x14e42zd x9f619 x1ypdohk xt0psk2 x3ct3a4 xdj266r x14z9mp xat24cr x1lziwak xexx8yu xyri2b x18d9i69 x1c1uobl x16tdsg8 x1hl2dhg xggy1nq x1a2a7pz notranslate _a6hd\" role=\"link\" href=\"https:\/\/www.instagram.com\/elen_alvz\/\">@elen_alvz<\/a> , que van falanos sobro:\u00a0<strong><span style=\"color: #008080\">Infancia \ud83d\udc67\ud83c\udffb, Concencia lling\u00fc\u00edstica, \u00a0L\u2019asturianu nes redes \ud83d\udcf2, &#8211; La creaci\u00f3n de conten\u00edu \ud83c\udfa5\ud83e\udd33\ud83c\udffb, &#8211; Hate y odiu \ud83e\udd2c.<\/span> <\/strong>\u00a1Y muncho m\u00e1s! Esperamos vos preste \ud83d\udd25<\/div>\n<\/div>\n<\/div>\n<p><!--more--><\/p>\n<div style=\"text-align: center\">\n<!-- iframe plugin v.6.0 wordpress.org\/plugins\/iframe\/ -->\n<iframe data-testid=\"embed-iframe\" style=\"border-radius:12px\" src=\"https:\/\/open.spotify.com\/embed\/episode\/55p1ZsGyipvQ00FzXZLbGz\/video?utm_source=generator\" width=\"624\" height=\"351\" frameborder=\"0\" allowfullscreen allow=\"autoplay; clipboard-write; encrypted-media; fullscreen; picture-in-picture\" loading=\"lazy\" 0=\"\/iframe\" scrolling=\"yes\" class=\"iframe-class\"><\/iframe>\n<\/div>\n<div><\/div>\n<div><span style=\"color: #008080\"><em>Les redes sociales son cada vegada\u2019l principal mediu d\u2019informaci\u00f3n, entretenimientu, trabayu y hasta reivindicaci\u00f3n. Muncha ye la importancia que tien l\u2019usu del asturianu nelles y magar que ye escasu, munches son les cuentes que ya comuniquen na llingua. Una\u00a0d\u2019elles, creada en xunetu d\u2019esti a\u00f1u, ya cuenta con munchos seguidores y t\u00e1 consiguiendo que conten\u00edu na llingua llegue a g\u00fceyos mozos\u2026 G\u00fcei n\u2019A fueu celta, les Asturxules<\/em><\/span><\/div>\n","protected":false},"excerpt":{"rendered":"<p>Programa 27\u00a0 A fueu celta | Youtube | Asturxules \/ enllaz Spotify \/ Muncha ye la importancia que tien l\u2019usu del asturianu nes redes sociales y magar que ye escasu, munches son les cuentes que ya comuniquen na llingua. Una d\u2019elles, creada en xunetu d\u2019esti a\u00f1u, t\u00e1 consiguiendo que conten\u00edu na llingua llegue a g\u00fceyos [&hellip;]<\/p>\n","protected":false},"author":117,"featured_media":0,"comment_status":"closed","ping_status":"open","sticky":false,"template":"","format":"standard","meta":{"footnotes":""},"categories":[472],"tags":[],"class_list":["post-56658","post","type-post","status-publish","format-standard","hentry","category-asturxules"],"_links":{"self":[{"href":"https:\/\/edublog.educastur.es\/ixuxu\/wp-json\/wp\/v2\/posts\/56658","targetHints":{"allow":["GET"]}}],"collection":[{"href":"https:\/\/edublog.educastur.es\/ixuxu\/wp-json\/wp\/v2\/posts"}],"about":[{"href":"https:\/\/edublog.educastur.es\/ixuxu\/wp-json\/wp\/v2\/types\/post"}],"author":[{"embeddable":true,"href":"https:\/\/edublog.educastur.es\/ixuxu\/wp-json\/wp\/v2\/users\/117"}],"replies":[{"embeddable":true,"href":"https:\/\/edublog.educastur.es\/ixuxu\/wp-json\/wp\/v2\/comments?post=56658"}],"version-history":[{"count":9,"href":"https:\/\/edublog.educastur.es\/ixuxu\/wp-json\/wp\/v2\/posts\/56658\/revisions"}],"predecessor-version":[{"id":56690,"href":"https:\/\/edublog.educastur.es\/ixuxu\/wp-json\/wp\/v2\/posts\/56658\/revisions\/56690"}],"wp:attachment":[{"href":"https:\/\/edublog.educastur.es\/ixuxu\/wp-json\/wp\/v2\/media?parent=56658"}],"wp:term":[{"taxonomy":"category","embeddable":true,"href":"https:\/\/edublog.educastur.es\/ixuxu\/wp-json\/wp\/v2\/categories?post=56658"},{"taxonomy":"post_tag","embeddable":true,"href":"https:\/\/edublog.educastur.es\/ixuxu\/wp-json\/wp\/v2\/tags?post=56658"}],"curies":[{"name":"wp","href":"https:\/\/api.w.org\/{rel}","templated":true}]}}