{"id":56685,"date":"2025-08-31T17:14:12","date_gmt":"2025-08-31T15:14:12","guid":{"rendered":"https:\/\/edublog.educastur.es\/ixuxu\/?p=56685"},"modified":"2025-08-31T20:25:17","modified_gmt":"2025-08-31T18:25:17","slug":"56685","status":"publish","type":"post","link":"https:\/\/edublog.educastur.es\/ixuxu\/2025\/08\/56685\/","title":{"rendered":"Asina ye&#8217;l cartelu de San Mateo: Una esplosi\u00f3n d&#8217;enerx\u00eda y color\u00edu"},"content":{"rendered":"<p>Una esplosi\u00f3n d&#8217;enerx\u00eda y color\u00edu: asina ye&#8217;l cartelu de San Mateo n&#8217;Uvi\u00e9u (esplic\u00e1u polos sos autores) Matteo Mastronardi ya In\u00e9s Iglesias dise\u00f1en una obra que remembra \u00abpi\u00f1ates y cais engalanaes\u00bb. <a href=\"https:\/\/www.lne.es\/oviedo\/2025\/08\/31\/explosion-energia-colorido-cartel-san-121089899.html\">LNE<\/a><\/p>\n<p style=\"text-align: center\"><a href=\"https:\/\/estaticos-cdn.prensaiberica.es\/clip\/f994e444-8a7d-4389-a01e-95c37092727d_16-9-discover-aspect-ratio_default_0.webp\"><img loading=\"lazy\" decoding=\"async\" class=\"aligncenter size-large\" src=\"https:\/\/estaticos-cdn.prensaiberica.es\/clip\/f994e444-8a7d-4389-a01e-95c37092727d_16-9-discover-aspect-ratio_default_0.webp\" width=\"1200\" height=\"675\" \/><\/a><\/p>\n<p>\u00abUna esplosi\u00f3n de color y movimientu que remembra pi\u00f1ates y cais engalanaes\u00bb. Asina se refieren In\u00e9s Iglesias y Matteo Mastronardi, autores del cartelu de San Mateo d&#8217;angua\u00f1o, a <strong>un dise\u00f1u col qu&#8217;afirmen pretender unviar \u00abuna invitaci\u00f3n a esfrutar, a xuntase y celebrar per tolo alto San Mateo\u00bb.<\/strong><\/p>\n<p><!--more--><\/p>\n<p>Estos dise\u00f1adores creativos fundadores del espaciu <a href=\"https:\/\/www.instagram.com\/lospatos\/?hl=te\"><strong>Los Patos de Par\u00eds<\/strong><\/a> en 2009, qu&#8217;am\u00e1s de d\u00fao profesional son pareya sentimental, esperen qu&#8217;esti big bang del bon rollu suponga un aliciente m\u00e1s por que los uvieinos \u00e9chense a la cai del 11 al 22 de setiembre.<\/p>\n<div class=\"x5yr21d xw2csxc x1odjw0f x1n2onr6\">\n<div class=\"x9f619 x78zum5 xdt5ytf x5yr21d xexx8yu xv54qhq x1l90r2v xf7dkkf x10l6tqk xh8yej3\">\n<div class=\"html-div xdj266r x14z9mp xat24cr x1lziwak xyri2b x1c1uobl x9f619 xjbqb8w x78zum5 x15mokao x1ga7v0g x16uus16 xbiv7yw xsag5q8 xz9dl7a x1uhb9sk x1plvlek xryxfnj x1c4vz4f x2lah0s x1q0g3np xqjyukv x1qjc9v5 x1oa3qoh x1nhvcw1\">\n<div class=\"x1xegmmw\">\n<div class=\"\">\n<ul>\n<li><a class=\"x1i10hfl x1qjc9v5 xjbqb8w xjqpnuy xc5r6h4 xqeqjp1 x1phubyo x13fuv20 x18b5jzi x1q0q8m5 x1t7ytsu x972fbf x10w94by x1qhh985 x14e42zd x9f619 x1ypdohk x78zum5 xdl72j9 xdt5ytf x2lah0s x3ct3a4 xdj266r x14z9mp xat24cr x1lziwak x2lwn1j xeuugli xexx8yu xyri2b x18d9i69 x1c1uobl x1n2onr6 x16tdsg8 x1hl2dhg xggy1nq x1ja2u2z x1t137rt xnz67gz x1c9tyrk xeusxvb x1pahc9y x1ertn4p x9f619 x1lliihq x2lah0s x6ikm8r x10wlt62 x1n2onr6 xzfakq xhihtb0 x1j8hi7x x172hklt xrw4ojt xg6frx5 xw872ko xhgbb2x xynf4tj xdjs2zz x1r9ni5o xvsnedh xoiy6we x16ouz9t x1qj619r xsrjr5h x1xrz1ek x1s928wv x1unh1gc x1iygr5g x2q1x1w x1j6awrg x1m1drc7 x1ypdohk x4gyw5p _a6hd\" role=\"link\" href=\"https:\/\/www.instagram.com\/oviedocapital2031\/?hl=te\"><img decoding=\"async\" class=\"xpdipgo x972fbf x10w94by x1qhh985 x14e42zd xk390pu x5yr21d xdj266r x14z9mp xat24cr x1lziwak xl1xv1r xexx8yu xyri2b x18d9i69 x1c1uobl x11njtxf xh8yej3\" src=\"https:\/\/scontent-mad2-1.cdninstagram.com\/v\/t51.2885-19\/504884579_17912370081110807_4944843995402026183_n.jpg?stp=dst-jpg_s150x150_tt6&amp;efg=eyJ2ZW5jb2RlX3RhZyI6InByb2ZpbGVfcGljLmRqYW5nby40MDEuYzIifQ&amp;_nc_ht=scontent-mad2-1.cdninstagram.com&amp;_nc_cat=111&amp;_nc_oc=Q6cZ2QFqLCjwpH2NWUvAnABCPwi7AzLAJLZrFQWgviwAdqraqUCUvaGRW3W7wuEKk4N8XVs&amp;_nc_ohc=iPuWrVEj1a0Q7kNvwEX5KV3&amp;_nc_gid=PTu8E64PtLeOuQ7E0tl3KA&amp;edm=APs17CUBAAAA&amp;ccb=7-5&amp;oh=00_AfWMv4XU5gD8LqxDbWwpygPulAm3k-NkHe66C4eHSsiE8Q&amp;oe=68BA6068&amp;_nc_sid=10d13b\" alt=\"oviedocapital2031 \u0c2a\u0c4d\u0c30\u0c4a\u0c2b\u0c48\u0c32\u0c4d \u0c1a\u0c3f\u0c24\u0c4d\u0c30\u0c02\" \/><\/a><\/li>\n<li><a href=\"https:\/\/www.instagram.com\/lospatos\/?hl=te\">https:\/\/www.instagram.com\/lospatos\/?hl=te<\/a>\/<a href=\"http:\/\/www.los-patos.com\">www.los-patos.com<\/a>\n<div class=\"html-div xdj266r x14z9mp xat24cr x1lziwak xexx8yu xyri2b x18d9i69 x1c1uobl x9f619 xjbqb8w x78zum5 x15mokao x1ga7v0g x16uus16 xbiv7yw x1uhb9sk x1plvlek xryxfnj x1c4vz4f x2lah0s x1q0g3np xqjyukv x6s0dn4 x1oa3qoh x1nhvcw1\"><\/div>\n<\/li>\n<\/ul>\n<\/div>\n<\/div>\n<div class=\"html-div xdj266r x14z9mp xat24cr x1lziwak xexx8yu xyri2b x18d9i69 x1c1uobl x9f619 xjbqb8w x78zum5 x15mokao x1ga7v0g x16uus16 xbiv7yw x1uhb9sk x1plvlek xryxfnj x1iyjqo2 x2lwn1j xeuugli x1q0g3np xqjyukv x1qjc9v5 x1oa3qoh x1nhvcw1\">\n<div class=\"html-div xdj266r x14z9mp xat24cr x1lziwak xexx8yu xyri2b x18d9i69 x1c1uobl x9f619 xjbqb8w x78zum5 x15mokao x1ga7v0g x16uus16 xbiv7yw x1uhb9sk x1plvlek xryxfnj x1iyjqo2 x2lwn1j xeuugli xdt5ytf xqjyukv x1qjc9v5 x1oa3qoh x1nhvcw1\">\n<div class=\"html-div xdj266r x14z9mp xat24cr x1lziwak xexx8yu xyri2b x18d9i69 x1c1uobl x9f619 xjbqb8w x78zum5 x15mokao x1ga7v0g x16uus16 xbiv7yw x1uhb9sk x1plvlek xryxfnj x1c4vz4f x2lah0s xdt5ytf xqjyukv x1qjc9v5 x1oa3qoh x1nhvcw1\">\n<div class=\"html-div xdj266r x14z9mp xat24cr x1lziwak xexx8yu xyri2b x18d9i69 x1c1uobl x9f619 xjbqb8w x78zum5 x15mokao x1ga7v0g x16uus16 xbiv7yw x1uhb9sk x1plvlek xryxfnj x1c4vz4f x2lah0s x1q0g3np xqjyukv x1qjc9v5 x1oa3qoh x1nhvcw1\"><span class=\"x193iq5w xeuugli x13faqbe x1vvkbs xt0psk2 x1i0vuye xvs91rp xo1l8bm x5n08af x10wh9bi xpm28yp x8viiok x1o7cslx x126k92a\"><span class=\"x193iq5w xeuugli x13faqbe x1vvkbs xt0psk2 x1i0vuye xvs91rp xo1l8bm x5n08af x10wh9bi xpm28yp x8viiok x1o7cslx x126k92a\">In\u00e9s Iglesias y Matteo Mastronardi, del estudiu de dise\u00f1o <a class=\"x1i10hfl xjbqb8w x1ejq31n x18oe1m7 x1sy0etr xstzfhl x972fbf x10w94by x1qhh985 x14e42zd x9f619 x1ypdohk xt0psk2 x3ct3a4 xdj266r x14z9mp xat24cr x1lziwak xexx8yu xyri2b x18d9i69 x1c1uobl x16tdsg8 x1hl2dhg xggy1nq x1a2a7pz notranslate _a6hd\" role=\"link\" href=\"https:\/\/www.instagram.com\/lospatos\/?hl=te\">@lospatos<\/a>, <\/span><\/span>c\u00fantennos c\u00f3mo naci\u00f3<strong> la identid\u00e1 visual d&#8217;Uvi\u00e9u Capital Europea de la Cultura 2031.<\/strong> Uni\u00f3n, enerx\u00eda, naturaleza, tradici\u00f3n\u2026 Una imaxe que conecta lo que fuimos, lo que somos y lo que queremos ser. Una identid\u00e1 fluyida, inclusiva y multidireccional.<\/div>\n<p>Mientres la so intervenci\u00f3n, esplicaron l&#8217;usu de los colores, les formes y l&#8217;universu visual que representa a Uvi\u00e9u 2031.<\/p>\n<p>\u201cEl logotipu ye un sistema visual bas\u00e1u nun c\u00edrculu que dexa m\u00faltiples combinaciones. Quer\u00edamos que fora abiertu, que representara a toles persones, cultures y tradiciones implicaes nel procesu.\u201d<\/p>\n<p style=\"text-align: center\"><span class=\"x193iq5w xeuugli x13faqbe x1vvkbs xt0psk2 x1i0vuye xvs91rp xo1l8bm x5n08af x10wh9bi xpm28yp x8viiok x1o7cslx x126k92a\"><span class=\"html-span xexx8yu x4uap5 x18d9i69 xkhd6sd x1hl2dhg x16tdsg8 x1vvkbs x3nfvp2 x1j61x8r x1fcty0u xdj266r xat24cr xgzva0m xhhsvwb xxymvpz xlup9mm x1kky2od\">\n<!-- iframe plugin v.6.0 wordpress.org\/plugins\/iframe\/ -->\n<iframe loading=\"lazy\" src=\"https:\/\/www.instagram.com\/reel\/CxwRbvAIvTg\/embed\" width=\"460\" height=\"625\" 0=\"\/iframe\" scrolling=\"yes\" class=\"iframe-class\" frameborder=\"0\"><\/iframe>\n<\/span><\/span><\/p>\n<ul>\n<li>Poke\u00a0<a class=\"x1i10hfl xjbqb8w x1ejq31n x18oe1m7 x1sy0etr xstzfhl x972fbf x10w94by x1qhh985 x14e42zd x9f619 x1ypdohk xt0psk2 x3ct3a4 xdj266r x14z9mp xat24cr x1lziwak xexx8yu xyri2b x18d9i69 x1c1uobl x16tdsg8 x1hl2dhg xggy1nq x1a2a7pz notranslate _a6hd\" role=\"link\" href=\"https:\/\/www.instagram.com\/capsatalent\/?hl=te\">@capsatalent<\/a>\u00a0<a class=\"x1i10hfl xjbqb8w x1ejq31n x18oe1m7 x1sy0etr xstzfhl x972fbf x10w94by x1qhh985 x14e42zd x9f619 x1ypdohk xt0psk2 x3ct3a4 xdj266r x14z9mp xat24cr x1lziwak xexx8yu xyri2b x18d9i69 x1c1uobl x16tdsg8 x1hl2dhg xggy1nq x1a2a7pz notranslate _a6hd\" role=\"link\" href=\"https:\/\/www.instagram.com\/central_lechera_asturiana\/?hl=te\">@central_lechera_asturiana<\/a><br \/>\n<a class=\"x1i10hfl xjbqb8w x1ejq31n x18oe1m7 x1sy0etr xstzfhl x972fbf x10w94by x1qhh985 x14e42zd x9f619 x1ypdohk xt0psk2 x3ct3a4 xdj266r x14z9mp xat24cr x1lziwak xexx8yu xyri2b x18d9i69 x1c1uobl x16tdsg8 x1hl2dhg xggy1nq x1a2a7pz notranslate _a6hd\" role=\"link\" href=\"https:\/\/www.instagram.com\/lapincheagencia\/?hl=te\">@lapincheagencia<\/a>\u00a0\ud83e\udd1c\ud83d\udca5\ud83e\udd1b<\/li>\n<\/ul>\n<\/div>\n<\/div>\n<\/div>\n<\/div>\n<\/div>\n<\/div>\n","protected":false},"excerpt":{"rendered":"<p>Una esplosi\u00f3n d&#8217;enerx\u00eda y color\u00edu: asina ye&#8217;l cartelu de San Mateo n&#8217;Uvi\u00e9u (esplic\u00e1u polos sos autores) Matteo Mastronardi ya In\u00e9s Iglesias dise\u00f1en una obra que remembra \u00abpi\u00f1ates y cais engalanaes\u00bb. LNE \u00abUna esplosi\u00f3n de color y movimientu que remembra pi\u00f1ates y cais engalanaes\u00bb. Asina se refieren In\u00e9s Iglesias y Matteo Mastronardi, autores del cartelu de [&hellip;]<\/p>\n","protected":false},"author":117,"featured_media":0,"comment_status":"closed","ping_status":"open","sticky":false,"template":"","format":"standard","meta":{"footnotes":""},"categories":[214],"tags":[],"class_list":["post-56685","post","type-post","status-publish","format-standard","hentry","category-cartelos"],"_links":{"self":[{"href":"https:\/\/edublog.educastur.es\/ixuxu\/wp-json\/wp\/v2\/posts\/56685","targetHints":{"allow":["GET"]}}],"collection":[{"href":"https:\/\/edublog.educastur.es\/ixuxu\/wp-json\/wp\/v2\/posts"}],"about":[{"href":"https:\/\/edublog.educastur.es\/ixuxu\/wp-json\/wp\/v2\/types\/post"}],"author":[{"embeddable":true,"href":"https:\/\/edublog.educastur.es\/ixuxu\/wp-json\/wp\/v2\/users\/117"}],"replies":[{"embeddable":true,"href":"https:\/\/edublog.educastur.es\/ixuxu\/wp-json\/wp\/v2\/comments?post=56685"}],"version-history":[{"count":6,"href":"https:\/\/edublog.educastur.es\/ixuxu\/wp-json\/wp\/v2\/posts\/56685\/revisions"}],"predecessor-version":[{"id":56692,"href":"https:\/\/edublog.educastur.es\/ixuxu\/wp-json\/wp\/v2\/posts\/56685\/revisions\/56692"}],"wp:attachment":[{"href":"https:\/\/edublog.educastur.es\/ixuxu\/wp-json\/wp\/v2\/media?parent=56685"}],"wp:term":[{"taxonomy":"category","embeddable":true,"href":"https:\/\/edublog.educastur.es\/ixuxu\/wp-json\/wp\/v2\/categories?post=56685"},{"taxonomy":"post_tag","embeddable":true,"href":"https:\/\/edublog.educastur.es\/ixuxu\/wp-json\/wp\/v2\/tags?post=56685"}],"curies":[{"name":"wp","href":"https:\/\/api.w.org\/{rel}","templated":true}]}}