{"id":56698,"date":"2025-08-31T08:15:34","date_gmt":"2025-08-31T06:15:34","guid":{"rendered":"https:\/\/edublog.educastur.es\/ixuxu\/?p=56698"},"modified":"2025-08-31T20:44:07","modified_gmt":"2025-08-31T18:44:07","slug":"estau-del-tiempu-vienres-29-dagostu","status":"publish","type":"post","link":"https:\/\/edublog.educastur.es\/ixuxu\/2025\/08\/estau-del-tiempu-vienres-29-dagostu\/","title":{"rendered":"Est\u00e1u del tiempu: vienres 29 d&#8217;agostu"},"content":{"rendered":"<div class=\"html-div xdj266r x14z9mp xat24cr x1lziwak xexx8yu x1a8lsjc xf7dkkf xv54qhq\">\n<div class=\"html-div xdj266r x14z9mp xat24cr x1lziwak xexx8yu xyri2b x18d9i69 x1c1uobl x1jx94hy x78zum5 x1q0g3np\">\n<div class=\"x78zum5 xdt5ytf xz62fqu x16ldp7u\">\n<div class=\"xu06os2 x1ok221b\">\n<div class=\"html-div xdj266r x14z9mp xat24cr x1lziwak xexx8yu xyri2b x18d9i69 x1c1uobl\" data-ad-rendering-role=\"profile_name\">\n<ul>\n<li class=\"html-h3 x14z9mp xat24cr x1lziwak xexx8yu xyri2b x18d9i69 x1c1uobl x1vvkbs x1heor9g x1qlqyl8 x1pd3egz x1a2a7pz x1gslohp x1yc453h\"><span class=\"x1lliihq x6ikm8r x10wlt62 x1n2onr6\"><span class=\"xt0psk2\"><a class=\"x1i10hfl xjbqb8w x1ejq31n x18oe1m7 x1sy0etr xstzfhl x972fbf x10w94by x1qhh985 x14e42zd x9f619 x1ypdohk xt0psk2 x3ct3a4 xdj266r x14z9mp xat24cr x1lziwak xexx8yu xyri2b x18d9i69 x1c1uobl x16tdsg8 x1hl2dhg xggy1nq x1a2a7pz xkrqix3 x1sur9pj xzsf02u x1s688f\" role=\"link\" href=\"https:\/\/www.facebook.com\/eltiempuenasturies?__cft__[0]=AZWdWNCFOKn9tWR9JFFeiVXM-D5qNgv87NZbvZvdoYzh1rTrdLwzywDVX4ovNRxN5Qj6lbzlx2delO3Xg9w1dObIvNhJNoLiN6mrU7Gc7TZu6SvdYF2ABpxbB6o-PVgwKINJMX5Jzonytbsagn8PbGqFxME3qnpjhNyOMQqfj7TjrOjMHjcdnPXV5RQh0Mse5O3cGKsTWa4SG4iKfOee9qSk&amp;__tn__=-UC%2CP-y-R\"><b class=\"html-b xdj266r x14z9mp xat24cr x1lziwak xexx8yu xyri2b x18d9i69 x1c1uobl x1hl2dhg x16tdsg8 x1vvkbs x1s688f\"><span class=\"html-span xdj266r x14z9mp xat24cr x1lziwak xexx8yu xyri2b x18d9i69 x1c1uobl x1hl2dhg x16tdsg8 x1vvkbs\">El Tiempu n&#8217;Asturies.<\/span><\/b><\/a><\/span><\/span><\/li>\n<\/ul>\n<p style=\"text-align: center\"><a href=\"http:\/\/edublog.educastur.es\/ixuxu\/files\/2024\/11\/467747825_894074599540617_1227988172354431857_n.jpg\"><img loading=\"lazy\" decoding=\"async\" class=\"aligncenter  wp-image-36071\" src=\"http:\/\/edublog.educastur.es\/ixuxu\/files\/2024\/11\/467747825_894074599540617_1227988172354431857_n.jpg\" alt=\"\" width=\"332\" height=\"230\" srcset=\"https:\/\/edublog.educastur.es\/ixuxu\/files\/2024\/11\/467747825_894074599540617_1227988172354431857_n.jpg 450w, https:\/\/edublog.educastur.es\/ixuxu\/files\/2024\/11\/467747825_894074599540617_1227988172354431857_n-300x208.jpg 300w, https:\/\/edublog.educastur.es\/ixuxu\/files\/2024\/11\/467747825_894074599540617_1227988172354431857_n-433x300.jpg 433w\" sizes=\"auto, (max-width: 332px) 100vw, 332px\" \/><\/a><\/p>\n<\/div>\n<\/div>\n<div class=\"xu06os2 x1ok221b\"><\/div>\n<\/div>\n<\/div>\n<\/div>\n<div class=\"html-div xdj266r x14z9mp xat24cr x1lziwak xexx8yu xyri2b x18d9i69 x1c1uobl\" dir=\"auto\">\n<div class=\"html-div xdj266r x14z9mp xat24cr x1lziwak xexx8yu xyri2b x18d9i69 x1c1uobl\" dir=\"auto\">\n<div class=\"html-div xdj266r x14z9mp xat24cr x1lziwak xexx8yu xyri2b x18d9i69 x1c1uobl\" data-ad-rendering-role=\"story_message\">\n<div class=\"x1l90r2v x1iorvi4 x1g0dm76 xpdmqnj\" data-ad-comet-preview=\"message\" data-ad-preview=\"message\">\n<div class=\"x78zum5 xdt5ytf xz62fqu x16ldp7u\">\n<div class=\"xu06os2 x1ok221b\">\n<div class=\"html-div xdj266r x14z9mp xat24cr x1lziwak xexx8yu xyri2b x18d9i69 x1c1uobl\">\n<div class=\"x14z9mp xat24cr x1lziwak x1vvkbs xtlvy1s x126k92a\">\n<ul>\n<li dir=\"auto\"><span style=\"color: #008080\"><strong>Alborecemos<\/strong><\/span> col cielu nuboso ya inclusu con dalguna gotera pela costa, am\u00e1s l&#8217;aire gallegu sopla con raches moderaes y fae que suban les temperatures nel llitoral onde tan alrodiu de los 20\u00baC, mentantu nel interio rondamos los 17\u00baC, rexistr\u00e1ndose nel puirtu Payares 9,6\u00baC.<\/li>\n<\/ul>\n<\/div>\n<div class=\"x14z9mp xat24cr x1lziwak x1vvkbs xtlvy1s x126k92a\">\n<ul>\n<li dir=\"auto\"><span style=\"color: #008080\"><strong>G\u00fcei<\/strong> <\/span>vamos tener intervalos nubosos con nubosid\u00e1 m\u00e1s abondosa pela costa, onde nun se descarten delles precipitaciones febles a lu llargu del d\u00eda, nel restu sedr\u00e1n mui poco probables y de dase al atapecer. Les temperatures n&#8217;ascensu y l&#8217;aire gallegu moder\u00e1u con dalguna racha fuerte en zones espuestes.<\/li>\n<\/ul>\n<p><!--more--><\/p>\n<\/div>\n<div class=\"x14z9mp xat24cr x1lziwak x1vvkbs xtlvy1s x126k92a\">\n<ul>\n<li dir=\"auto\"><span style=\"color: #008080\"><strong>Ma\u00f1ana s\u00e1badu<\/strong><\/span> amenorgar\u00e1 l&#8217;aire y la nubosid\u00e1 col cielu poco nuboso nes hores centrales del d\u00eda, am\u00e1s les temperatures van subir moderadamente. A \u00faltimes hores tornar\u00e1n les nubes ya inclusu podr\u00eda cayer dalguna gotera.<\/li>\n<\/ul>\n<\/div>\n<div class=\"x14z9mp xat24cr x1lziwak x1vvkbs xtlvy1s x126k92a\">\n<ul>\n<li dir=\"auto\"><span style=\"color: #008080\"><strong>Durante&#8217;l riscar del domingu<\/strong><\/span> un frente poco activu mos dexar\u00e1 precipitaciones febles en xeneral. Una vegada que pase van dir dixebr\u00e1ndose les nubes pa dexanos el cielu poco nuboso a partir del mediud\u00eda, mentantu dir\u00e1n desendolc\u00e1ndose les nubes de forma vertical na cordelera, pa dexanos dalg\u00fan xarabatu de calter tormentosu al final de la tarde. Les temperatures en descensu y l&#8217;aire gallegu tornar\u00e1 a soplar con fuercia.<\/li>\n<\/ul>\n<\/div>\n<div class=\"x14z9mp xat24cr x1lziwak x1vvkbs xtlvy1s x126k92a\">\n<ul>\n<li dir=\"auto\"><span style=\"color: #008080\"><strong>Los tres primeros d\u00edes de la selmana viniente<\/strong><\/span> paez que tendremos xarabatos durante les tardes, tando m\u00e1s bono peles ma\u00f1anes, dempu\u00e9s tien a estabilizase&#8217;l tiempu con ascensu de les temperatures y bonos ratos de sol pero esto y\u00e1 lu diremos viendo.<\/li>\n<\/ul>\n<\/div>\n<div class=\"x14z9mp xat24cr x1lziwak x1vvkbs xtlvy1s x126k92a\"><\/div>\n<\/div>\n<\/div>\n<\/div>\n<\/div>\n<\/div>\n<\/div>\n<\/div>\n<p>&nbsp;<\/p>\n","protected":false},"excerpt":{"rendered":"<p>El Tiempu n&#8217;Asturies. Alborecemos col cielu nuboso ya inclusu con dalguna gotera pela costa, am\u00e1s l&#8217;aire gallegu sopla con raches moderaes y fae que suban les temperatures nel llitoral onde tan alrodiu de los 20\u00baC, mentantu nel interio rondamos los 17\u00baC, rexistr\u00e1ndose nel puirtu Payares 9,6\u00baC. G\u00fcei vamos tener intervalos nubosos con nubosid\u00e1 m\u00e1s abondosa [&hellip;]<\/p>\n","protected":false},"author":117,"featured_media":0,"comment_status":"closed","ping_status":"open","sticky":false,"template":"","format":"standard","meta":{"footnotes":""},"categories":[5],"tags":[],"class_list":["post-56698","post","type-post","status-publish","format-standard","hentry","category-tiempu"],"_links":{"self":[{"href":"https:\/\/edublog.educastur.es\/ixuxu\/wp-json\/wp\/v2\/posts\/56698","targetHints":{"allow":["GET"]}}],"collection":[{"href":"https:\/\/edublog.educastur.es\/ixuxu\/wp-json\/wp\/v2\/posts"}],"about":[{"href":"https:\/\/edublog.educastur.es\/ixuxu\/wp-json\/wp\/v2\/types\/post"}],"author":[{"embeddable":true,"href":"https:\/\/edublog.educastur.es\/ixuxu\/wp-json\/wp\/v2\/users\/117"}],"replies":[{"embeddable":true,"href":"https:\/\/edublog.educastur.es\/ixuxu\/wp-json\/wp\/v2\/comments?post=56698"}],"version-history":[{"count":2,"href":"https:\/\/edublog.educastur.es\/ixuxu\/wp-json\/wp\/v2\/posts\/56698\/revisions"}],"predecessor-version":[{"id":56700,"href":"https:\/\/edublog.educastur.es\/ixuxu\/wp-json\/wp\/v2\/posts\/56698\/revisions\/56700"}],"wp:attachment":[{"href":"https:\/\/edublog.educastur.es\/ixuxu\/wp-json\/wp\/v2\/media?parent=56698"}],"wp:term":[{"taxonomy":"category","embeddable":true,"href":"https:\/\/edublog.educastur.es\/ixuxu\/wp-json\/wp\/v2\/categories?post=56698"},{"taxonomy":"post_tag","embeddable":true,"href":"https:\/\/edublog.educastur.es\/ixuxu\/wp-json\/wp\/v2\/tags?post=56698"}],"curies":[{"name":"wp","href":"https:\/\/api.w.org\/{rel}","templated":true}]}}