{"id":56718,"date":"2025-08-30T19:50:20","date_gmt":"2025-08-30T17:50:20","guid":{"rendered":"https:\/\/edublog.educastur.es\/ixuxu\/?p=56718"},"modified":"2025-08-31T22:28:50","modified_gmt":"2025-08-31T20:28:50","slug":"liv-descensu-internacional-del-riu-deva","status":"publish","type":"post","link":"https:\/\/edublog.educastur.es\/ixuxu\/2025\/08\/liv-descensu-internacional-del-riu-deva\/","title":{"rendered":"LIV Descensu Internacional del R\u00edu Deva"},"content":{"rendered":"<div class=\"html-div xdj266r x14z9mp xat24cr x1lziwak xexx8yu x1a8lsjc xf7dkkf xv54qhq\">\n<div class=\"html-div xdj266r x14z9mp xat24cr x1lziwak xexx8yu xyri2b x18d9i69 x1c1uobl x1jx94hy x78zum5 x1q0g3np\">\n<div class=\"x78zum5 xdt5ytf xz62fqu x16ldp7u\">\n<div class=\"xu06os2 x1ok221b\">\n<div class=\"html-div xdj266r x14z9mp xat24cr x1lziwak xexx8yu xyri2b x18d9i69 x1c1uobl\" data-ad-rendering-role=\"profile_name\">\n<ul>\n<li class=\"html-h3 x14z9mp xat24cr x1lziwak xexx8yu xyri2b x18d9i69 x1c1uobl x1vvkbs x1heor9g x1qlqyl8 x1pd3egz x1a2a7pz x1gslohp x1yc453h\"><span class=\"x1lliihq x6ikm8r x10wlt62 x1n2onr6\"><span class=\"xt0psk2\"><a class=\"x1i10hfl xjbqb8w x1ejq31n x18oe1m7 x1sy0etr xstzfhl x972fbf x10w94by x1qhh985 x14e42zd x9f619 x1ypdohk xt0psk2 x3ct3a4 xdj266r x14z9mp xat24cr x1lziwak xexx8yu xyri2b x18d9i69 x1c1uobl x16tdsg8 x1hl2dhg xggy1nq x1a2a7pz xkrqix3 x1sur9pj xzsf02u x1s688f\" role=\"link\" href=\"https:\/\/www.facebook.com\/educastur?__cft__[0]=AZVIIsz5SQV4Y137NlMpzbjwxWZYsI7oH7vyBX5Ah46mEslMtRHHJPd9vBpGS-D-waheDhQiTHOkqeFQcQvOY5u5_X0JJV4FO-cdRnTnz6mD5Z3vxwl2_RoXUh4kXLt5Su51PNxJgcDD8sI2dDjgM6ZkiFDKC66gsKIr3gqFK2PKCBUNmMMmQ5aUsacazfwetkYmNZbkTS0oYonXjHDIR1Qh&amp;__tn__=-UC%2CP-y-R\"><b class=\"html-b xdj266r x14z9mp xat24cr x1lziwak xexx8yu xyri2b x18d9i69 x1c1uobl x1hl2dhg x16tdsg8 x1vvkbs x1s688f\"><span class=\"html-span xdj266r x14z9mp xat24cr x1lziwak xexx8yu xyri2b x18d9i69 x1c1uobl x1hl2dhg x16tdsg8 x1vvkbs\">Consejer\u00eda de Educaci\u00f3n del Principado<\/span><\/b><\/a><\/span><\/span><\/li>\n<\/ul>\n<\/div>\n<\/div>\n<div class=\"xu06os2 x1ok221b\">\n<div class=\"html-div xdj266r x14z9mp xat24cr x1lziwak xexx8yu xyri2b x18d9i69 x1c1uobl x6s0dn4 x17zd0t2 x78zum5 x1q0g3np x1a02dak\"><img loading=\"lazy\" decoding=\"async\" class=\"xz74otr x15mokao x1ga7v0g x16uus16 xbiv7yw\" src=\"https:\/\/static.xx.fbcdn.net\/images\/emoji.php\/v9\/t5e\/1\/16\/1f6f6.png\" alt=\"\ud83d\udef6\" width=\"16\" height=\"16\" \/> La conseyera d&#8217;Educaci\u00f3n, Eva Ledo, asisti\u00f3 esta tarde al <strong><span style=\"color: #008080\">LIV Descensu Internacional del R\u00edu Deva<\/span><\/strong>, en representaci\u00f3n del Princip\u00e1u d&#8217;Asturies. Ledo particip\u00f3 nel desfile y la salida de la prueba en Panes (Pel\u00f1amellera Baxa) y, darr\u00e9u, guard\u00f3 la llegada de los palistes a la meta d&#8217;Unquera (Val de San Vicente), onde particip\u00f3 na entrega de premios. La conseyera destac\u00f3 la importancia d&#8217;esta prueba deportiva, que cada branu hermana a les comunidaes d&#8217;Asturies y Cantabria<\/div>\n<\/div>\n<\/div>\n<\/div>\n<\/div>\n<div class=\"html-div xdj266r x14z9mp xat24cr x1lziwak xexx8yu xyri2b x18d9i69 x1c1uobl\" dir=\"auto\">\n<div class=\"html-div xdj266r x14z9mp xat24cr x1lziwak xexx8yu xyri2b x18d9i69 x1c1uobl\" dir=\"auto\">\n<div class=\"html-div xdj266r x14z9mp xat24cr x1lziwak xexx8yu xyri2b x18d9i69 x1c1uobl\" data-ad-rendering-role=\"story_message\">\n<div class=\"x1l90r2v x1iorvi4 x1g0dm76 xpdmqnj\" data-ad-comet-preview=\"message\" data-ad-preview=\"message\">\n<div class=\"x78zum5 xdt5ytf xz62fqu x16ldp7u\">\n<div class=\"xu06os2 x1ok221b\">\n<div class=\"html-div xdj266r x14z9mp xat24cr x1lziwak xexx8yu xyri2b x18d9i69 x1c1uobl\">\n<div class=\"xdj266r x14z9mp xat24cr x1lziwak x1vvkbs x126k92a\">\n<ul>\n<li dir=\"auto\"><a href=\"https:\/\/es.wikipedia.org\/wiki\/R\u00edo_Deva\">R\u00edu Deva<\/a> \/<span class=\"field-wrapper\"><span class=\"important\">Pe\u00f1amellera Baxa, Ribadedeva \/ <\/span><span class=\"text d-block\">Oriente d&#8217;Asturies<\/span><\/span><\/li>\n<li class=\"article-list-item\"><span class=\"fas fa-ruler\"><span class=\"hide-accessible\">Extensi\u00f3n<\/span><\/span><span class=\"field-wrapper\"><span class=\"field\">:<\/span>\u00a0<span class=\"text\">60 km\u00a0<sup>2<\/sup><\/span><\/span><\/li>\n<\/ul>\n<p style=\"text-align: center\">\n<!-- iframe plugin v.6.0 wordpress.org\/plugins\/iframe\/ -->\n<iframe loading=\"lazy\" src=\"https:\/\/www.facebook.com\/plugins\/post.php?href=https%3A%2F%2Fwww.facebook.com%2Fphoto.php%3Ffbid%3D752001444471369%26set%3Da.108910392113814%26type%3D3&#038;show_text=false&#038;width=500\" width=\"500\" height=\"811\" style=\"border:none;overflow:hidden\" scrolling=\"no\" frameborder=\"0\" allowfullscreen=\"true\" allow=\"autoplay; clipboard-write; encrypted-media; picture-in-picture; web-share\" 0=\"\/iframe\" class=\"iframe-class\"><\/iframe>\n<\/p>\n<p><!--more--><\/p>\n<p>El r\u00edu Deva ye un r\u00edu del norte d&#8217;Espa\u00f1a, na Cornisa Cant\u00e1brica, qu&#8217;escurre per Cantabria y el Princip\u00e1u d&#8217;Asturies.<\/p>\n<p style=\"text-align: center\"><a href=\"https:\/\/encrypted-tbn2.gstatic.com\/licensed-image?q=tbn:ANd9GcQp_xDCA28HvOwmisqFgtMItbFvh2Z1v0fITuRKMBTWIwZr4caWY1kBpu-eyUsUExY_HM3s10UdiSOfi6ReNs32NiDXbe87lO8qzEUMRA\"><img loading=\"lazy\" decoding=\"async\" class=\"aligncenter size-large\" src=\"https:\/\/encrypted-tbn2.gstatic.com\/licensed-image?q=tbn:ANd9GcQp_xDCA28HvOwmisqFgtMItbFvh2Z1v0fITuRKMBTWIwZr4caWY1kBpu-eyUsUExY_HM3s10UdiSOfi6ReNs32NiDXbe87lO8qzEUMRA\" width=\"675\" height=\"390\" \/><\/a><\/p>\n<p><strong>Xeograf\u00eda<\/strong> La so nacencia at\u00f3pase en Fonte De (Cantabria), result\u00e1u de m\u00faltiples regueros procedentes del destemple, y <strong>desagua nel mar Cant\u00e1bricu na <a href=\"https:\/\/es.wikipedia.org\/wiki\/R\u00eda_de_Tina_Mayor\">r\u00eda de Tina Mayor<\/a>, la cual marca la llende ente&#8217;l Princip\u00e1u d&#8217;Asturies y la Comunid\u00e1 de Cantabria.<\/strong> El nome an\u00edciase na diosa celta Deva (com\u00fan a otros pueblos celtes).<\/p>\n<p>&nbsp;<\/p>\n<p style=\"text-align: center\"><a href=\"https:\/\/upload.wikimedia.org\/wikipedia\/commons\/thumb\/b\/b2\/Panes_11_35_08_821000.jpeg\/1280px-Panes_11_35_08_821000.jpeg\"><img loading=\"lazy\" decoding=\"async\" class=\"aligncenter \" src=\"https:\/\/upload.wikimedia.org\/wikipedia\/commons\/thumb\/b\/b2\/Panes_11_35_08_821000.jpeg\/1280px-Panes_11_35_08_821000.jpeg\" width=\"682\" height=\"512\" \/><\/a><\/p>\n<\/div>\n<\/div>\n<\/div>\n<\/div>\n<\/div>\n<\/div>\n<\/div>\n<\/div>\n<p><strong>El r\u00edu Cares<\/strong> ye&#8217;l so mayor afluente y este escurre pela parte asturiana, <strong>xuni\u00e9ndose al Deva na localid\u00e1 de Panes<\/strong> un pocu m\u00e1s embaxo de Ponte Ll\u00e9s. Tanto&#8217;l Deva como&#8217;l Cares son famosos polos sos salmones, lo que da a la villa de Panes un gran movimientu de pescadores de tolos llugares na so d\u00f3mina. Otros afluentes son los r\u00edos Urd\u00f3n, Quiviesa y Bull\u00f3n.<\/p>\n<p style=\"text-align: center\"><a href=\"https:\/\/upload.wikimedia.org\/wikipedia\/commons\/f\/ff\/Rio_Deva.png\"><img loading=\"lazy\" decoding=\"async\" class=\"aligncenter size-large\" src=\"https:\/\/upload.wikimedia.org\/wikipedia\/commons\/f\/ff\/Rio_Deva.png\" width=\"395\" height=\"443\" \/><\/a><\/p>\n","protected":false},"excerpt":{"rendered":"<p>Consejer\u00eda de Educaci\u00f3n del Principado La conseyera d&#8217;Educaci\u00f3n, Eva Ledo, asisti\u00f3 esta tarde al LIV Descensu Internacional del R\u00edu Deva, en representaci\u00f3n del Princip\u00e1u d&#8217;Asturies. Ledo particip\u00f3 nel desfile y la salida de la prueba en Panes (Pel\u00f1amellera Baxa) y, darr\u00e9u, guard\u00f3 la llegada de los palistes a la meta d&#8217;Unquera (Val de San Vicente), [&hellip;]<\/p>\n","protected":false},"author":117,"featured_media":0,"comment_status":"closed","ping_status":"open","sticky":false,"template":"","format":"standard","meta":{"footnotes":""},"categories":[133,454],"tags":[],"class_list":["post-56718","post","type-post","status-publish","format-standard","hentry","category-deportes","category-rios"],"_links":{"self":[{"href":"https:\/\/edublog.educastur.es\/ixuxu\/wp-json\/wp\/v2\/posts\/56718","targetHints":{"allow":["GET"]}}],"collection":[{"href":"https:\/\/edublog.educastur.es\/ixuxu\/wp-json\/wp\/v2\/posts"}],"about":[{"href":"https:\/\/edublog.educastur.es\/ixuxu\/wp-json\/wp\/v2\/types\/post"}],"author":[{"embeddable":true,"href":"https:\/\/edublog.educastur.es\/ixuxu\/wp-json\/wp\/v2\/users\/117"}],"replies":[{"embeddable":true,"href":"https:\/\/edublog.educastur.es\/ixuxu\/wp-json\/wp\/v2\/comments?post=56718"}],"version-history":[{"count":2,"href":"https:\/\/edublog.educastur.es\/ixuxu\/wp-json\/wp\/v2\/posts\/56718\/revisions"}],"predecessor-version":[{"id":56720,"href":"https:\/\/edublog.educastur.es\/ixuxu\/wp-json\/wp\/v2\/posts\/56718\/revisions\/56720"}],"wp:attachment":[{"href":"https:\/\/edublog.educastur.es\/ixuxu\/wp-json\/wp\/v2\/media?parent=56718"}],"wp:term":[{"taxonomy":"category","embeddable":true,"href":"https:\/\/edublog.educastur.es\/ixuxu\/wp-json\/wp\/v2\/categories?post=56718"},{"taxonomy":"post_tag","embeddable":true,"href":"https:\/\/edublog.educastur.es\/ixuxu\/wp-json\/wp\/v2\/tags?post=56718"}],"curies":[{"name":"wp","href":"https:\/\/api.w.org\/{rel}","templated":true}]}}