{"id":56726,"date":"2025-09-01T08:30:04","date_gmt":"2025-09-01T06:30:04","guid":{"rendered":"https:\/\/edublog.educastur.es\/ixuxu\/?p=56726"},"modified":"2025-08-31T22:37:17","modified_gmt":"2025-08-31T20:37:17","slug":"el-tiempu-el-comercio-126","status":"publish","type":"post","link":"https:\/\/edublog.educastur.es\/ixuxu\/2025\/09\/el-tiempu-el-comercio-126\/","title":{"rendered":"El tiempu (El Comercio)"},"content":{"rendered":"<p style=\"text-align: center\"><a href=\"https:\/\/s3.ppllstatics.com\/elcomercio\/www\/multimedia\/2025\/08\/31\/prevision-tiempo-asturias-koXF-U2302588077118HVD-1200x840@El%20Comercio.jpg\"><img loading=\"lazy\" decoding=\"async\" class=\"aligncenter size-large\" src=\"https:\/\/s3.ppllstatics.com\/elcomercio\/www\/multimedia\/2025\/08\/31\/prevision-tiempo-asturias-koXF-U2302588077118HVD-1200x840@El%20Comercio.jpg\" width=\"1198\" height=\"840\" \/><\/a><\/p>\n<p>&nbsp;<\/p>\n<p><strong>Da entamu la seronda meteorol\u00f3xica que siempres empieza&#8217;l primer d\u00eda de setiembre.<\/strong> Esperamos nubes y escamplaes pela ma\u00f1ana con encl\u00edn a aumentar la nubosid\u00e1 conforme meyora la xornada. Nun se refuguen dellos bastios, especialmente a partir del mediud\u00eda. Esta inestabilid\u00e1 va unviar mientres la tarde para dar pasu a una nueche muncho m\u00e1s estable na que, am\u00e1s, van abrise claros. <strong>Los vientos<\/strong> van soplar de componente oeste con raches moderaes que podr\u00eden ser inclusive locamente fuertes na mari\u00f1a.<\/p>\n<p>L&#8217;Axencia Estatal de Meteorolox\u00eda va activar <strong>hasta les 17:00 hores de la tarde<\/strong> l&#8217;avisu mariellu na mar por posibilid\u00e1 de foles d&#8217;hasta 4 metros al igual que pola probabilid\u00e1 de raches fuertes de vientu.<strong> Les temperatures m\u00e1ximes<\/strong> van caltenese ensin cambeos o, s\u00eda que non, van baxar bien llixeramente.<strong> Les m\u00ednimes<\/strong> nun van variar al respective de les anotaes el domingu.<\/p>\n<p><!--more--><\/p>\n<p><strong>El martes<\/strong> va ser un d\u00eda soleyeru con, a lo sumo, delles nubes de tipu altu mientres la ma\u00f1ana. <strong>Les temperatures<\/strong> van xubir de forma xeneralizada gracies al predominiu de vientos de suroeste-oeste. Les temperatures van siguir xubiendo&#8217;l <strong>mi\u00e9rcoles.<\/strong><\/p>\n","protected":false},"excerpt":{"rendered":"<p>&nbsp; Da entamu la seronda meteorol\u00f3xica que siempres empieza&#8217;l primer d\u00eda de setiembre. Esperamos nubes y escamplaes pela ma\u00f1ana con encl\u00edn a aumentar la nubosid\u00e1 conforme meyora la xornada. Nun se refuguen dellos bastios, especialmente a partir del mediud\u00eda. Esta inestabilid\u00e1 va unviar mientres la tarde para dar pasu a una nueche muncho m\u00e1s estable [&hellip;]<\/p>\n","protected":false},"author":117,"featured_media":0,"comment_status":"closed","ping_status":"open","sticky":false,"template":"","format":"standard","meta":{"footnotes":""},"categories":[5],"tags":[],"class_list":["post-56726","post","type-post","status-publish","format-standard","hentry","category-tiempu"],"_links":{"self":[{"href":"https:\/\/edublog.educastur.es\/ixuxu\/wp-json\/wp\/v2\/posts\/56726","targetHints":{"allow":["GET"]}}],"collection":[{"href":"https:\/\/edublog.educastur.es\/ixuxu\/wp-json\/wp\/v2\/posts"}],"about":[{"href":"https:\/\/edublog.educastur.es\/ixuxu\/wp-json\/wp\/v2\/types\/post"}],"author":[{"embeddable":true,"href":"https:\/\/edublog.educastur.es\/ixuxu\/wp-json\/wp\/v2\/users\/117"}],"replies":[{"embeddable":true,"href":"https:\/\/edublog.educastur.es\/ixuxu\/wp-json\/wp\/v2\/comments?post=56726"}],"version-history":[{"count":1,"href":"https:\/\/edublog.educastur.es\/ixuxu\/wp-json\/wp\/v2\/posts\/56726\/revisions"}],"predecessor-version":[{"id":56727,"href":"https:\/\/edublog.educastur.es\/ixuxu\/wp-json\/wp\/v2\/posts\/56726\/revisions\/56727"}],"wp:attachment":[{"href":"https:\/\/edublog.educastur.es\/ixuxu\/wp-json\/wp\/v2\/media?parent=56726"}],"wp:term":[{"taxonomy":"category","embeddable":true,"href":"https:\/\/edublog.educastur.es\/ixuxu\/wp-json\/wp\/v2\/categories?post=56726"},{"taxonomy":"post_tag","embeddable":true,"href":"https:\/\/edublog.educastur.es\/ixuxu\/wp-json\/wp\/v2\/tags?post=56726"}],"curies":[{"name":"wp","href":"https:\/\/api.w.org\/{rel}","templated":true}]}}