{"id":56741,"date":"2025-09-01T10:14:35","date_gmt":"2025-09-01T08:14:35","guid":{"rendered":"https:\/\/edublog.educastur.es\/ixuxu\/?p=56741"},"modified":"2025-09-01T22:45:33","modified_gmt":"2025-09-01T20:45:33","slug":"the-asturianer-n-56-el-despertar-de-la-tierra","status":"publish","type":"post","link":"https:\/\/edublog.educastur.es\/ixuxu\/2025\/09\/the-asturianer-n-56-el-despertar-de-la-tierra\/","title":{"rendered":"The Asturianer n\u00ba 56: \u00abEl despertar de la tierra\u00bb."},"content":{"rendered":"<p style=\"text-align: center\"><strong><span class=\"x193iq5w xeuugli x13faqbe x1vvkbs xt0psk2 x1i0vuye xvs91rp xo1l8bm x5n08af x10wh9bi xpm28yp x8viiok x1o7cslx x126k92a\"><span class=\"html-span xexx8yu x4uap5 x18d9i69 xkhd6sd x1hl2dhg x16tdsg8 x1vvkbs x3nfvp2 x1j61x8r x1fcty0u xdj266r xat24cr xgzva0m xhhsvwb xxymvpz xlup9mm x1kky2od\">\n<!-- iframe plugin v.6.0 wordpress.org\/plugins\/iframe\/ -->\n<iframe loading=\"lazy\" src=\"https:\/\/www.instagram.com\/reel\/DODHzCUiI4W\/embed\" width=\"500\" height=\"545\" 0=\"\/iframe\" scrolling=\"yes\" class=\"iframe-class\" frameborder=\"0\"><\/iframe>\n<\/span><\/span><\/strong><\/p>\n<div class=\"xyinxu5 xv54qhq x1g2khh7 xf7dkkf\">\n<div class=\"x6s0dn4 x78zum5 x1q0g3np x1nhvcw1 xh8yej3\">\n<div class=\"xbmvrgn\"><\/div>\n<\/div>\n<\/div>\n<div class=\"x5yr21d xw2csxc x1odjw0f x1n2onr6\">\n<div class=\"x9f619 x78zum5 xdt5ytf x5yr21d xexx8yu xv54qhq x1l90r2v xf7dkkf x10l6tqk xh8yej3\">\n<div>\n<div class=\"html-div xdj266r x14z9mp xat24cr x1lziwak xyri2b x1c1uobl x9f619 xjbqb8w x78zum5 x15mokao x1ga7v0g x16uus16 xbiv7yw xsag5q8 xz9dl7a x1uhb9sk x1plvlek xryxfnj x1c4vz4f x2lah0s x1q0g3np xqjyukv x1qjc9v5 x1oa3qoh x1nhvcw1\">\n<div class=\"html-div xdj266r x14z9mp xat24cr x1lziwak xexx8yu xyri2b x18d9i69 x1c1uobl x9f619 xjbqb8w x78zum5 x15mokao x1ga7v0g x16uus16 xbiv7yw x1uhb9sk x1plvlek xryxfnj x1iyjqo2 x2lwn1j xeuugli x1q0g3np xqjyukv x1qjc9v5 x1oa3qoh x1nhvcw1\">\n<div class=\"html-div xdj266r x14z9mp xat24cr x1lziwak xexx8yu xyri2b x18d9i69 x1c1uobl x9f619 xjbqb8w x78zum5 x15mokao x1ga7v0g x16uus16 xbiv7yw x1uhb9sk x1plvlek xryxfnj x1iyjqo2 x2lwn1j xeuugli xdt5ytf xqjyukv x1qjc9v5 x1oa3qoh x1nhvcw1\">\n<div class=\"html-div xdj266r x14z9mp xat24cr x1lziwak xexx8yu xyri2b x18d9i69 x1c1uobl x9f619 xjbqb8w x78zum5 x15mokao x1ga7v0g x16uus16 xbiv7yw x1uhb9sk x1plvlek xryxfnj x1c4vz4f x2lah0s xdt5ytf xqjyukv x1qjc9v5 x1oa3qoh x1nhvcw1\">\n<div class=\"html-div xdj266r x14z9mp xat24cr x1lziwak xexx8yu xyri2b x18d9i69 x1c1uobl x9f619 xjbqb8w x78zum5 x15mokao x1ga7v0g x16uus16 xbiv7yw x1uhb9sk x1plvlek xryxfnj x1c4vz4f x2lah0s x1q0g3np xqjyukv x1qjc9v5 x1oa3qoh x1nhvcw1\" style=\"text-align: center\">THE ASTURIANER N 56 \/ T\u00edtulo EL DESPERTAR DE LA TIERRA \/<br \/>\nAutora M\u00d3NICA L\u00d3PEZ \/ <strong><span style=\"color: #008080\">Texto LETICIA SANCHEZ RUIZ<\/span><\/strong><\/div>\n<p><span style=\"color: #008080\"><em>Damos la bienvenida a setiembre con una reflex\u00f3n urxente tres el dif\u00edcil agostu que dexamos tras:<strong> la creciente\u00a0desconex\u00f3n cola naturaleza.<\/strong><\/em><\/span><\/p>\n<p><span style=\"color: #008080\"><em>Una desconex\u00f3n visible nel nuesu paisaxe f\u00edsico, onde la urbanizaci\u00f3n desatama\u00f1ada borra espacios verdes, pero tami\u00e9n no cultural: xeneraciones enteres creciendo ensin esi venceyu esencial colo natural.<\/em><\/span><\/p>\n<p><span style=\"color: #008080\"><em>\u2028Esti fen\u00f3menu, conoc\u00edu como<strong> \u201cestinci\u00f3n de la esperiencia\u201d, afecta non y\u00e1 a la biodiversid\u00e1, sin\u00f3n tami\u00e9n a nuesa sal\u00fa mental y a&#8217;l nuesu bienestar colectivo.<\/strong><\/em><\/span><\/p>\n<p><span style=\"color: #008080\"><em>Mientres los intereses especulativos llevanten ciudaes de cementu, los \u00e1rboles y espacios verdes sumen\u2026 y collos la posibilid\u00e1 d&#8217;habitar redolaes m\u00e1s humanes y sostenibles.<\/em><\/span><\/p>\n<p><!--more--><\/p>\n<p><span style=\"color: #008080\"><em>La ilustradora\u00a0M\u00f3nica L\u00f3pez\u00a0afigurar con una fuerza po\u00e9tico \u00fanica: <strong>una met\u00e1fora visual que ye casi un berru desesper\u00e1u de la naturaleza reclamando&#8217;l so llugar. \u2028<\/strong>Graduada n&#8217;ilustraci\u00f3n editorial pol ESDIP, M\u00f3nica desenvolvi\u00f3 un llinguaxe art\u00edsticu qu&#8217;esquiza les llendes -o meyor dichu, los\u00a0non-llendes &#8211; ente&#8217;l mundu natural, lo invisible y lo m\u00e1xico.<\/em><\/span><\/p>\n<p><span style=\"color: #008080\"><em>La narrativa de Leticia S\u00e1nchez Ruiz\u00a0esconxura les palabres que dan vida al relatu, cola mesma delicadeza y potencia que M\u00f3nica apurre n&#8217;imaxes.<\/em><\/span><\/p>\n<p><strong><span style=\"color: #008080\"><em>\u00a0Porque reconectar cola naturaleza nun ye un luxu: ye una necesid\u00e1 vital.<\/em><\/span><\/strong><\/p>\n<p><span class=\"x193iq5w xeuugli x13faqbe x1vvkbs xt0psk2 x1i0vuye xvs91rp xo1l8bm x5n08af x10wh9bi xpm28yp x8viiok x1o7cslx x126k92a\"><br \/>\n.<br \/>\n<a class=\"x1i10hfl xjbqb8w x1ejq31n x18oe1m7 x1sy0etr xstzfhl x972fbf x10w94by x1qhh985 x14e42zd x9f619 x1ypdohk xt0psk2 x3ct3a4 xdj266r x14z9mp xat24cr x1lziwak xexx8yu xyri2b x18d9i69 x1c1uobl x16tdsg8 x1hl2dhg xggy1nq x1a2a7pz notranslate _a6hd\" role=\"link\" href=\"https:\/\/www.instagram.com\/orbayando\/\">@orbayando<\/a>.<br \/>\n<a class=\"x1i10hfl xjbqb8w x1ejq31n x18oe1m7 x1sy0etr xstzfhl x972fbf x10w94by x1qhh985 x14e42zd x9f619 x1ypdohk xt0psk2 x3ct3a4 xdj266r x14z9mp xat24cr x1lziwak xexx8yu xyri2b x18d9i69 x1c1uobl x16tdsg8 x1hl2dhg xggy1nq x1a2a7pz notranslate _a6hd\" role=\"link\" href=\"https:\/\/www.instagram.com\/letisaurus\/\">@letisaurus<\/a> .<br \/>\n<a class=\"x1i10hfl xjbqb8w x1ejq31n x18oe1m7 x1sy0etr xstzfhl x972fbf x10w94by x1qhh985 x14e42zd x9f619 x1ypdohk xt0psk2 x3ct3a4 xdj266r x14z9mp xat24cr x1lziwak xexx8yu xyri2b x18d9i69 x1c1uobl x16tdsg8 x1hl2dhg xggy1nq x1a2a7pz notranslate _a6hd\" role=\"link\" href=\"https:\/\/www.instagram.com\/theasturianer\/\">@theasturianer<\/a> .<br \/>\n<a class=\"x1i10hfl xjbqb8w x1ejq31n x18oe1m7 x1sy0etr xstzfhl x972fbf x10w94by x1qhh985 x14e42zd x9f619 x1ypdohk xt0psk2 x3ct3a4 xdj266r x14z9mp xat24cr x1lziwak xexx8yu xyri2b x18d9i69 x1c1uobl x16tdsg8 x1hl2dhg xggy1nq x1a2a7pz _aa9_ _a6hd\" role=\"link\" href=\"https:\/\/www.instagram.com\/explore\/tags\/covermagazine\/\">#covermagazine<\/a>.<br \/>\n<a class=\"x1i10hfl xjbqb8w x1ejq31n x18oe1m7 x1sy0etr xstzfhl x972fbf x10w94by x1qhh985 x14e42zd x9f619 x1ypdohk xt0psk2 x3ct3a4 xdj266r x14z9mp xat24cr x1lziwak xexx8yu xyri2b x18d9i69 x1c1uobl x16tdsg8 x1hl2dhg xggy1nq x1a2a7pz _aa9_ _a6hd\" role=\"link\" href=\"https:\/\/www.instagram.com\/explore\/tags\/asturiasilustracion\/\">#asturiasilustracion<\/a>.<br \/>\n<a class=\"x1i10hfl xjbqb8w x1ejq31n x18oe1m7 x1sy0etr xstzfhl x972fbf x10w94by x1qhh985 x14e42zd x9f619 x1ypdohk xt0psk2 x3ct3a4 xdj266r x14z9mp xat24cr x1lziwak xexx8yu xyri2b x18d9i69 x1c1uobl x16tdsg8 x1hl2dhg xggy1nq x1a2a7pz _aa9_ _a6hd\" role=\"link\" href=\"https:\/\/www.instagram.com\/explore\/tags\/culturaasturiana\/\">#culturaasturiana<\/a>.<br \/>\n<a class=\"x1i10hfl xjbqb8w x1ejq31n x18oe1m7 x1sy0etr xstzfhl x972fbf x10w94by x1qhh985 x14e42zd x9f619 x1ypdohk xt0psk2 x3ct3a4 xdj266r x14z9mp xat24cr x1lziwak xexx8yu xyri2b x18d9i69 x1c1uobl x16tdsg8 x1hl2dhg xggy1nq x1a2a7pz _aa9_ _a6hd\" role=\"link\" href=\"https:\/\/www.instagram.com\/explore\/tags\/naturaleza\/\">#naturaleza<\/a><\/span><\/p>\n<\/div>\n<\/div>\n<\/div>\n<\/div>\n<\/div>\n<\/div>\n<\/div>\n<p>&nbsp;<\/p>\n<p>&nbsp;<\/p>\n","protected":false},"excerpt":{"rendered":"<p>THE ASTURIANER N 56 \/ T\u00edtulo EL DESPERTAR DE LA TIERRA \/ Autora M\u00d3NICA L\u00d3PEZ \/ Texto LETICIA SANCHEZ RUIZ Damos la bienvenida a setiembre con una reflex\u00f3n urxente tres el dif\u00edcil agostu que dexamos tras: la creciente\u00a0desconex\u00f3n cola naturaleza. Una desconex\u00f3n visible nel nuesu paisaxe f\u00edsico, onde la urbanizaci\u00f3n desatama\u00f1ada borra espacios verdes, pero [&hellip;]<\/p>\n","protected":false},"author":117,"featured_media":0,"comment_status":"closed","ping_status":"open","sticky":false,"template":"","format":"standard","meta":{"footnotes":""},"categories":[1],"tags":[],"class_list":["post-56741","post","type-post","status-publish","format-standard","hentry","category-sin-categoria"],"_links":{"self":[{"href":"https:\/\/edublog.educastur.es\/ixuxu\/wp-json\/wp\/v2\/posts\/56741","targetHints":{"allow":["GET"]}}],"collection":[{"href":"https:\/\/edublog.educastur.es\/ixuxu\/wp-json\/wp\/v2\/posts"}],"about":[{"href":"https:\/\/edublog.educastur.es\/ixuxu\/wp-json\/wp\/v2\/types\/post"}],"author":[{"embeddable":true,"href":"https:\/\/edublog.educastur.es\/ixuxu\/wp-json\/wp\/v2\/users\/117"}],"replies":[{"embeddable":true,"href":"https:\/\/edublog.educastur.es\/ixuxu\/wp-json\/wp\/v2\/comments?post=56741"}],"version-history":[{"count":4,"href":"https:\/\/edublog.educastur.es\/ixuxu\/wp-json\/wp\/v2\/posts\/56741\/revisions"}],"predecessor-version":[{"id":56774,"href":"https:\/\/edublog.educastur.es\/ixuxu\/wp-json\/wp\/v2\/posts\/56741\/revisions\/56774"}],"wp:attachment":[{"href":"https:\/\/edublog.educastur.es\/ixuxu\/wp-json\/wp\/v2\/media?parent=56741"}],"wp:term":[{"taxonomy":"category","embeddable":true,"href":"https:\/\/edublog.educastur.es\/ixuxu\/wp-json\/wp\/v2\/categories?post=56741"},{"taxonomy":"post_tag","embeddable":true,"href":"https:\/\/edublog.educastur.es\/ixuxu\/wp-json\/wp\/v2\/tags?post=56741"}],"curies":[{"name":"wp","href":"https:\/\/api.w.org\/{rel}","templated":true}]}}