{"id":56748,"date":"2025-09-01T10:00:15","date_gmt":"2025-09-01T08:00:15","guid":{"rendered":"https:\/\/edublog.educastur.es\/ixuxu\/?p=56748"},"modified":"2025-09-01T22:23:53","modified_gmt":"2025-09-01T20:23:53","slug":"musica-artes-esceniques-plastiques-muyer-moceda-y-diversida-llinguistica-axuntense-nartistiques","status":"publish","type":"post","link":"https:\/\/edublog.educastur.es\/ixuxu\/2025\/09\/musica-artes-esceniques-plastiques-muyer-moceda-y-diversida-llinguistica-axuntense-nartistiques\/","title":{"rendered":"M\u00fasica, artes esc\u00e9niques, pl\u00e1stiques, muyer, moced\u00e1 y diversid\u00e1 lling\u00fc\u00edstica ax\u00fantense n\u2019Art\u00edstiques"},"content":{"rendered":"<div class=\"elementor-element elementor-element-667e3c7 elementor-widget__width-inherit elementor-widget elementor-widget-theme-post-title elementor-page-title elementor-widget-heading\" data-id=\"667e3c7\" data-element_type=\"widget\" data-widget_type=\"theme-post-title.default\">\n<div class=\"elementor-widget-container\">\n<p class=\"elementor-heading-title elementor-size-default\"><a href=\"https:\/\/musicasturiana.com\/musica-artes-esceniques-plastiques-muyer-moceda-diversida-llinguistica-axuntense-nartistiques\/?fbclid=IwY2xjawMi34BleHRuA2FlbQIxMQABHsxcvR9FEXuVNe9KvjGffyJzsg38eUpeIYuoa7g4x9PW-3Ucx1kBVmdcX9Oa_aem_f9y961r71yyE0EFy3kU7cQ\">M\u00fasica, artes esc\u00e9niques, pl\u00e1stiques, muyer, moced\u00e1 y diversid\u00e1 lling\u00fc\u00edstica ax\u00fantense n\u2019Art\u00edstiques<\/a>. Puru Remangu y Ixux\u00fa Cultura crean esti festival gratuitu nel que va haber dellos conciertos y que va facese&#8217;l <strong>29 de payares nos Almacenes Kuivi.<\/strong><\/p>\n<p style=\"text-align: center\"><a href=\"https:\/\/musicasturiana.com\/wp-content\/uploads\/2025\/09\/artistiques-logu.jpg\"><img loading=\"lazy\" decoding=\"async\" class=\"aligncenter \" src=\"https:\/\/musicasturiana.com\/wp-content\/uploads\/2025\/09\/artistiques-logu.jpg\" width=\"619\" height=\"309\" \/><\/a><\/p>\n<div class=\"elementor-element elementor-element-a767a8c elementor-widget__width-inherit elementor-widget elementor-widget-theme-post-content\" data-id=\"a767a8c\" data-element_type=\"widget\" data-widget_type=\"theme-post-content.default\">\n<div class=\"elementor-widget-container\">\n<p><strong>Puru Remangu y Ixux\u00fa Cultura<\/strong>, anuncien la creaci\u00f3n d\u2019un festival que va facese\u2019l<strong>\u00a0s\u00e1badu 29 payares\u00a0<\/strong>nos<strong>\u00a0Almacenes Kuiv<\/strong>i d\u2019Uvi\u00e9u. Tr\u00e1tase d\u2019<strong>Art\u00edstiques<\/strong>, un eventu qu\u2019axunta\u00a0<strong>artes esc\u00e9niques, m\u00fasica y artes pl\u00e1stiques<\/strong>, caracteriz\u00e1u por que toles artistes participantes son<strong>\u00a0muyeres x\u00f3venes<\/strong>\u00a0qu\u2019usen la<strong>\u00a0llingua aut\u00f3ctona<\/strong>\u00a0del so territoriu como idioma d\u2019espresi\u00f3n. Asina ye como<strong>\u00a0moced\u00e1, feminismu y diversid\u00e1 lling\u00fc\u00edstica\u00a0<\/strong>van de la mano.<\/p>\n<p><!--more--><\/p>\n<p>Ente los oxetivos de la iniciativa alcu\u00e9ntrense los de sofitar la\u00a0<strong>creaci\u00f3n cultural xoven<\/strong>; contribuyir a<strong>\u00a0crear oportunidaes llaborales<\/strong>\u00a0pa la moced\u00e1 asturiana nel sector cultural; amenorgar la\u00a0<strong>brecha de x\u00e9neru\u00a0<\/strong>presente nos escenarios; fomentar la<strong>\u00a0diversid\u00e1 lling\u00fc\u00edstica<\/strong>; afitar\u00a0<strong>sinerxes ente distintos subsectores<\/strong>\u00a0culturales; promover la\u00a0<strong>interrellaci\u00f3n y l\u2019intercambiu cultural<\/strong>\u00a0ente pueblos; ufrir al p\u00fablicu un\u00a0<strong>festival orixinal, pioneru y atractivu<\/strong>; o\u00a0<strong>crear nueves audiencies\u00a0<\/strong>pa la cultura asturiana.<\/p>\n<p>Pa ello, Art\u00edstiques va programar nos Almacenes Kuivi, pela tarde y nueche del s\u00e1badu 29,\u00a0<strong>dellos conciertos<\/strong>,<strong>\u00a0cuatro obres\u00a0<\/strong>d\u2019artes esc\u00e9niques y\u00a0<strong>diez intervenciones<\/strong>\u00a0d\u2019artes pl\u00e1stiques. Ente les artistes participantes va haber mesmo\u00a0<strong>profesionales\u00a0<\/strong>con una trayectoria consolidada, como\u00a0<strong>estudiantes\u00a0<\/strong>que t\u00e1n angua\u00f1o form\u00e1ndose nos\u00a0<strong>estremaos centros educativos oficiales<\/strong>\u00a0d\u2019estes materies:\u00a0<strong>ESAD\u00a0<\/strong>(Escuela Superior de Arte Dram\u00e1tico);\u00a0<strong>ESAPA\u00a0<\/strong>(Escuela Superior d\u2019Arte del Princip\u00e1u d\u2019Asturies) y la\u00a0<strong>Escuela de Arte d\u2019Uvi\u00e9u<\/strong>. La organizaci\u00f3n -que tov\u00eda nun quixo desvelar munchos detalles, por mor de que va anunciar el cartel completu a final de mes-\u00a0 tami\u00e9n avanza que va haber m\u00fasica n\u2019<strong>asturianu<\/strong>, en\u00a0<strong>gallegu\u00a0<\/strong>y n\u2019<strong>euskera<\/strong>.<\/p>\n<h2 class=\"wp-block-heading\"><strong><mark class=\"has-inline-color\">Celebraci\u00f3n gratuita<\/mark><\/strong><\/h2>\n<p>\u201cCuando decimos que somos m\u00e1s qu\u2019una marca de ropa, ye porque para n\u00f3s esta iniciativa tar\u00eda coxa si nam\u00e1s vendi\u00e9ramos ropa y otros art\u00edculos. Somos un<strong>\u00a0proyectu cultural y creativu\u00a0<\/strong>y en tou esti tiempu entamamos rutes, charres, llectures, talleres, presentaciones\u2026 onde hubo m\u00fasica, pinchoteos, verm\u00fa, caf\u00e9\u2026 Pero hai daqu\u00e9 que<strong>\u00a0siempre\u00a0 quiximos entamar\u00a0<\/strong>y nun acababa de llegar el momentu: un festival\u201d. Con estas pallabres desplic\u00f3 Puru Remangu esta iniciativa realizada xunto a la promotora Ixux\u00fa Cultura.<\/p>\n<p>Am\u00e1s, Art\u00edstiques va a ser un festival<strong>\u00a0gratuitu dafechu<\/strong>\u00a0col que la marca va celebrar asina\u2019l so aniversariu: \u201cye una manera d\u2019agradecevos, nes feches nes que<strong>\u00a0cumplimos a\u00f1os<\/strong>, tol sofitu que nos distis dende qu\u2019echamos a andar a finales de 2018 y dende qu\u2019abrimos la tienda d\u2019Uvi\u00e9u a finales de 2023\u201d. N\u2019acabando\u2019l mes, va conocese la\u00a0<strong>programaci\u00f3n completa\u00a0<\/strong>d\u2019esta cita pionera.<\/p>\n<div class=\"wp-block-spacer\" aria-hidden=\"true\"><\/div>\n<figure class=\"wp-block-image size-large\"><a href=\"https:\/\/musicasturiana.com\/wp-content\/uploads\/2025\/09\/cartelu-conceptual-artistiques-1.jpg\"><img loading=\"lazy\" decoding=\"async\" class=\"wp-image-42605\" src=\"https:\/\/musicasturiana.com\/wp-content\/uploads\/2025\/09\/cartelu-conceptual-artistiques-1-819x1024.jpg\" alt=\"\" width=\"819\" height=\"1024\" \/><\/a><\/figure>\n<\/div>\n<\/div>\n<div class=\"elementor-element elementor-element-dcf4849 e-con-full e-flex e-con e-child\" data-id=\"dcf4849\" data-element_type=\"container\">\n<div class=\"elementor-element elementor-element-f0b0e9a elementor-widget__width-inherit elementor-widget-divider--view-line elementor-widget elementor-widget-divider\" data-id=\"f0b0e9a\" data-element_type=\"widget\" data-widget_type=\"divider.default\">\n<div class=\"elementor-widget-container\">\n<div class=\"elementor-divider\"><\/div>\n<\/div>\n<\/div>\n<div class=\"elementor-element elementor-element-7defbb4 elementor-grid-5 elementor-grid-tablet-3 elementor-grid-mobile-1 elementor-widget elementor-widget-loop-grid\" data-id=\"7defbb4\" data-element_type=\"widget\" data-settings=\"{&quot;template_id&quot;:32921,&quot;columns&quot;:5,&quot;pagination_type&quot;:&quot;numbers_and_prev_next&quot;,&quot;columns_tablet&quot;:3,&quot;row_gap_mobile&quot;:{&quot;unit&quot;:&quot;px&quot;,&quot;size&quot;:0,&quot;sizes&quot;:[]},&quot;pagination_load_type&quot;:&quot;ajax&quot;,&quot;row_gap_tablet&quot;:{&quot;unit&quot;:&quot;px&quot;,&quot;size&quot;:5,&quot;sizes&quot;:[]},&quot;_skin&quot;:&quot;post&quot;,&quot;columns_mobile&quot;:&quot;1&quot;,&quot;edit_handle_selector&quot;:&quot;[data-elementor-type=\\&quot;loop-item\\&quot;]&quot;,&quot;row_gap&quot;:{&quot;unit&quot;:&quot;px&quot;,&quot;size&quot;:&quot;&quot;,&quot;sizes&quot;:[]}}\" data-widget_type=\"loop-grid.post\">\n<div class=\"elementor-widget-container\">\n<div class=\"elementor-loop-container elementor-grid\">\n<div class=\"elementor elementor-32921 e-loop-item e-loop-item-42544 post-42544 post type-post status-publish format-standard has-post-thumbnail hentry category-eventos tag-festival-internacional-de-la-gaita tag-fiestes-y-festivales tag-la-villa tag-villaviciosa\" data-elementor-type=\"loop-item\" data-elementor-id=\"32921\" data-elementor-post-type=\"elementor_library\" data-custom-edit-handle=\"1\">\n<div class=\"elementor-element elementor-element-6f51b60e e-flex e-con-boxed e-con e-parent e-lazyloaded\" data-id=\"6f51b60e\" data-element_type=\"container\">\n<div class=\"e-con-inner\">\n<div class=\"elementor-element elementor-element-3bf9e1df elementor-widget-mobile__width-initial elementor-widget elementor-widget-theme-post-featured-image elementor-widget-image\" data-id=\"3bf9e1df\" data-element_type=\"widget\" data-widget_type=\"theme-post-featured-image.default\"><\/div>\n<div class=\"elementor-element elementor-element-14771f65 elementor-widget-mobile__width-initial elementor-widget elementor-widget-heading\" data-id=\"14771f65\" data-element_type=\"widget\" data-widget_type=\"heading.default\">\n<div class=\"elementor-widget-container\"><\/div>\n<\/div>\n<\/div>\n<\/div>\n<\/div>\n<div class=\"elementor elementor-32921 e-loop-item e-loop-item-42508 post-42508 post type-post status-publish format-standard has-post-thumbnail hentry category-eventos tag-conseyeria-de-cultura tag-dia-dasturies tag-fiestes-y-festivales tag-gobiernu-asturianu\" data-elementor-type=\"loop-item\" data-elementor-id=\"32921\" data-elementor-post-type=\"elementor_library\" data-custom-edit-handle=\"1\">\n<div class=\"elementor-element elementor-element-6f51b60e e-flex e-con-boxed e-con e-parent e-lazyloaded\" data-id=\"6f51b60e\" data-element_type=\"container\">\n<div class=\"e-con-inner\">\n<div class=\"elementor-element elementor-element-14771f65 elementor-widget-mobile__width-initial elementor-widget elementor-widget-heading\" data-id=\"14771f65\" data-element_type=\"widget\" data-widget_type=\"heading.default\">\n<div class=\"elementor-widget-container\"><\/div>\n<\/div>\n<\/div>\n<\/div>\n<\/div>\n<\/div>\n<\/div>\n<\/div>\n<\/div>\n<p>&nbsp;<\/p>\n<\/div>\n<\/div>\n<p>&nbsp;<\/p>\n","protected":false},"excerpt":{"rendered":"<p>M\u00fasica, artes esc\u00e9niques, pl\u00e1stiques, muyer, moced\u00e1 y diversid\u00e1 lling\u00fc\u00edstica ax\u00fantense n\u2019Art\u00edstiques. Puru Remangu y Ixux\u00fa Cultura crean esti festival gratuitu nel que va haber dellos conciertos y que va facese&#8217;l 29 de payares nos Almacenes Kuivi. Puru Remangu y Ixux\u00fa Cultura, anuncien la creaci\u00f3n d\u2019un festival que va facese\u2019l\u00a0s\u00e1badu 29 payares\u00a0nos\u00a0Almacenes Kuivi d\u2019Uvi\u00e9u. Tr\u00e1tase d\u2019Art\u00edstiques, [&hellip;]<\/p>\n","protected":false},"author":117,"featured_media":0,"comment_status":"closed","ping_status":"open","sticky":false,"template":"","format":"standard","meta":{"footnotes":""},"categories":[35,125],"tags":[],"class_list":["post-56748","post","type-post","status-publish","format-standard","hentry","category-musica","category-musicasturiana-com"],"_links":{"self":[{"href":"https:\/\/edublog.educastur.es\/ixuxu\/wp-json\/wp\/v2\/posts\/56748","targetHints":{"allow":["GET"]}}],"collection":[{"href":"https:\/\/edublog.educastur.es\/ixuxu\/wp-json\/wp\/v2\/posts"}],"about":[{"href":"https:\/\/edublog.educastur.es\/ixuxu\/wp-json\/wp\/v2\/types\/post"}],"author":[{"embeddable":true,"href":"https:\/\/edublog.educastur.es\/ixuxu\/wp-json\/wp\/v2\/users\/117"}],"replies":[{"embeddable":true,"href":"https:\/\/edublog.educastur.es\/ixuxu\/wp-json\/wp\/v2\/comments?post=56748"}],"version-history":[{"count":4,"href":"https:\/\/edublog.educastur.es\/ixuxu\/wp-json\/wp\/v2\/posts\/56748\/revisions"}],"predecessor-version":[{"id":56752,"href":"https:\/\/edublog.educastur.es\/ixuxu\/wp-json\/wp\/v2\/posts\/56748\/revisions\/56752"}],"wp:attachment":[{"href":"https:\/\/edublog.educastur.es\/ixuxu\/wp-json\/wp\/v2\/media?parent=56748"}],"wp:term":[{"taxonomy":"category","embeddable":true,"href":"https:\/\/edublog.educastur.es\/ixuxu\/wp-json\/wp\/v2\/categories?post=56748"},{"taxonomy":"post_tag","embeddable":true,"href":"https:\/\/edublog.educastur.es\/ixuxu\/wp-json\/wp\/v2\/tags?post=56748"}],"curies":[{"name":"wp","href":"https:\/\/api.w.org\/{rel}","templated":true}]}}