{"id":56761,"date":"2025-09-01T08:20:32","date_gmt":"2025-09-01T06:20:32","guid":{"rendered":"https:\/\/edublog.educastur.es\/ixuxu\/?p=56761"},"modified":"2025-09-01T22:32:12","modified_gmt":"2025-09-01T20:32:12","slug":"estau-del-tiempu-llunes-1-de-setiembre","status":"publish","type":"post","link":"https:\/\/edublog.educastur.es\/ixuxu\/2025\/09\/estau-del-tiempu-llunes-1-de-setiembre\/","title":{"rendered":"Est\u00e1u del tiempu: llunes 1 de setiembre"},"content":{"rendered":"<div class=\"x1cy8zhl x2bj2ny x78zum5 x1q0g3np\">\n<div class=\"x1iyjqo2\">\n<div class=\"x78zum5 xdt5ytf xz62fqu x16ldp7u\">\n<div class=\"xu06os2 x1ok221b\">\n<div class=\"x1gslohp\">\n<ul>\n<li class=\"html-h2 x14z9mp xat24cr x1lziwak xexx8yu xyri2b x18d9i69 x1c1uobl x1vvkbs x1heor9g x1qlqyl8 x1pd3egz x1a2a7pz x1gslohp\"><span class=\"x193iq5w xeuugli x13faqbe x1vvkbs x1xmvt09 x1f6kntn xvq8zen xo1l8bm xi81zsa\"><span class=\"xt0psk2\"><a class=\"x1i10hfl xjbqb8w x1ejq31n x18oe1m7 x1sy0etr xstzfhl x972fbf x10w94by x1qhh985 x14e42zd x9f619 x1ypdohk xt0psk2 x3ct3a4 xdj266r x14z9mp xat24cr x1lziwak xexx8yu xyri2b x18d9i69 x1c1uobl x16tdsg8 x1hl2dhg xggy1nq x1a2a7pz xkrqix3 x1sur9pj xzsf02u x1s688f\" role=\"link\" href=\"https:\/\/www.facebook.com\/eltiempuenasturies?__cft__[0]=AZVgiQRcMt9DiOU7SsNelx828UjHNHMM7_htWGeKPICDf26a_L1QzQGOZh4ugSRjF9X3N1kWbMeG4oh_k-4m7zdmyodkUBaTUwIbpp6B3YNyYx3SHtTEEwUubUgn6v9LsAoQcj9stFju087flyr5RaDW0hXVOdVK7wwSaIvJkSE1klujqqihIoh-Kq9dwxr9eqHLj41434I1uRCFGnX8g7fC&amp;__tn__=-UC*F\">El Tiempu n&#8217;Asturies.<\/a><\/span><\/span><\/li>\n<\/ul>\n<\/div>\n<\/div>\n<div class=\"xu06os2 x1ok221b\"><\/div>\n<\/div>\n<\/div>\n<\/div>\n<ul>\n<li class=\"xyinxu5 xyri2b x1g2khh7 x1c1uobl\"><span class=\"x193iq5w xeuugli x13faqbe x1vvkbs x1xmvt09 x1lliihq x1s928wv xhkezso x1gmr53x x1cpjm7i x1fgarty x1943h6x xudqn12 x3x7a5m x1f6kntn xvq8zen xo1l8bm xzsf02u\" dir=\"auto\"><span style=\"color: #008080\"><strong>Alborecemos<\/strong> <\/span>con nubes ya claros, tando m\u00e1s nuboso na fastera ocidental ya con unes temperatures que tan alrodiu de los 13\u00baC, rexistr\u00e1ndose nel puirtu Payares 5,3\u00baC<\/span><\/li>\n<li class=\"xyinxu5 xyri2b x1g2khh7 x1c1uobl\"><span class=\"x193iq5w xeuugli x13faqbe x1vvkbs x1xmvt09 x1lliihq x1s928wv xhkezso x1gmr53x x1cpjm7i x1fgarty x1943h6x xudqn12 x3x7a5m x1f6kntn xvq8zen xo1l8bm xzsf02u\" dir=\"auto\"><span style=\"color: #008080\"><strong>G\u00fcei<\/strong><\/span> vamos tener el cielu con intervalos nubosos predominando los grandes claros con unes temperatures que van camudar poco, calteni\u00e9ndose fresques ya col aire gallegu que seguir\u00e1 soplando con fuercia nes zones espuestes y llitoral.<\/span><\/li>\n<\/ul>\n<p><span class=\"x193iq5w xeuugli x13faqbe x1vvkbs x1xmvt09 x1lliihq x1s928wv xhkezso x1gmr53x x1cpjm7i x1fgarty x1943h6x xudqn12 x3x7a5m x1f6kntn xvq8zen xo1l8bm xzsf02u\" dir=\"auto\"><!--more--><br class=\"html-br\" \/><\/span><\/p>\n<ul>\n<li><span class=\"x193iq5w xeuugli x13faqbe x1vvkbs x1xmvt09 x1lliihq x1s928wv xhkezso x1gmr53x x1cpjm7i x1fgarty x1943h6x xudqn12 x3x7a5m x1f6kntn xvq8zen xo1l8bm xzsf02u\" dir=\"auto\"><span style=\"color: #008080\"><strong>Ma\u00f1ana martes<\/strong><\/span> va tar nuboso pela ma\u00f1ana pa dir dixebr\u00e1ndose les nubes a lu llargu la ma\u00f1ana y dexanos una tarde con escasa nubosid\u00e1, am\u00e1s les temperatures m\u00e1simes ascender\u00e1n moderadamente, mentanto les m\u00ednimes van caltenese fr\u00edes. L&#8217;aire seguir\u00e1 siendo gallegu con raches fuertes na costa y zones espuestes.<\/span><\/li>\n<li><span class=\"x193iq5w xeuugli x13faqbe x1vvkbs x1xmvt09 x1lliihq x1s928wv xhkezso x1gmr53x x1cpjm7i x1fgarty x1943h6x xudqn12 x3x7a5m x1f6kntn xvq8zen xo1l8bm xzsf02u\" dir=\"auto\"><span style=\"color: #008080\"><strong>El mi\u00e9rcoles<\/strong><\/span> vamos tener el cielu m\u00e1s puercu, am\u00e1s les temperatures m\u00e1simes seguir\u00e1n subiendo y durante la tarde dir\u00e1n desendolc\u00e1ndose les nubes pa dexanos xarabatos de calter tormentosu al finar el d\u00eda. Esti d\u00eda l&#8217;aire amenorgar\u00e1 y sedr\u00e1 variable y sele.<\/span><\/li>\n<li><span class=\"x193iq5w xeuugli x13faqbe x1vvkbs x1xmvt09 x1lliihq x1s928wv xhkezso x1gmr53x x1cpjm7i x1fgarty x1943h6x xudqn12 x3x7a5m x1f6kntn xvq8zen xo1l8bm xzsf02u\" dir=\"auto\"><span style=\"color: #008080\"><strong>El xueves<\/strong><\/span> a pesar de que sedr\u00e1 un d\u00eda soleyeru con escasa nubosid\u00e1, tar\u00e1 l&#8217;ambiente m\u00e1s llimpiu y baxar\u00e1n les temperatures.<\/span><\/li>\n<\/ul>\n","protected":false},"excerpt":{"rendered":"<p>El Tiempu n&#8217;Asturies. Alborecemos con nubes ya claros, tando m\u00e1s nuboso na fastera ocidental ya con unes temperatures que tan alrodiu de los 13\u00baC, rexistr\u00e1ndose nel puirtu Payares 5,3\u00baC G\u00fcei vamos tener el cielu con intervalos nubosos predominando los grandes claros con unes temperatures que van camudar poco, calteni\u00e9ndose fresques ya col aire gallegu que [&hellip;]<\/p>\n","protected":false},"author":117,"featured_media":0,"comment_status":"closed","ping_status":"open","sticky":false,"template":"","format":"standard","meta":{"footnotes":""},"categories":[5],"tags":[],"class_list":["post-56761","post","type-post","status-publish","format-standard","hentry","category-tiempu"],"_links":{"self":[{"href":"https:\/\/edublog.educastur.es\/ixuxu\/wp-json\/wp\/v2\/posts\/56761","targetHints":{"allow":["GET"]}}],"collection":[{"href":"https:\/\/edublog.educastur.es\/ixuxu\/wp-json\/wp\/v2\/posts"}],"about":[{"href":"https:\/\/edublog.educastur.es\/ixuxu\/wp-json\/wp\/v2\/types\/post"}],"author":[{"embeddable":true,"href":"https:\/\/edublog.educastur.es\/ixuxu\/wp-json\/wp\/v2\/users\/117"}],"replies":[{"embeddable":true,"href":"https:\/\/edublog.educastur.es\/ixuxu\/wp-json\/wp\/v2\/comments?post=56761"}],"version-history":[{"count":1,"href":"https:\/\/edublog.educastur.es\/ixuxu\/wp-json\/wp\/v2\/posts\/56761\/revisions"}],"predecessor-version":[{"id":56762,"href":"https:\/\/edublog.educastur.es\/ixuxu\/wp-json\/wp\/v2\/posts\/56761\/revisions\/56762"}],"wp:attachment":[{"href":"https:\/\/edublog.educastur.es\/ixuxu\/wp-json\/wp\/v2\/media?parent=56761"}],"wp:term":[{"taxonomy":"category","embeddable":true,"href":"https:\/\/edublog.educastur.es\/ixuxu\/wp-json\/wp\/v2\/categories?post=56761"},{"taxonomy":"post_tag","embeddable":true,"href":"https:\/\/edublog.educastur.es\/ixuxu\/wp-json\/wp\/v2\/tags?post=56761"}],"curies":[{"name":"wp","href":"https:\/\/api.w.org\/{rel}","templated":true}]}}