{"id":56770,"date":"2025-09-01T23:26:44","date_gmt":"2025-09-01T21:26:44","guid":{"rendered":"https:\/\/edublog.educastur.es\/ixuxu\/?p=56770"},"modified":"2025-09-15T13:12:21","modified_gmt":"2025-09-15T11:12:21","slug":"guieldu-na-nueche-memorable-en-sotu-dayer","status":"publish","type":"post","link":"https:\/\/edublog.educastur.es\/ixuxu\/2025\/09\/guieldu-na-nueche-memorable-en-sotu-dayer\/","title":{"rendered":"\u00abGuieldu\u00bb na nueche memorable en Sotu d&#8217;Ayer"},"content":{"rendered":"<p style=\"text-align: center\"><span class=\"x193iq5w xeuugli x13faqbe x1vvkbs xt0psk2 x1i0vuye xvs91rp xo1l8bm x5n08af x10wh9bi xpm28yp x8viiok x1o7cslx x126k92a\"><span class=\"html-span xexx8yu x4uap5 x18d9i69 xkhd6sd x1hl2dhg x16tdsg8 x1vvkbs x3nfvp2 x1j61x8r x1fcty0u xdj266r xat24cr xgzva0m xhhsvwb xxymvpz xlup9mm x1kky2od\">\n<!-- iframe plugin v.6.0 wordpress.org\/plugins\/iframe\/ -->\n<iframe loading=\"lazy\" src=\"https:\/\/www.instagram.com\/reel\/DOFzc3wjBkv\/embed\" width=\"460\" height=\"620\" 0=\"\/iframe\" scrolling=\"yes\" class=\"iframe-class\" frameborder=\"0\"><\/iframe>\n<\/span><\/span><\/p>\n<div class=\"xyinxu5 xv54qhq x1g2khh7 xf7dkkf\">\n<div class=\"x6s0dn4 x78zum5 x1q0g3np x1nhvcw1 xh8yej3\">\n<div class=\"html-div xdj266r x14z9mp xat24cr x1lziwak xexx8yu xyri2b x18d9i69 x1c1uobl x9f619 xjbqb8w x78zum5 x15mokao x1ga7v0g x16uus16 xbiv7yw x1uhb9sk x1plvlek xryxfnj x1iyjqo2 x2lwn1j xeuugli x1q0g3np xqjyukv x6s0dn4 x1oa3qoh x1nhvcw1\">\n<div class=\"html-div xdj266r x14z9mp xat24cr x1lziwak xexx8yu xyri2b x18d9i69 x1c1uobl x9f619 x5lhr3w xjbqb8w x78zum5 x15mokao x1ga7v0g x16uus16 xbiv7yw x1n2onr6 x1plvlek xryxfnj x1c4vz4f x2lah0s xdt5ytf xqjyukv x1qjc9v5 x1oa3qoh xl56j7k\">\n<div class=\"html-div xdj266r x14z9mp xat24cr x1lziwak xexx8yu xyri2b x18d9i69 x1c1uobl x9f619 xjbqb8w x78zum5 x15mokao x1ga7v0g x16uus16 xbiv7yw x1uhb9sk x1plvlek xryxfnj x1c4vz4f x2lah0s x1q0g3np xqjyukv x6s0dn4 x1oa3qoh x1nhvcw1\">\n<div class=\"html-div xdj266r x14z9mp xat24cr x1lziwak xexx8yu xyri2b x18d9i69 x1c1uobl x9f619 xjbqb8w x78zum5 x15mokao x1ga7v0g x16uus16 xbiv7yw x1uhb9sk x1plvlek xryxfnj x1c4vz4f x2lah0s x1q0g3np xqjyukv x6s0dn4 x1oa3qoh x1nhvcw1\">\n<div>\n<div class=\"html-div xdj266r x14z9mp xat24cr x1lziwak xexx8yu xyri2b x18d9i69 x1c1uobl x9f619 xjbqb8w x1rg5ohu x15mokao x1ga7v0g x16uus16 xbiv7yw x1uhb9sk x1plvlek xryxfnj x1c4vz4f x2lah0s x1oa3qoh\"><span style=\"color: #008080\"><strong>El domingu que vien, v\u00edspera del d\u00eda d&#8217;Asturies<\/strong><\/span>, vamos compartir una nueche memorable en Sotu d&#8217;Ayer cola Banda Gaites El Gumial, Herbamora y Llan de Cubel. Dende les 8 la tarde. \u00bfVendr\u00e9is eh?<a class=\"x1i10hfl xjbqb8w x1ejq31n x18oe1m7 x1sy0etr xstzfhl x972fbf x10w94by x1qhh985 x14e42zd x9f619 x1ypdohk xt0psk2 x3ct3a4 xdj266r x14z9mp xat24cr x1lziwak xexx8yu xyri2b x18d9i69 x1c1uobl x16tdsg8 x1hl2dhg xggy1nq x1a2a7pz _aa9_ _a6hd\" role=\"link\" href=\"https:\/\/www.instagram.com\/explore\/tags\/nuechecelta\/\">#nuechecelta<\/a> <a class=\"x1i10hfl xjbqb8w x1ejq31n x18oe1m7 x1sy0etr xstzfhl x972fbf x10w94by x1qhh985 x14e42zd x9f619 x1ypdohk xt0psk2 x3ct3a4 xdj266r x14z9mp xat24cr x1lziwak xexx8yu xyri2b x18d9i69 x1c1uobl x16tdsg8 x1hl2dhg xggy1nq x1a2a7pz _aa9_ _a6hd\" role=\"link\" href=\"https:\/\/www.instagram.com\/explore\/tags\/nochecelta\/\">#nochecelta<\/a> <a class=\"x1i10hfl xjbqb8w x1ejq31n x18oe1m7 x1sy0etr xstzfhl x972fbf x10w94by x1qhh985 x14e42zd x9f619 x1ypdohk xt0psk2 x3ct3a4 xdj266r x14z9mp xat24cr x1lziwak xexx8yu xyri2b x18d9i69 x1c1uobl x16tdsg8 x1hl2dhg xggy1nq x1a2a7pz _aa9_ _a6hd\" role=\"link\" href=\"https:\/\/www.instagram.com\/explore\/tags\/musicacelta\/\">#musicacelta<\/a> <a class=\"x1i10hfl xjbqb8w x1ejq31n x18oe1m7 x1sy0etr xstzfhl x972fbf x10w94by x1qhh985 x14e42zd x9f619 x1ypdohk xt0psk2 x3ct3a4 xdj266r x14z9mp xat24cr x1lziwak xexx8yu xyri2b x18d9i69 x1c1uobl x16tdsg8 x1hl2dhg xggy1nq x1a2a7pz _aa9_ _a6hd\" role=\"link\" href=\"https:\/\/www.instagram.com\/explore\/tags\/conceyudayer\/\">#conceyudayer<\/a><\/div>\n<\/div>\n<div>\n<ul>\n<li style=\"text-align: left\"><a href=\"https:\/\/www.instagram.com\/guieldu\">https:\/\/www.instagram.com\/guieldu<\/a><\/li>\n<\/ul>\n<p style=\"text-align: center\">\u00bfSab\u00e9is que ten\u00e9is el boton\u00edn nuevu de \u00abcompartir\u00bb pa dai amor a esta publicaci\u00f3n? V\u00e9monos el domingu, v\u00edspera del Dia d&#8217;Asturies, en Sotu d&#8217;Ayer.<a class=\"x1i10hfl xjbqb8w x1ejq31n x18oe1m7 x1sy0etr xstzfhl x972fbf x10w94by x1qhh985 x14e42zd x9f619 x1ypdohk xt0psk2 x3ct3a4 xdj266r x14z9mp xat24cr x1lziwak xexx8yu xyri2b x18d9i69 x1c1uobl x16tdsg8 x1hl2dhg xggy1nq x1a2a7pz _aa9_ _a6hd\" role=\"link\" href=\"https:\/\/www.instagram.com\/explore\/tags\/nuechecelta\/\">#nuechecelta<\/a> <a class=\"x1i10hfl xjbqb8w x1ejq31n x18oe1m7 x1sy0etr xstzfhl x972fbf x10w94by x1qhh985 x14e42zd x9f619 x1ypdohk xt0psk2 x3ct3a4 xdj266r x14z9mp xat24cr x1lziwak xexx8yu xyri2b x18d9i69 x1c1uobl x16tdsg8 x1hl2dhg xggy1nq x1a2a7pz _aa9_ _a6hd\" role=\"link\" href=\"https:\/\/www.instagram.com\/explore\/tags\/asturies\/\">#asturies<\/a> <a class=\"x1i10hfl xjbqb8w x1ejq31n x18oe1m7 x1sy0etr xstzfhl x972fbf x10w94by x1qhh985 x14e42zd x9f619 x1ypdohk xt0psk2 x3ct3a4 xdj266r x14z9mp xat24cr x1lziwak xexx8yu xyri2b x18d9i69 x1c1uobl x16tdsg8 x1hl2dhg xggy1nq x1a2a7pz _aa9_ _a6hd\" role=\"link\" href=\"https:\/\/www.instagram.com\/explore\/tags\/musicasturiana\/\">#musicasturiana<\/a> <a class=\"x1i10hfl xjbqb8w x1ejq31n x18oe1m7 x1sy0etr xstzfhl x972fbf x10w94by x1qhh985 x14e42zd x9f619 x1ypdohk xt0psk2 x3ct3a4 xdj266r x14z9mp xat24cr x1lziwak xexx8yu xyri2b x18d9i69 x1c1uobl x16tdsg8 x1hl2dhg xggy1nq x1a2a7pz _aa9_ _a6hd\" role=\"link\" href=\"https:\/\/www.instagram.com\/explore\/tags\/diadeasturias\/\">#diadeasturias<\/a><\/p>\n<div class=\"html-div xdj266r x14z9mp xat24cr x1lziwak xexx8yu xyri2b x18d9i69 x1c1uobl x9f619 xjbqb8w x78zum5 x15mokao x1ga7v0g x16uus16 xbiv7yw x1uhb9sk x1plvlek xryxfnj x1iyjqo2 x2lwn1j xeuugli x1q0g3np xqjyukv x1qjc9v5 x1oa3qoh x1nhvcw1\">\n<div class=\"html-div xdj266r x14z9mp xat24cr x1lziwak xexx8yu xyri2b x18d9i69 x1c1uobl x9f619 xjbqb8w x78zum5 x15mokao x1ga7v0g x16uus16 xbiv7yw x1uhb9sk x1plvlek xryxfnj x1iyjqo2 x2lwn1j xeuugli xdt5ytf xqjyukv x1qjc9v5 x1oa3qoh x1nhvcw1\">\n<div class=\"html-div xdj266r x14z9mp xat24cr x1lziwak xexx8yu xyri2b x18d9i69 x1c1uobl x9f619 xjbqb8w x78zum5 x15mokao x1ga7v0g x16uus16 xbiv7yw x1uhb9sk x1plvlek xryxfnj x1c4vz4f x2lah0s xdt5ytf xqjyukv x1qjc9v5 x1oa3qoh x1nhvcw1\">\n<div><\/div>\n<\/div>\n<\/div>\n<\/div>\n<p><!--more--><\/p>\n<p style=\"text-align: center\"><span class=\"x193iq5w xeuugli x13faqbe x1vvkbs xt0psk2 x1i0vuye xvs91rp xo1l8bm x5n08af x10wh9bi xpm28yp x8viiok x1o7cslx x126k92a\"><span class=\"html-span xexx8yu x4uap5 x18d9i69 xkhd6sd x1hl2dhg x16tdsg8 x1vvkbs x3nfvp2 x1j61x8r x1fcty0u xdj266r xat24cr xgzva0m xhhsvwb xxymvpz xlup9mm x1kky2od\">\n<!-- iframe plugin v.6.0 wordpress.org\/plugins\/iframe\/ -->\n<iframe loading=\"lazy\" src=\"https:\/\/www.instagram.com\/reel\/DOF6P68DH2q\/embed\" width=\"490\" height=\"665\" 0=\"\/iframe\" scrolling=\"yes\" class=\"iframe-class\" frameborder=\"0\"><\/iframe>\n<\/span><\/span><\/p>\n<p>El domingu 7 setiembre les\u00a0<a class=\"x1i10hfl xjbqb8w x1ejq31n x18oe1m7 x1sy0etr xstzfhl x972fbf x10w94by x1qhh985 x14e42zd x9f619 x1ypdohk xt0psk2 x3ct3a4 xdj266r x14z9mp xat24cr x1lziwak xexx8yu xyri2b x18d9i69 x1c1uobl x16tdsg8 x1hl2dhg xggy1nq x1a2a7pz notranslate _a6hd\" role=\"link\" href=\"https:\/\/www.instagram.com\/fiestesmiravallesotoaller\/\">@fiestesmiravallesotoaller<\/a>\u00a0van acoyer una edici\u00f3n nueva de la Nueche Celta Conceyu d\u2019Ayer \ud83c\udfbb Act\u00faen\u00a0<a class=\"x1i10hfl xjbqb8w x1ejq31n x18oe1m7 x1sy0etr xstzfhl x972fbf x10w94by x1qhh985 x14e42zd x9f619 x1ypdohk xt0psk2 x3ct3a4 xdj266r x14z9mp xat24cr x1lziwak xexx8yu xyri2b x18d9i69 x1c1uobl x16tdsg8 x1hl2dhg xggy1nq x1a2a7pz notranslate _a6hd\" role=\"link\" href=\"https:\/\/www.instagram.com\/bandagaiteselgumial\/\">@bandagaiteselgumial<\/a>\u00a0,\u00a0<a class=\"x1i10hfl xjbqb8w x1ejq31n x18oe1m7 x1sy0etr xstzfhl x972fbf x10w94by x1qhh985 x14e42zd x9f619 x1ypdohk xt0psk2 x3ct3a4 xdj266r x14z9mp xat24cr x1lziwak xexx8yu xyri2b x18d9i69 x1c1uobl x16tdsg8 x1hl2dhg xggy1nq x1a2a7pz notranslate _a6hd\" role=\"link\" href=\"https:\/\/www.instagram.com\/herbamora\/\">@herbamora<\/a>\u00a0,\u00a0<a class=\"x1i10hfl xjbqb8w x1ejq31n x18oe1m7 x1sy0etr xstzfhl x972fbf x10w94by x1qhh985 x14e42zd x9f619 x1ypdohk xt0psk2 x3ct3a4 xdj266r x14z9mp xat24cr x1lziwak xexx8yu xyri2b x18d9i69 x1c1uobl x16tdsg8 x1hl2dhg xggy1nq x1a2a7pz notranslate _a6hd\" role=\"link\" href=\"https:\/\/www.instagram.com\/llandecubeloficial\/\">@llandecubeloficial<\/a>\u00a0y\u00a0<a class=\"x1i10hfl xjbqb8w x1ejq31n x18oe1m7 x1sy0etr xstzfhl x972fbf x10w94by x1qhh985 x14e42zd x9f619 x1ypdohk xt0psk2 x3ct3a4 xdj266r x14z9mp xat24cr x1lziwak xexx8yu xyri2b x18d9i69 x1c1uobl x16tdsg8 x1hl2dhg xggy1nq x1a2a7pz notranslate _a6hd\" role=\"link\" href=\"https:\/\/www.instagram.com\/guieldu\/\">@guieldu<\/a>\u00a0, unes de les formaciones m\u00e1s pernomaes de la m\u00fasica folk y tradicional asturiana.<\/p>\n<\/div>\n<\/div>\n<\/div>\n<\/div>\n<\/div>\n<\/div>\n<\/div>\n<div class=\"x5yr21d xw2csxc x1odjw0f x1n2onr6\">\n<div class=\"x9f619 x78zum5 xdt5ytf x5yr21d xexx8yu xv54qhq x1l90r2v xf7dkkf x10l6tqk xh8yej3\">\n<div class=\"html-div xdj266r x14z9mp xat24cr x1lziwak xyri2b x1c1uobl x9f619 xjbqb8w x78zum5 x15mokao x1ga7v0g x16uus16 xbiv7yw xsag5q8 xz9dl7a x1uhb9sk x1plvlek xryxfnj x1c4vz4f x2lah0s x1q0g3np xqjyukv x1qjc9v5 x1oa3qoh x1nhvcw1\">\n<div class=\"html-div xdj266r x14z9mp xat24cr x1lziwak xexx8yu xyri2b x18d9i69 x1c1uobl x9f619 xjbqb8w x78zum5 x15mokao x1ga7v0g x16uus16 xbiv7yw x1uhb9sk x1plvlek xryxfnj x1iyjqo2 x2lwn1j xeuugli x1q0g3np xqjyukv x1qjc9v5 x1oa3qoh x1nhvcw1\">\n<div class=\"html-div xdj266r x14z9mp xat24cr x1lziwak xexx8yu xyri2b x18d9i69 x1c1uobl x9f619 xjbqb8w x78zum5 x15mokao x1ga7v0g x16uus16 xbiv7yw x1uhb9sk x1plvlek xryxfnj x1iyjqo2 x2lwn1j xeuugli xdt5ytf xqjyukv x1qjc9v5 x1oa3qoh x1nhvcw1\">\n<div><!--more--><\/div>\n<div style=\"text-align: center\"><a href=\"https:\/\/musicasturiana.com\/wp-content\/uploads\/2025\/04\/discu-guieldu.jpg\"><img loading=\"lazy\" decoding=\"async\" class=\"aligncenter size-large\" src=\"https:\/\/musicasturiana.com\/wp-content\/uploads\/2025\/04\/discu-guieldu.jpg\" width=\"1200\" height=\"600\" \/><\/a><\/div>\n<div>\n<h3 style=\"text-align: center\">\n<!-- iframe plugin v.6.0 wordpress.org\/plugins\/iframe\/ -->\n<iframe data-testid=\"embed-iframe\" style=\"border-radius:12px\" src=\"https:\/\/open.spotify.com\/embed\/album\/14IrrO9bCSSlBCY1VmzDSf?utm_source=generator\" width=\"100%\" height=\"352\" frameborder=\"0\" allowfullscreen allow=\"autoplay; clipboard-write; encrypted-media; fullscreen; picture-in-picture\" loading=\"lazy\" 0=\"\/iframe\" scrolling=\"yes\" class=\"iframe-class\"><\/iframe>\n<\/h3>\n<h3 class=\"elementor-post__title\" style=\"text-align: center\"><a href=\"https:\/\/musicasturiana.com\/producto\/guieldu-cd-memories-de-deva\/\">GUIELDU \u2013 CD Memories de Deva<\/a>\/<a href=\"https:\/\/musicasturiana.com\/el-discu-de-guieldu-ya-pue-mercase-en-musicasturiana-com\"> MERCAR EQU\u00cd<\/a><\/h3>\n<div class=\"elementor-post__meta-data\">Primer trabayu <strong>Guieldu<\/strong>, banda de<strong>\u00a0m\u00fasica celta.\u00a0<\/strong>Ta form\u00e1u por catorce temes que puercuerren los son\u00edos de raiga\u00f1u del Arcu Atl\u00e1nticu, amest\u00e1ndolo a otros estilos como\u2019l\u00a0<strong>folk progresivu, la new-age, el folk rock, el funk<\/strong>\u00a0<strong>o\u2019l smooth jazz<\/strong>. Un cuid\u00e1u trabayu qu\u2019entemez temes de composici\u00f3n propia y d\u2019orixe tradicional.<\/div>\n<div class=\"elementor-post__excerpt\">\n<p><em>Memories de Deva<\/em>\u00a0ye un viaxe pela mar nel que suenen\u00a0<strong>mu\u00f1eires, dances, reels, xirandiyes, set irlandeses<\/strong>\u2026 a la fin lo qu\u2019ellos definen como \u00ablos son\u00edos m\u00e1s tradicionales de los finisterres atl\u00e1nticos d\u2019Europa\u00bb, poniendo especial enfotu n\u2019Asturies y siendo Avil\u00e9s el puntu de partida d\u2019esti<strong>\u00a0viaxe interceltista<\/strong>\u00a0del que se pue conocer m\u00e1s nel llibretu que va formar el discu f\u00edsicu. Pero hai m\u00e1s muncho que tradici\u00f3n; como ellos bien despliquen,\u00a0<strong>all\u00f3\u00f1ense \u00abdel minimalismu imperante\u00bb\u00a0<\/strong>qu\u2019hai na escena sonora y siete m\u00fasicos y milenta instrumentos dan forma a unos temes nos que tami\u00e9n suena \u00abla electr\u00f3nica con aires retro, la fuercia del rock, el groove del funk, les pincelaes sincopaez del jazz y la sofisticaci\u00f3n de la m\u00fasica progresiva\u00bb.<\/p>\n<p>El trabayu cocin\u00f3se sele nos\u00a0<strong>Estudios 15:40<\/strong>. Foi procesu de cuatro a\u00f1os dende qu\u2019<strong>H\u00e9ctor Aneiros (<\/strong>whistles irlandeses, ocarines, flauta contraltu, gaita electr\u00f3nica, bombarda bretona, voz, coros y programaciones);<strong>\u00a0Susana Sors\u00a0<\/strong>(voz, coros y guitarra ac\u00fastica);\u00a0<strong>Carmen Tom\u00e9<\/strong>\u00a0(vigul\u00edn);\u00a0<strong>Jorge \u00c1lvarez<\/strong>\u00a0(bouzuki irland\u00e9s, guitarra el\u00e9ctrica y mandolina);<strong>\u00a0Laura M\u00e9ndez<\/strong>\u00a0(sintetizadores y coros);\u00a0<strong>Pablo Santamarta\u00a0<\/strong>(baxu el\u00e9ctricu, didgeridoo) y\u00a0<strong>Rub\u00e9n Cadenas\u00a0<\/strong>(bater\u00eda y multipad); entraron a grabar el so primer cenciellu hasta qu\u2019agora pue sentise\u2019l result\u00e1u completu. Nesti tiempu\u00a0<strong>Luis Sen\u00e9n\u00a0<\/strong>foi\u2019l t\u00e9cnicu de son\u00edu, responsable de la mezcla y m\u00e1ster; Aneiros el productor; y xunto a ellos andecharon les componentes de\u00a0<strong>6 Riales<\/strong>\u00a0a les voces y percusiones tradicionales;<strong>\u00a0Pep\u00edn de Mu\u00f1al\u00e9n<\/strong>\u00a0al saxof\u00f3n;<strong>\u00a0Celia Nieto y Olaya P\u00e9rez\u00a0<\/strong>al vigul\u00edn y\u00a0<strong>Jes\u00fas del Castillo<\/strong>\u00a0na gaita electr\u00f3nica.<\/p>\n<\/div>\n<\/div>\n<\/div>\n<\/div>\n<\/div>\n<\/div>\n<\/div>\n<p>&nbsp;<\/p>\n","protected":false},"excerpt":{"rendered":"<p>El domingu que vien, v\u00edspera del d\u00eda d&#8217;Asturies, vamos compartir una nueche memorable en Sotu d&#8217;Ayer cola Banda Gaites El Gumial, Herbamora y Llan de Cubel. Dende les 8 la tarde. \u00bfVendr\u00e9is eh?#nuechecelta #nochecelta #musicacelta #conceyudayer https:\/\/www.instagram.com\/guieldu \u00bfSab\u00e9is que ten\u00e9is el boton\u00edn nuevu de \u00abcompartir\u00bb pa dai amor a esta publicaci\u00f3n? V\u00e9monos el domingu, v\u00edspera [&hellip;]<\/p>\n","protected":false},"author":117,"featured_media":0,"comment_status":"closed","ping_status":"open","sticky":false,"template":"","format":"standard","meta":{"footnotes":""},"categories":[35,125],"tags":[],"class_list":["post-56770","post","type-post","status-publish","format-standard","hentry","category-musica","category-musicasturiana-com"],"_links":{"self":[{"href":"https:\/\/edublog.educastur.es\/ixuxu\/wp-json\/wp\/v2\/posts\/56770","targetHints":{"allow":["GET"]}}],"collection":[{"href":"https:\/\/edublog.educastur.es\/ixuxu\/wp-json\/wp\/v2\/posts"}],"about":[{"href":"https:\/\/edublog.educastur.es\/ixuxu\/wp-json\/wp\/v2\/types\/post"}],"author":[{"embeddable":true,"href":"https:\/\/edublog.educastur.es\/ixuxu\/wp-json\/wp\/v2\/users\/117"}],"replies":[{"embeddable":true,"href":"https:\/\/edublog.educastur.es\/ixuxu\/wp-json\/wp\/v2\/comments?post=56770"}],"version-history":[{"count":8,"href":"https:\/\/edublog.educastur.es\/ixuxu\/wp-json\/wp\/v2\/posts\/56770\/revisions"}],"predecessor-version":[{"id":57890,"href":"https:\/\/edublog.educastur.es\/ixuxu\/wp-json\/wp\/v2\/posts\/56770\/revisions\/57890"}],"wp:attachment":[{"href":"https:\/\/edublog.educastur.es\/ixuxu\/wp-json\/wp\/v2\/media?parent=56770"}],"wp:term":[{"taxonomy":"category","embeddable":true,"href":"https:\/\/edublog.educastur.es\/ixuxu\/wp-json\/wp\/v2\/categories?post=56770"},{"taxonomy":"post_tag","embeddable":true,"href":"https:\/\/edublog.educastur.es\/ixuxu\/wp-json\/wp\/v2\/tags?post=56770"}],"curies":[{"name":"wp","href":"https:\/\/api.w.org\/{rel}","templated":true}]}}