{"id":56787,"date":"2025-09-01T14:00:39","date_gmt":"2025-09-01T12:00:39","guid":{"rendered":"https:\/\/edublog.educastur.es\/ixuxu\/?p=56787"},"modified":"2025-09-01T23:01:42","modified_gmt":"2025-09-01T21:01:42","slug":"el-mayor-exemplar-de-carabela-portuguesa-recoyiu-nasturies","status":"publish","type":"post","link":"https:\/\/edublog.educastur.es\/ixuxu\/2025\/09\/el-mayor-exemplar-de-carabela-portuguesa-recoyiu-nasturies\/","title":{"rendered":"El mayor exemplar de carabela portuguesa recoy\u00edu n&#8217;Asturies"},"content":{"rendered":"<p><a href=\"https:\/\/www.elcomercio.es\/gijon\/carabela-portuguesa-asturias-20250822105944-nt.html\">El Comercio<\/a> \/<\/p>\n<p style=\"text-align: center\"><a href=\"https:\/\/s2.ppllstatics.com\/elcomercio\/www\/multimedia\/2025\/08\/22\/carabelagijonmiercoles-RmhSM0GjJBdu33kK53VN87H-1200x840@El%20Comercio.jpg\"><img loading=\"lazy\" decoding=\"async\" class=\"aligncenter size-large\" src=\"https:\/\/s2.ppllstatics.com\/elcomercio\/www\/multimedia\/2025\/08\/22\/carabelagijonmiercoles-RmhSM0GjJBdu33kK53VN87H-1200x840@El%20Comercio.jpg\" width=\"1200\" height=\"840\" \/><\/a><\/p>\n<p>El mayor exemplar de carabela portuguesa recoy\u00edu n&#8217;Asturies mid\u00eda 28 cent\u00edmetros de vela y pesaba 250 gramos. Les carabeles viaxen en grupu, alimentensede nueche principalmente del pexe llinterna&#8217; y soporten temperatures de l&#8217;agua d&#8217;hasta quince graos. La portuguesa, unu de los organismos m\u00e1s emblem\u00e1ticos del neuston \u2013el conxuntu d&#8217;organismos que viven na capa superficial de l&#8217;agua.<\/p>\n","protected":false},"excerpt":{"rendered":"<p>El Comercio \/ El mayor exemplar de carabela portuguesa recoy\u00edu n&#8217;Asturies mid\u00eda 28 cent\u00edmetros de vela y pesaba 250 gramos. Les carabeles viaxen en grupu, alimentensede nueche principalmente del pexe llinterna&#8217; y soporten temperatures de l&#8217;agua d&#8217;hasta quince graos. La portuguesa, unu de los organismos m\u00e1s emblem\u00e1ticos del neuston \u2013el conxuntu d&#8217;organismos que viven na [&hellip;]<\/p>\n","protected":false},"author":117,"featured_media":0,"comment_status":"closed","ping_status":"open","sticky":false,"template":"","format":"standard","meta":{"footnotes":""},"categories":[93],"tags":[],"class_list":["post-56787","post","type-post","status-publish","format-standard","hentry","category-sableres"],"_links":{"self":[{"href":"https:\/\/edublog.educastur.es\/ixuxu\/wp-json\/wp\/v2\/posts\/56787","targetHints":{"allow":["GET"]}}],"collection":[{"href":"https:\/\/edublog.educastur.es\/ixuxu\/wp-json\/wp\/v2\/posts"}],"about":[{"href":"https:\/\/edublog.educastur.es\/ixuxu\/wp-json\/wp\/v2\/types\/post"}],"author":[{"embeddable":true,"href":"https:\/\/edublog.educastur.es\/ixuxu\/wp-json\/wp\/v2\/users\/117"}],"replies":[{"embeddable":true,"href":"https:\/\/edublog.educastur.es\/ixuxu\/wp-json\/wp\/v2\/comments?post=56787"}],"version-history":[{"count":2,"href":"https:\/\/edublog.educastur.es\/ixuxu\/wp-json\/wp\/v2\/posts\/56787\/revisions"}],"predecessor-version":[{"id":56789,"href":"https:\/\/edublog.educastur.es\/ixuxu\/wp-json\/wp\/v2\/posts\/56787\/revisions\/56789"}],"wp:attachment":[{"href":"https:\/\/edublog.educastur.es\/ixuxu\/wp-json\/wp\/v2\/media?parent=56787"}],"wp:term":[{"taxonomy":"category","embeddable":true,"href":"https:\/\/edublog.educastur.es\/ixuxu\/wp-json\/wp\/v2\/categories?post=56787"},{"taxonomy":"post_tag","embeddable":true,"href":"https:\/\/edublog.educastur.es\/ixuxu\/wp-json\/wp\/v2\/tags?post=56787"}],"curies":[{"name":"wp","href":"https:\/\/api.w.org\/{rel}","templated":true}]}}