{"id":56793,"date":"2025-09-02T08:30:03","date_gmt":"2025-09-02T06:30:03","guid":{"rendered":"https:\/\/edublog.educastur.es\/ixuxu\/?p=56793"},"modified":"2025-09-01T23:07:10","modified_gmt":"2025-09-01T21:07:10","slug":"el-tiempu-el-comercio-127","status":"publish","type":"post","link":"https:\/\/edublog.educastur.es\/ixuxu\/2025\/09\/el-tiempu-el-comercio-127\/","title":{"rendered":"El tiempu (El Comercio)"},"content":{"rendered":"<p style=\"text-align: center\"><a href=\"https:\/\/s3.ppllstatics.com\/elcomercio\/www\/multimedia\/2025\/09\/01\/prevision-tiempo-asturias-kq0B-U2302588077118HVD-1200x870@El%20Comercio.jpg\"><img loading=\"lazy\" decoding=\"async\" class=\"aligncenter size-large\" src=\"https:\/\/s3.ppllstatics.com\/elcomercio\/www\/multimedia\/2025\/09\/01\/prevision-tiempo-asturias-kq0B-U2302588077118HVD-1200x870@El%20Comercio.jpg\" width=\"1200\" height=\"863\" \/><\/a><\/p>\n<p><strong>Esperamos una xornada estable en tol Princip\u00e1u.<\/strong> <span style=\"color: #008080\"><strong>Pela ma\u00f1ana<\/strong><\/span>, a lo sumo, vamos ver el cielu atapec\u00edu con nubes de tipu altu pero ensin posibilid\u00e1 dalguna de precipitaciones. A lo sumo, <span style=\"color: #008080\"><strong>mientres les primeres hores del d\u00eda<\/strong> <\/span>podr\u00eda ser un pocu m\u00e1s compacta la nubosidad tantu nel estremu m\u00e1s occidental como nel cordal. Pero <span style=\"color: #008080\"><strong>mientres la segunda parte del d\u00eda<\/strong><\/span>, van abrise grandes claros hasta quedar los cielos pr\u00e1cticamente estenaos en toa Asturies. <span style=\"color: #008080\"><strong>Los vientos<\/strong><\/span> van soplar de suroeste nel occidente asturianu con probables raches localmente fuertes, y de componente oeste moderaos nel restu de la rex\u00f3n. <span style=\"color: #008080\"><strong>Les temperatures m\u00e1ximes<\/strong><\/span> van xubir ente 4 y 5 \u00baC en tol interior, y hasta 3 \u00baC m\u00e1s na zona norte de la Comunid\u00e1 Aut\u00f3noma. <span style=\"color: #008080\"><strong>Les m\u00ednimes<\/strong><\/span>, pela so parte, apenes van esperimentar cambeos importantes. Nam\u00e1 podr\u00eda producise dalg\u00fan ascensu bien local y llixeru nel terciu oeste.<\/p>\n<p><!--more--><\/p>\n<p><strong> El mi\u00e9rcoles<\/strong> prevense grandes claros pela ma\u00f1ana pero con un encl\u00edn a aumentar les nubes pela tarde. Nun se refuga dalg\u00fan bastiu vespert\u00edn nel cordal. Les temperatures van ser similares o, llixeramente, un pocu m\u00e1s altes que les del martes.<\/p>\n","protected":false},"excerpt":{"rendered":"<p>Esperamos una xornada estable en tol Princip\u00e1u. Pela ma\u00f1ana, a lo sumo, vamos ver el cielu atapec\u00edu con nubes de tipu altu pero ensin posibilid\u00e1 dalguna de precipitaciones. A lo sumo, mientres les primeres hores del d\u00eda podr\u00eda ser un pocu m\u00e1s compacta la nubosidad tantu nel estremu m\u00e1s occidental como nel cordal. Pero mientres [&hellip;]<\/p>\n","protected":false},"author":117,"featured_media":0,"comment_status":"closed","ping_status":"open","sticky":false,"template":"","format":"standard","meta":{"footnotes":""},"categories":[5],"tags":[],"class_list":["post-56793","post","type-post","status-publish","format-standard","hentry","category-tiempu"],"_links":{"self":[{"href":"https:\/\/edublog.educastur.es\/ixuxu\/wp-json\/wp\/v2\/posts\/56793","targetHints":{"allow":["GET"]}}],"collection":[{"href":"https:\/\/edublog.educastur.es\/ixuxu\/wp-json\/wp\/v2\/posts"}],"about":[{"href":"https:\/\/edublog.educastur.es\/ixuxu\/wp-json\/wp\/v2\/types\/post"}],"author":[{"embeddable":true,"href":"https:\/\/edublog.educastur.es\/ixuxu\/wp-json\/wp\/v2\/users\/117"}],"replies":[{"embeddable":true,"href":"https:\/\/edublog.educastur.es\/ixuxu\/wp-json\/wp\/v2\/comments?post=56793"}],"version-history":[{"count":1,"href":"https:\/\/edublog.educastur.es\/ixuxu\/wp-json\/wp\/v2\/posts\/56793\/revisions"}],"predecessor-version":[{"id":56794,"href":"https:\/\/edublog.educastur.es\/ixuxu\/wp-json\/wp\/v2\/posts\/56793\/revisions\/56794"}],"wp:attachment":[{"href":"https:\/\/edublog.educastur.es\/ixuxu\/wp-json\/wp\/v2\/media?parent=56793"}],"wp:term":[{"taxonomy":"category","embeddable":true,"href":"https:\/\/edublog.educastur.es\/ixuxu\/wp-json\/wp\/v2\/categories?post=56793"},{"taxonomy":"post_tag","embeddable":true,"href":"https:\/\/edublog.educastur.es\/ixuxu\/wp-json\/wp\/v2\/tags?post=56793"}],"curies":[{"name":"wp","href":"https:\/\/api.w.org\/{rel}","templated":true}]}}