{"id":56816,"date":"2025-08-31T10:03:44","date_gmt":"2025-08-31T08:03:44","guid":{"rendered":"https:\/\/edublog.educastur.es\/ixuxu\/?p=56816"},"modified":"2026-02-06T14:26:02","modified_gmt":"2026-02-06T12:26:02","slug":"56816","status":"publish","type":"post","link":"https:\/\/edublog.educastur.es\/ixuxu\/2025\/08\/56816\/","title":{"rendered":"\u00abLos Neandertales d&#8217;El Sidr\u00f3n nel so contestu evolutivu\u00bb"},"content":{"rendered":"<p>Marco de la Rasilla, arque\u00f3logu: <span style=\"color: #008080\"><em>\u00abEl Sidr\u00f3n ye unu de los xacimientos m\u00e1s importantes del mundu\u00bb. <\/em><\/span><em>\u00abLo m\u00e1s sorprendente ye la cantid\u00e1 de restos calten\u00edos, porque lo normal ye que se pierdan; tenemos m\u00e1s de 2.500 entraes d&#8217;inventariu de restos humanos y unes 400 d&#8217;industria l\u00edtico, esto ye, ferramientes de piedra\u00bb<\/em>, afirma.<\/p>\n<p style=\"text-align: center\"><a href=\"https:\/\/estaticos-cdn.prensaiberica.es\/clip\/aaabf779-0232-4b1a-a398-e6b3ea4462d7_16-9-aspect-ratio_default_0.webp\"><img loading=\"lazy\" decoding=\"async\" class=\"aligncenter \" src=\"https:\/\/estaticos-cdn.prensaiberica.es\/clip\/aaabf779-0232-4b1a-a398-e6b3ea4462d7_16-9-aspect-ratio_default_0.webp\" width=\"501\" height=\"282\" \/><\/a><\/p>\n<p>Marco de la Rasilla (Madrid, 1957), prehistoriador y arque\u00f3logu, abre esti mi\u00e9rcoles a les 17.00 hores nel edificiu de La Ben\u00e9fica (Pilo\u00f1a) el cursu de branu <span style=\"color: #008080\"><strong><em>\u00abLos Neandertales d&#8217;El Sidr\u00f3n nel so contestu evolutivu\u00bb<\/em><\/strong><\/span> con una ponencia sobro esta tema. De la Rasilla ye unu de los mayores espertos sobro&#8217;l xacimientu d&#8217;El Sidr\u00f3n (Pilo\u00f1a).<\/p>\n<ul>\n<li><a href=\"https:\/\/www.lne.es\/oriente\/2025\/09\/02\/marco-rasilla-sidron-yacimientos-importantes-121140153.html?utm_content=imagen&amp;utm_medium=social&amp;utm_campaign=echobox&amp;utm_source=Facebook#Echobox=1756796397\">LNE<\/a> \/\u00a0<a href=\"https:\/\/edublog.educastur.es\/ixuxu\/2025\/08\/cursu-de-branu-los-neandertales-del-sidron-nel-so-contestu-evolutivu\/?preview_id=56592&amp;preview_nonce=2688e75e5f&amp;post_format=standard&amp;_thumbnail_id=-1&amp;preview=true\">Cursu de branu \u2018Los Neandertales d\u2019El Sidr\u00f3n nel so contestu evolutivu\u2019<\/a><\/li>\n<\/ul>\n<p><!--more--><\/p>\n<p><strong>\u2013\u00bfCu\u00e1nto tiempu lleva investigando n&#8217;El Sidr\u00f3n?<\/strong><\/p>\n<p>\u2013Dende l&#8217;a\u00f1u 2000. Unos espele\u00f3logos xixoneses atoparon restos humanos nos a\u00f1os 90 y empecipi\u00f3se un procesu xudicial. Los g\u00fcesos fueron unviaos al anat\u00f3micu forense.<strong> Ell\u00ed analizarense y en 1998 sali\u00f3 a la lluz qu&#8217;hab\u00eda g\u00fcesos humanos<\/strong>. A partir d&#8217;ende empecipi\u00f3se un proyectu en 1999 y nel a\u00f1u 2000 arrinc\u00f3 tou. La investigaci\u00f3n sigue inda g\u00fcei.<\/p>\n<p>\u2013<strong>\u00bfQu\u00e9 toparon esactamente?<\/strong><\/p>\n<p>\u2013Trelce individuos de distintos sexos y edaes, emparentaos, que fueron canibalizados. Lo que nun sabemos, porque nun hubo abonda amuesa, ye&#8217;l parentescu esactu: si yeren, por casu, madre y f\u00edu. Hab\u00eda dos xuveniles, tr\u00e9s adolescentes y siete adultos. Nun hai evidencies d&#8217;un asentamientu fixu; probablemente taben na zona y otru grupu lleg\u00f3 y los canibaliz\u00f3. \u00bfLa raz\u00f3n? Puede ser qu&#8217;invadieren el so territoriu, y\u00e1 que s&#8217;hai documentado la patrilocalidad (los homes permanec\u00eden y les muyeres mov\u00edense o yeren mov\u00edes). Tami\u00e9n pudo debese a un actu de violencia o a hambruna.<\/p>\n<p><strong>\u2013\u00bfQu\u00e9 duldes persisten?<\/strong><\/p>\n<p>\u2013El Sidr\u00f3n ufiert\u00f3 informaci\u00f3n novedosa y reforz\u00f3 otros afayos. Pero ent\u00e1 hai entrugues abiertes: la estinci\u00f3n de los neandertales, les anomal\u00edes conx\u00e9nites, la baxa variabilid\u00e1 xen\u00e9tica y el tama\u00f1u de les poblaciones. En cuanto al mundu simb\u00f3licu, hai nicios, pero tienen de confirmase. Nesti sent\u00edu, El Sidr\u00f3n nun ayud\u00f3 demasiao porque los restos presenten se\u00f1ales clares de canibalismu, ensin elementos rituales.<\/p>\n<p><strong>\u2013\u00bfQu\u00e9 tenemos comprob\u00e1u sobro&#8217;l canibalismu?<\/strong><\/p>\n<p>\u2013Que nun foi espec\u00edficu. Afect\u00f3 a toles edaes y a dambos sexos. Nun hai se\u00f1ales de ritual; pensamos que foi un canibalismu por violencia o fame. La violencia ye malo de demostrar: un golpe puede romper un g\u00fcesu ensin dexar claro&#8217;l motivu.<\/p>\n<p><strong>\u2013\u00bfQu\u00e9 importancia tien El Sidr\u00f3n na prehistoria asturiana?<\/strong><\/p>\n<p>\u2013Ye unu de los xacimientos m\u00e1s importantes a nivel nacional ya internacional, ensin dulda.<\/p>\n<p><strong>\u2013\u00bfQu\u00e9-y sosprendi\u00f3 m\u00e1s tres tantos a\u00f1os d&#8217;investigaci\u00f3n?<\/strong><\/p>\n<p>\u2013El c\u00famulu d&#8217;afayos. Lo m\u00e1s sorprendente ye la cantid\u00e1 de restos calten\u00edos, porque lo normal ye que se pierdan. Tenemos m\u00e1s de 2.500 entraes d&#8217;inventariu de restos humanos y xunas 400 d&#8217;industria l\u00edtico, esto ye, ferramientes de piedra.<\/p>\n<p><strong>\u2013\u00bfHab\u00eda muyeres ente los restos?<\/strong><\/p>\n<p>\u2013S\u00ed, cinco. Nos dientes afay\u00e1ronse pequenes diferencies en buelgues y estr\u00edes que suxuren xuna cierta distribuci\u00f3n sexual de xeres. Nun sabemos esactamente cu\u00e1los yeren, pero quiciabes hab\u00eda actividaes realizaes m\u00e1s por muyeres. Aun as\u00ed, polo xeneral, toos fa\u00eden de too.<\/p>\n<p><strong>\u2013\u00bfDe qu\u00e9 s&#8217;alimentaben?<\/strong><\/p>\n<p>\u2013De vexetales y carne. Lo interesante ye que, siquier nos neandertales del sur, hab\u00eda un mayor consumu de vexetales compar\u00e1u colos del norte.<\/p>\n<p><strong>Unu de los individuos ten\u00eda un fuerte dolor na boca. \u00bfC\u00f3mo lo afayaron?<\/strong><\/p>\n<p>\u2013Foi f\u00e1cil. Nun quexal reparamos qu&#8217;uno de los caninos definitivos nun saliera, quedando&#8217;l de lleche. Eso provoc\u00f3lu una infecci\u00f3n con aguad\u00eda, asina que debi\u00f3 d&#8217;esperecer dolor. N\u00e9l, y n&#8217;otros, topamos se\u00f1ales de automedicaci\u00f3n: consumieron penicilina procedente d&#8217;hongos, lo qu&#8217;amuesa una conocencia fonda de los vexetales. Am\u00e1s, ese mesmu individuu ten\u00eda una bacteria qu&#8217;afectaba a la vis\u00edcula..<\/p>\n<p><strong>\u00bfQu\u00e9 t\u00e1n faciendo angua\u00f1o?<\/strong><\/p>\n<p>Per un sitiu, reforzamos l&#8217;espardimientu del xacimientu, daqu\u00e9 incluy\u00edu nel protocolu d&#8217;actuaci\u00f3n de tolos equipos implicaos. Por otru, con esti cursu de branu \u2014el primeru que s&#8217;entama\u2014 buscamos tresmitir de manera did\u00e1ctica, comprensible y cient\u00edfica tola informaci\u00f3n disponible.<\/p>\n","protected":false},"excerpt":{"rendered":"<p>Marco de la Rasilla, arque\u00f3logu: \u00abEl Sidr\u00f3n ye unu de los xacimientos m\u00e1s importantes del mundu\u00bb. \u00abLo m\u00e1s sorprendente ye la cantid\u00e1 de restos calten\u00edos, porque lo normal ye que se pierdan; tenemos m\u00e1s de 2.500 entraes d&#8217;inventariu de restos humanos y unes 400 d&#8217;industria l\u00edtico, esto ye, ferramientes de piedra\u00bb, afirma. Marco de la [&hellip;]<\/p>\n","protected":false},"author":117,"featured_media":0,"comment_status":"closed","ping_status":"open","sticky":false,"template":"","format":"standard","meta":{"footnotes":""},"categories":[206,406],"tags":[],"class_list":["post-56816","post","type-post","status-publish","format-standard","hentry","category-arqueoloxia","category-cueves"],"_links":{"self":[{"href":"https:\/\/edublog.educastur.es\/ixuxu\/wp-json\/wp\/v2\/posts\/56816","targetHints":{"allow":["GET"]}}],"collection":[{"href":"https:\/\/edublog.educastur.es\/ixuxu\/wp-json\/wp\/v2\/posts"}],"about":[{"href":"https:\/\/edublog.educastur.es\/ixuxu\/wp-json\/wp\/v2\/types\/post"}],"author":[{"embeddable":true,"href":"https:\/\/edublog.educastur.es\/ixuxu\/wp-json\/wp\/v2\/users\/117"}],"replies":[{"embeddable":true,"href":"https:\/\/edublog.educastur.es\/ixuxu\/wp-json\/wp\/v2\/comments?post=56816"}],"version-history":[{"count":5,"href":"https:\/\/edublog.educastur.es\/ixuxu\/wp-json\/wp\/v2\/posts\/56816\/revisions"}],"predecessor-version":[{"id":67504,"href":"https:\/\/edublog.educastur.es\/ixuxu\/wp-json\/wp\/v2\/posts\/56816\/revisions\/67504"}],"wp:attachment":[{"href":"https:\/\/edublog.educastur.es\/ixuxu\/wp-json\/wp\/v2\/media?parent=56816"}],"wp:term":[{"taxonomy":"category","embeddable":true,"href":"https:\/\/edublog.educastur.es\/ixuxu\/wp-json\/wp\/v2\/categories?post=56816"},{"taxonomy":"post_tag","embeddable":true,"href":"https:\/\/edublog.educastur.es\/ixuxu\/wp-json\/wp\/v2\/tags?post=56816"}],"curies":[{"name":"wp","href":"https:\/\/api.w.org\/{rel}","templated":true}]}}