{"id":56820,"date":"2025-09-02T10:20:21","date_gmt":"2025-09-02T08:20:21","guid":{"rendered":"https:\/\/edublog.educastur.es\/ixuxu\/?p=56820"},"modified":"2025-09-02T10:20:21","modified_gmt":"2025-09-02T08:20:21","slug":"el-principau-sofita-lespardimientu-de-la-emigracion-y-la-torna-de-la-coleutivida-asturiana","status":"publish","type":"post","link":"https:\/\/edublog.educastur.es\/ixuxu\/2025\/09\/el-principau-sofita-lespardimientu-de-la-emigracion-y-la-torna-de-la-coleutivida-asturiana\/","title":{"rendered":"El Princip\u00e1u sofita l&#8217;espardimientu de la emigraci\u00f3n y la torna de la coleutivid\u00e1 asturiana"},"content":{"rendered":"<p style=\"text-align: center\"><a href=\"https:\/\/actualidad.asturias.es\/documents\/537115\/2780183\/centro+asturiano.jpg\/1c0d714d-4386-db87-d20e-6188520b6b5a?t=1756731897794\"><img loading=\"lazy\" decoding=\"async\" class=\"aligncenter size-large\" src=\"https:\/\/actualidad.asturias.es\/documents\/537115\/2780183\/centro+asturiano.jpg\/1c0d714d-4386-db87-d20e-6188520b6b5a?t=1756731897794\" width=\"1600\" height=\"1200\" \/><\/a><\/p>\n<p><a href=\"https:\/\/actualidad.asturias.es\/-\/el-principado-apoya-con-20.000-euros-la-difusi%C3%B3n-de-la-emigraci%C3%B3n-y-el-retorno-para-visibilizar-el-papel-de-la-colectividad-asturiana-en-estos-desplazamientos?redirect=%2Fnoticias\">Actualid\u00e1 Asturies<\/a> \/<\/p>\n<div id=\"main-content\" class=\"columns-1\" role=\"main\">\n<div class=\"portlet-layout row\">\n<div id=\"column-1\" class=\"col-md-12 portlet-column portlet-column-only\">\n<div id=\"layout-column_column-1\" class=\"portlet-dropzone portlet-column-content portlet-column-content-only\">\n<div id=\"p_p_id_com_liferay_asset_publisher_web_portlet_AssetPublisherPortlet_INSTANCE_DSnKSBdGDt7q_\" class=\"portlet-boundary portlet-boundary_com_liferay_asset_publisher_web_portlet_AssetPublisherPortlet_ portlet-static portlet-static-end portlet-barebone portlet-asset-publisher nota-detalle\">\n<section id=\"portlet_com_liferay_asset_publisher_web_portlet_AssetPublisherPortlet_INSTANCE_DSnKSBdGDt7q\" class=\"portlet\">\n<div class=\"portlet-content\">\n<div class=\" portlet-content-container\">\n<div class=\"portlet-body\">\n<div class=\"asset-full-content clearfix default-asset-publisher show-asset-title\">\n<div id=\"_com_liferay_asset_publisher_web_portlet_AssetPublisherPortlet_INSTANCE_DSnKSBdGDt7q_2780193\" class=\"asset-content\">\n<div class=\"clearfix journal-content-article\" data-analytics-asset-id=\"2780180\" data-analytics-asset-title=\"El Principado apoya con 20.000 euros la difusi\u00f3n de la emigraci\u00f3n y el retorno para visibilizar el papel de la colectividad asturiana\" data-analytics-asset-type=\"web-content\">\n<div class=\"nota\">\n<div class=\"description\">\n<p>El Princip\u00e1u sofita con 20.000 euros l&#8217;espardimientu de la emigraci\u00f3n y la torna para visibilizar el papel de la coleutivid\u00e1 asturiana. \u00a0 Les ayudes dirixiranse a entidaes locales y privaes ensin \u00e1nimu d&#8217;arriquecimientu, que van poder presentar los sos proyectos dende ma\u00f1ana y hasta el 30 de setiembre. \u00a0<a href=\"https:\/\/goo.su\/7zo2boY\" target=\"_blank\" rel=\"noopener\">https:\/\/goo.su\/7zo2boY<\/a><\/p>\n<p><!--more--><\/p>\n<p>El Gobiernu del Princip\u00e1u abri\u00f3 una nueva convocatoria d&#8217;ayudes destinaes a entidaes que desenvuelvan<strong> proyectos para promocionar y espublizar la emigraci\u00f3n asturiana y la torna<\/strong>, dotada con 20.000 euros. Esta iniciativa enmarcar nes pol\u00edtiques de sensibilizaci\u00f3n del Executivu auton\u00f3micu centraes nesti tipu de desplazamientos, que tuvieron una gran trescendencia na comunid\u00e1.<\/p>\n<p>La convocatoria cunta con dos ll\u00ednees d&#8217;actuaci\u00f3n,<strong> una empobinada a entidaes locales y otra a entidaes privaes ensin \u00e1nimu d&#8217;arriquecimientu<\/strong>, ca\u00fana d&#8217;elles dotada con 10.000 euros. Dirixiranse a financiar actividaes que se desenvolvieren o se vaigan a desenvolver a lo llargo d&#8217;angua\u00f1o.<\/p>\n<p>Pueden sufragase actos culturales como conferencies, meses redondes, xornaes, presentaciones de llibros o esposiciones. Tami\u00e9n recreaciones hist\u00f3riques, feries o torneos, seg\u00fan otru tipu d&#8217;actuaciones empobinaes a un p\u00fablicu m\u00e1s espec\u00edficu. Por casu, publicaciones, documentales, trabayos d&#8217;investigaci\u00f3n o preservaci\u00f3n y espardimientu de fondos que tean venceyaos a la emigraci\u00f3n asturiana.<\/p>\n<p>Estes ayudes enmarquense nel Plan Estrat\u00e9xicu de Subvenciones 2024\/2026 que desenvuelve la Conseyer\u00eda de Presidencia, Retu Demogr\u00e1ficu, Iguald\u00e1 y Turismu, al travi\u00e9s de la Direcci\u00f3n Xeneral d&#8217;Emigraci\u00f3n y Pol\u00edtiques de Torna. <strong>Busquen financiar proyectos que visibilicen el papel desempe\u00f1\u00e1u polos asturianos y asturianes qu&#8217;emigraron a lo llargo de la hestoria, seg\u00fan la realid\u00e1 de quien retornaron.<\/strong><\/p>\n<p>Les subvenciones van concedese en r\u00e9xime de concurrencia competitiva y va ser compatibles con otres ayudes, siempres y cuando nun se supere&#8217;l costu total del proyectu financi\u00e1u.<\/p>\n<p>El plazu de presentaci\u00f3n de proyectos va permanecer abiertu dende la ma\u00f1ana hasta al 30 de setiembre.<\/p>\n<p>&nbsp;<\/p>\n<\/div>\n<\/div>\n<\/div>\n<\/div>\n<\/div>\n<\/div>\n<\/div>\n<\/div>\n<\/section>\n<\/div>\n<\/div>\n<\/div>\n<\/div>\n<\/div>\n<p>&nbsp;<\/p>\n","protected":false},"excerpt":{"rendered":"<p>Actualid\u00e1 Asturies \/ El Princip\u00e1u sofita con 20.000 euros l&#8217;espardimientu de la emigraci\u00f3n y la torna para visibilizar el papel de la coleutivid\u00e1 asturiana. \u00a0 Les ayudes dirixiranse a entidaes locales y privaes ensin \u00e1nimu d&#8217;arriquecimientu, que van poder presentar los sos proyectos dende ma\u00f1ana y hasta el 30 de setiembre. \u00a0https:\/\/goo.su\/7zo2boY<\/p>\n","protected":false},"author":117,"featured_media":0,"comment_status":"closed","ping_status":"open","sticky":false,"template":"","format":"standard","meta":{"footnotes":""},"categories":[475],"tags":[],"class_list":["post-56820","post","type-post","status-publish","format-standard","hentry","category-emigracion"],"_links":{"self":[{"href":"https:\/\/edublog.educastur.es\/ixuxu\/wp-json\/wp\/v2\/posts\/56820","targetHints":{"allow":["GET"]}}],"collection":[{"href":"https:\/\/edublog.educastur.es\/ixuxu\/wp-json\/wp\/v2\/posts"}],"about":[{"href":"https:\/\/edublog.educastur.es\/ixuxu\/wp-json\/wp\/v2\/types\/post"}],"author":[{"embeddable":true,"href":"https:\/\/edublog.educastur.es\/ixuxu\/wp-json\/wp\/v2\/users\/117"}],"replies":[{"embeddable":true,"href":"https:\/\/edublog.educastur.es\/ixuxu\/wp-json\/wp\/v2\/comments?post=56820"}],"version-history":[{"count":1,"href":"https:\/\/edublog.educastur.es\/ixuxu\/wp-json\/wp\/v2\/posts\/56820\/revisions"}],"predecessor-version":[{"id":56821,"href":"https:\/\/edublog.educastur.es\/ixuxu\/wp-json\/wp\/v2\/posts\/56820\/revisions\/56821"}],"wp:attachment":[{"href":"https:\/\/edublog.educastur.es\/ixuxu\/wp-json\/wp\/v2\/media?parent=56820"}],"wp:term":[{"taxonomy":"category","embeddable":true,"href":"https:\/\/edublog.educastur.es\/ixuxu\/wp-json\/wp\/v2\/categories?post=56820"},{"taxonomy":"post_tag","embeddable":true,"href":"https:\/\/edublog.educastur.es\/ixuxu\/wp-json\/wp\/v2\/tags?post=56820"}],"curies":[{"name":"wp","href":"https:\/\/api.w.org\/{rel}","templated":true}]}}