{"id":56822,"date":"2025-09-02T10:25:44","date_gmt":"2025-09-02T08:25:44","guid":{"rendered":"https:\/\/edublog.educastur.es\/ixuxu\/?p=56822"},"modified":"2025-09-02T10:25:44","modified_gmt":"2025-09-02T08:25:44","slug":"amazon-cifra-en-235-millones-la-so-aportacion-al-pib-dasturies","status":"publish","type":"post","link":"https:\/\/edublog.educastur.es\/ixuxu\/2025\/09\/amazon-cifra-en-235-millones-la-so-aportacion-al-pib-dasturies\/","title":{"rendered":"Amazon cifra en 235 millones la so aportaci\u00f3n al PIB d&#8217;Asturies"},"content":{"rendered":"<p style=\"text-align: center\"><a href=\"https:\/\/s2.ppllstatics.com\/elcomercio\/www\/multimedia\/2025\/08\/31\/amazon-siero-Rz47qNz5sAq6avv2ePOdMTJ-1200x840@El%20Comercio.jpg\"><img loading=\"lazy\" decoding=\"async\" class=\"aligncenter \" src=\"https:\/\/s2.ppllstatics.com\/elcomercio\/www\/multimedia\/2025\/08\/31\/amazon-siero-Rz47qNz5sAq6avv2ePOdMTJ-1200x840@El%20Comercio.jpg\" width=\"628\" height=\"439\" \/><\/a><\/p>\n<p>Amazon cifra en 235 millones la so <strong>aportaci\u00f3n al PIB d&#8217;Asturies<\/strong> un a\u00f1u dempu\u00e9s d&#8217;abrir nel pol\u00edgonu de Bobes. Pon en marcha&#8217;l turnu de nueche en Siero col xixon\u00e9s Omar Rozada al frente, quien dirixi\u00f3&#8217;l centru de Illescas, que&#8217;l so \u00e9situ aspira a retrucar nel concejo. <a href=\"https:\/\/www.elcomercio.es\/area-metropolitana-asturias\/siero-centro\/amazon-poligono-bobes-hub-siero-20250901061345-nt.html\">El Comercio<\/a><\/p>\n<p><!--more--><\/p>\n<p style=\"text-align: center\"><a href=\"https:\/\/s3.ppllstatics.com\/elcomercio\/www\/multimedia\/2025\/09\/01\/bobes-siero-RKzhnL5DkNTBRkBVrrPem0H-1200x840@El%20Comercio.jpg\"><img loading=\"lazy\" decoding=\"async\" class=\"aligncenter \" src=\"https:\/\/s3.ppllstatics.com\/elcomercio\/www\/multimedia\/2025\/09\/01\/bobes-siero-RKzhnL5DkNTBRkBVrrPem0H-1200x840@El%20Comercio.jpg\" width=\"485\" height=\"339\" \/><\/a><\/p>\n<p>L&#8217;autov\u00eda de Bobes, cola nave de Amazon al fondu J. M. Pardo.<\/p>\n<p>Un a\u00f1u del desembarco de Amazon nel pol\u00edgonu de Bobes: el finxu qu&#8217;impulsa l&#8217;hub&#8217; en Siero. Siete proyectos<br \/>\nconfirmaron y\u00e1 la so intenci\u00f3n d&#8217;asitiase nesti pol\u00edgonu. Ente ellos, el de la multinacional Costco.<\/p>\n<p>&nbsp;<\/p>\n<p>&nbsp;<\/p>\n","protected":false},"excerpt":{"rendered":"<p>Amazon cifra en 235 millones la so aportaci\u00f3n al PIB d&#8217;Asturies un a\u00f1u dempu\u00e9s d&#8217;abrir nel pol\u00edgonu de Bobes. Pon en marcha&#8217;l turnu de nueche en Siero col xixon\u00e9s Omar Rozada al frente, quien dirixi\u00f3&#8217;l centru de Illescas, que&#8217;l so \u00e9situ aspira a retrucar nel concejo. El Comercio<\/p>\n","protected":false},"author":117,"featured_media":0,"comment_status":"closed","ping_status":"open","sticky":false,"template":"","format":"standard","meta":{"footnotes":""},"categories":[119],"tags":[],"class_list":["post-56822","post","type-post","status-publish","format-standard","hentry","category-empreses"],"_links":{"self":[{"href":"https:\/\/edublog.educastur.es\/ixuxu\/wp-json\/wp\/v2\/posts\/56822","targetHints":{"allow":["GET"]}}],"collection":[{"href":"https:\/\/edublog.educastur.es\/ixuxu\/wp-json\/wp\/v2\/posts"}],"about":[{"href":"https:\/\/edublog.educastur.es\/ixuxu\/wp-json\/wp\/v2\/types\/post"}],"author":[{"embeddable":true,"href":"https:\/\/edublog.educastur.es\/ixuxu\/wp-json\/wp\/v2\/users\/117"}],"replies":[{"embeddable":true,"href":"https:\/\/edublog.educastur.es\/ixuxu\/wp-json\/wp\/v2\/comments?post=56822"}],"version-history":[{"count":1,"href":"https:\/\/edublog.educastur.es\/ixuxu\/wp-json\/wp\/v2\/posts\/56822\/revisions"}],"predecessor-version":[{"id":56823,"href":"https:\/\/edublog.educastur.es\/ixuxu\/wp-json\/wp\/v2\/posts\/56822\/revisions\/56823"}],"wp:attachment":[{"href":"https:\/\/edublog.educastur.es\/ixuxu\/wp-json\/wp\/v2\/media?parent=56822"}],"wp:term":[{"taxonomy":"category","embeddable":true,"href":"https:\/\/edublog.educastur.es\/ixuxu\/wp-json\/wp\/v2\/categories?post=56822"},{"taxonomy":"post_tag","embeddable":true,"href":"https:\/\/edublog.educastur.es\/ixuxu\/wp-json\/wp\/v2\/tags?post=56822"}],"curies":[{"name":"wp","href":"https:\/\/api.w.org\/{rel}","templated":true}]}}