{"id":56834,"date":"2025-09-02T10:00:34","date_gmt":"2025-09-02T08:00:34","guid":{"rendered":"https:\/\/edublog.educastur.es\/ixuxu\/?p=56834"},"modified":"2025-09-02T21:26:22","modified_gmt":"2025-09-02T19:26:22","slug":"linstitutu-mas-grande-dasturies-ya-ta-llistu-para-recibir-a-420-alumnos","status":"publish","type":"post","link":"https:\/\/edublog.educastur.es\/ixuxu\/2025\/09\/linstitutu-mas-grande-dasturies-ya-ta-llistu-para-recibir-a-420-alumnos\/","title":{"rendered":"L&#8217;institutu m\u00e1s grande d&#8217;Asturies y\u00e1 ta llistu para recibir a 420 alumnos"},"content":{"rendered":"<p>L&#8217;institutu m\u00e1s grande d&#8217;Asturies y\u00e1 ta llistu para recibir a 420 alumnos: asina foi&#8217;l so estrenu con mediu centenar de profesores. Los docentes preparen y\u00e1 la puesta en marcha del segundu centru de Secundaria abiertu nel barriu en 17 a\u00f1os. Profesor\u00e1u saliendo ayeri del IES Margarita Salas, en La Corredoria. <a href=\"https:\/\/www.lne.es\/oviedo\/la-corredoria\/2025\/09\/01\/instituto-grande-asturias-listo-recibir-121141758.html?utm_content=imagen&amp;utm_medium=social&amp;utm_campaign=echobox&amp;utm_source=Facebook&amp;fbclid=IwY2xjawMkI0NleHRuA2FlbQIxMABicmlkETFvTWFsRkNoTldrdjdtRGNDAR4YZMzN1TKafhIoyKyNDUJavRkbz0creMDIdnKo4G_KcYzl1L5cHIv89up6FA_aem_-zBChv97tvZzoACGSRlf8w#Echobox=1756751249\">LNE<\/a><\/p>\n<p style=\"text-align: center\"><a href=\"https:\/\/estaticos-cdn.prensaiberica.es\/clip\/3ce61d0a-2420-4588-ab49-7618711a3030_16-9-aspect-ratio_default_0_x1050y741.webp\"><img loading=\"lazy\" decoding=\"async\" class=\"aligncenter size-large\" src=\"https:\/\/estaticos-cdn.prensaiberica.es\/clip\/3ce61d0a-2420-4588-ab49-7618711a3030_16-9-aspect-ratio_default_0_x1050y741.webp\" width=\"880\" height=\"495\" \/><\/a><\/p>\n<p><!--more--><br \/>\nEn La Corredoria y\u00e1 descuentan les hores pa un finxu hist\u00f3ricu. Dempu\u00e9s d&#8217;una d\u00e9cada de reivindicaciones, tr\u00e9s intentos de llicitaci\u00f3n fall\u00edos y una inversi\u00f3n de 18 millones d&#8217;euros ente obra y equipamientu, el nuevu IES del barriu, que va llevar el nome de la cient\u00edfica Margarita Salas, y\u00e1 ye una realid\u00e1. M\u00e1s de mediu centenar de profesores trespasaron esti llunes per primer vegada la puerta de la cortil al que van entrar a les 8.30 hores del pr\u00f3ximu martes 420 alumnos. Los docentes tienen per delantre una selmana d&#8217;intensu trabayu, cuadrando horarios, entamando espacios, encamentando llibros y echando a andar una maquinaria qu&#8217;hasta ayeri nunca fuera arrancada. \u00abCuesta empezar de cero, pero ye un retu ilusionante\u00bb, comentaba ayeri de manera informal el profesor\u00e1u.<\/p>\n","protected":false},"excerpt":{"rendered":"<p>L&#8217;institutu m\u00e1s grande d&#8217;Asturies y\u00e1 ta llistu para recibir a 420 alumnos: asina foi&#8217;l so estrenu con mediu centenar de profesores. Los docentes preparen y\u00e1 la puesta en marcha del segundu centru de Secundaria abiertu nel barriu en 17 a\u00f1os. Profesor\u00e1u saliendo ayeri del IES Margarita Salas, en La Corredoria. LNE<\/p>\n","protected":false},"author":117,"featured_media":0,"comment_status":"closed","ping_status":"open","sticky":false,"template":"","format":"standard","meta":{"footnotes":""},"categories":[431],"tags":[],"class_list":["post-56834","post","type-post","status-publish","format-standard","hentry","category-ies-margarita-salas"],"_links":{"self":[{"href":"https:\/\/edublog.educastur.es\/ixuxu\/wp-json\/wp\/v2\/posts\/56834","targetHints":{"allow":["GET"]}}],"collection":[{"href":"https:\/\/edublog.educastur.es\/ixuxu\/wp-json\/wp\/v2\/posts"}],"about":[{"href":"https:\/\/edublog.educastur.es\/ixuxu\/wp-json\/wp\/v2\/types\/post"}],"author":[{"embeddable":true,"href":"https:\/\/edublog.educastur.es\/ixuxu\/wp-json\/wp\/v2\/users\/117"}],"replies":[{"embeddable":true,"href":"https:\/\/edublog.educastur.es\/ixuxu\/wp-json\/wp\/v2\/comments?post=56834"}],"version-history":[{"count":1,"href":"https:\/\/edublog.educastur.es\/ixuxu\/wp-json\/wp\/v2\/posts\/56834\/revisions"}],"predecessor-version":[{"id":56835,"href":"https:\/\/edublog.educastur.es\/ixuxu\/wp-json\/wp\/v2\/posts\/56834\/revisions\/56835"}],"wp:attachment":[{"href":"https:\/\/edublog.educastur.es\/ixuxu\/wp-json\/wp\/v2\/media?parent=56834"}],"wp:term":[{"taxonomy":"category","embeddable":true,"href":"https:\/\/edublog.educastur.es\/ixuxu\/wp-json\/wp\/v2\/categories?post=56834"},{"taxonomy":"post_tag","embeddable":true,"href":"https:\/\/edublog.educastur.es\/ixuxu\/wp-json\/wp\/v2\/tags?post=56834"}],"curies":[{"name":"wp","href":"https:\/\/api.w.org\/{rel}","templated":true}]}}