{"id":56836,"date":"2025-09-02T11:30:47","date_gmt":"2025-09-02T09:30:47","guid":{"rendered":"https:\/\/edublog.educastur.es\/ixuxu\/?p=56836"},"modified":"2025-09-02T21:37:33","modified_gmt":"2025-09-02T19:37:33","slug":"valdesoto-premiu-al-pueblu-exemplar-dasturies","status":"publish","type":"post","link":"https:\/\/edublog.educastur.es\/ixuxu\/2025\/09\/valdesoto-premiu-al-pueblu-exemplar-dasturies\/","title":{"rendered":"Valdesoto, Premiu al Pueblu Exemplar d&#8217;Asturies"},"content":{"rendered":"<ul>\n<li><a href=\"https:\/\/www.fpa.es\/es\/area-de-comunicacion-y-prensa\/notas-de-prensa\/valdesoto-premio-al-pueblo-ejemplar-de-asturias\">FPA<\/a> \/<\/li>\n<\/ul>\n<p>La parroquia de Valdesoto (Siero) foi galardonada col Premiu al Pueblu Exemplar d&#8217;Asturies 2025, seg\u00fan fixo p\u00fablicu g\u00fcei n&#8217;Uvi\u00e9u&#8217;l xur\u00e1u encarg\u00e1u de la so concesi\u00f3n.<\/p>\n<p style=\"text-align: center\"><a href=\"https:\/\/www.fpa.es\/resources\/img\/portal\/2025\/09\/02\/valdesoto-premio-al-pueblo-ejemplar-de-asturias-2025-08380.webp\"><img loading=\"lazy\" decoding=\"async\" class=\"aligncenter size-large\" src=\"https:\/\/www.fpa.es\/resources\/img\/portal\/2025\/09\/02\/valdesoto-premio-al-pueblo-ejemplar-de-asturias-2025-08380.webp\" width=\"960\" height=\"517\" \/><\/a><\/p>\n<p>Valdesoto ye una parroquia del conceyu de Siero qu&#8217;entiende catorce n\u00facleos de poblaci\u00f3n, con <strong>mil ochocientos vecinos dedicaos al campu, la miner\u00eda, la industria y los servicios<\/strong>. La so capacid\u00e1 de xunise para promover el desenvolvimientu de la parroquia reflexar nuna trentena d&#8217;asociaciones dedicaes al ociu, la cultura, la tradici\u00f3n, el folclore, la gastronom\u00eda, el deporte o&#8217;l mediu ambiente.<\/p>\n<p><!--more--><\/p>\n<p>Y\u00e1 en 1915 cre\u00e1ronse la Socied\u00e1 de Llabradores y el Sindicatu Agr\u00edcola y, en 1929, l&#8217;asociaci\u00f3n de ganaderos La Previsora de Valdesoto. L&#8217;actual asociaci\u00f3n de vecinos crear en 1976 y dende ent\u00f3s desempe\u00f1\u00f3 llabores de gran importancia, como la construcci\u00f3n d&#8217;un centru de sal\u00fa con aportaciones econ\u00f3miques y de mano d&#8217;obra local, el dise\u00f1u d&#8217;una sienda piatonal que percuerre&#8217;l pueblu para dar a conocer fontes calten\u00edes y recuperaes polos vecinos o la ellaboraci\u00f3n d&#8217;un portal n&#8217;internet con informaci\u00f3n de Valdesoto.<\/p>\n<p>La \u00faltima agrupaci\u00f3n naci\u00f3 en 2005 y, sol nome de Toos Xuntos Podemos, apigur\u00f3 a representantes de toles dem\u00e1s pa promover la candidatura de Valdesoto al Premiu al Pueblu Exemplar d&#8217;Asturies, anque desenvuelve otres actividaes como la recuperaci\u00f3n de tradiciones como la foguera de San Xuan. Tami\u00e9n public\u00f3&#8217;l llibru Valdesoto, del ayeri al g\u00fcei (2007) y collabor\u00f3 na publicaci\u00f3n en 2006 d&#8217;un llibru sobro Xovellanos con testos de principios del sieglu XX de frai Bernardo Mart\u00ednez Noval.<\/p>\n<p>Los vecinos de Valdesoto<strong> supieron recuperar les tradiciones y caltener el so patrimoniu art\u00edstico y cultural.<\/strong> Al travi\u00e9s del trabayu colectivu rehabilitaron fontes, caminos, espacios naturales, casones, capiyes, horros, etc. En Valdesoto abonden tou tipu de construcciones antig\u00fces bien calten\u00edes o en v\u00edes de restauraci\u00f3n, como&#8217;l palaciu de los Carre\u00f1o, el palaciu de los Cam\u00edn y la capiya de San Juan Evanxelista, la casona de Lece\u00f1es, la capiya de los Santos Reyes, la capiya de San Agust\u00edn de Castiellu y el palaciu del Valle, ente otros edificios. Am\u00e1s, hai cientu dos horros y cincuenta y tres paneres que se caltienen en bien bon est\u00e1u.<strong> Los vecinos recuperaron caminos y dise\u00f1\u00e1u rutes de monte, entamen un merc\u00e1u a\u00f1al d&#8217;artesan\u00eda en madera dende 1998 y concursos de fotograf\u00eda, pintura r\u00e1pida y lliteratura infantil<\/strong>. Les formes de la vida llabradora, con el costumes y oficios de principios del sieglu XX, amu\u00e9sense a\u00f1almente nel certame Valdesoto d\u2019Anta\u00f1u.<\/p>\n<p>Ente les riqueces culturales que supieron tresmitir de xeneraci\u00f3n en xeneraci\u00f3n d<strong>estaquen les carroces, desfile que se celebra dende fai m\u00e1s de mediu sieglu&#8217;l llunes dempu\u00e9s del segundu domingu d&#8217;agostu, d\u00eda grande de les fiestes de San F\u00e9lix<\/strong>. Grupos de vecinos escurren les sos carroces y trabayen na so ellaboraci\u00f3n mientres tol a\u00f1u pa participar nesti actu, qu&#8217;en 2002 foi declar\u00e1u <strong>Fiesta d&#8217;Inter\u00e9s Tur\u00edsticu Rexonal<\/strong>. Otra tradici\u00f3n caltenida son los sidros, <strong>mazcaraes d&#8217;iviernu<\/strong> qu&#8217;anuncien la llegada de <strong>les comedies, que fueron declaraos Bien d&#8217;Inter\u00e9s Cultural de calter inmaterial<\/strong> pol Princip\u00e1u en 2019. Mozos vist\u00edos con pieles d&#8217;oveya y llueques precieden a los actores y, tres la representaci\u00f3n, recueyen el dineru y entamen concursos de saltos.\u00a0 Les comedies represent\u00e1bense los domingos, al salir de misa, nel campu de la ilesia o delantre de los chigres. L&#8217;autor de comedies m\u00e1s renombr\u00e1u, Jos\u00e9 Noval Mart\u00ednez (1856-1937), yera natural de Castiellu (Valdesoto).<\/p>\n<p>El Premiu al Pueblu Exemplar d&#8217;Asturies convirti\u00f3se a lo llargo de les sos ediciones n&#8217;una de les actividaes de la Fundaci\u00f3n de m\u00e1s amplia y meyor acoyida dientro del Princip\u00e1u, al tar destin\u00e1u a galardonar al pueblu, <strong><em>\u00abaldega, n\u00facleu de poblaci\u00f3n, espaciu paisax\u00edsticu o grupu humanu del Princip\u00e1u d&#8217;Asturies que destacara de manera notable na defensa y caltenimientu de la so redolada natural, ambiental, del so patrimoniu hist\u00f3ricu, cultural o art\u00edsticu, n&#8217;iniciatives d&#8217;impulsu econ\u00f3micu y social o na realizaci\u00f3n d&#8217;obres comunales o otres manifestaciones de solidaridad sobresalientes\u00bb.<\/em><\/strong><\/p>\n<p>&nbsp;<\/p>\n","protected":false},"excerpt":{"rendered":"<p>FPA \/ La parroquia de Valdesoto (Siero) foi galardonada col Premiu al Pueblu Exemplar d&#8217;Asturies 2025, seg\u00fan fixo p\u00fablicu g\u00fcei n&#8217;Uvi\u00e9u&#8217;l xur\u00e1u encarg\u00e1u de la so concesi\u00f3n. Valdesoto ye una parroquia del conceyu de Siero qu&#8217;entiende catorce n\u00facleos de poblaci\u00f3n, con mil ochocientos vecinos dedicaos al campu, la miner\u00eda, la industria y los servicios. La [&hellip;]<\/p>\n","protected":false},"author":117,"featured_media":0,"comment_status":"closed","ping_status":"open","sticky":false,"template":"","format":"standard","meta":{"footnotes":""},"categories":[58,28],"tags":[],"class_list":["post-56836","post","type-post","status-publish","format-standard","hentry","category-premios","category-premios-princesa-da"],"_links":{"self":[{"href":"https:\/\/edublog.educastur.es\/ixuxu\/wp-json\/wp\/v2\/posts\/56836","targetHints":{"allow":["GET"]}}],"collection":[{"href":"https:\/\/edublog.educastur.es\/ixuxu\/wp-json\/wp\/v2\/posts"}],"about":[{"href":"https:\/\/edublog.educastur.es\/ixuxu\/wp-json\/wp\/v2\/types\/post"}],"author":[{"embeddable":true,"href":"https:\/\/edublog.educastur.es\/ixuxu\/wp-json\/wp\/v2\/users\/117"}],"replies":[{"embeddable":true,"href":"https:\/\/edublog.educastur.es\/ixuxu\/wp-json\/wp\/v2\/comments?post=56836"}],"version-history":[{"count":1,"href":"https:\/\/edublog.educastur.es\/ixuxu\/wp-json\/wp\/v2\/posts\/56836\/revisions"}],"predecessor-version":[{"id":56837,"href":"https:\/\/edublog.educastur.es\/ixuxu\/wp-json\/wp\/v2\/posts\/56836\/revisions\/56837"}],"wp:attachment":[{"href":"https:\/\/edublog.educastur.es\/ixuxu\/wp-json\/wp\/v2\/media?parent=56836"}],"wp:term":[{"taxonomy":"category","embeddable":true,"href":"https:\/\/edublog.educastur.es\/ixuxu\/wp-json\/wp\/v2\/categories?post=56836"},{"taxonomy":"post_tag","embeddable":true,"href":"https:\/\/edublog.educastur.es\/ixuxu\/wp-json\/wp\/v2\/tags?post=56836"}],"curies":[{"name":"wp","href":"https:\/\/api.w.org\/{rel}","templated":true}]}}