{"id":56848,"date":"2025-09-02T12:10:56","date_gmt":"2025-09-02T10:10:56","guid":{"rendered":"https:\/\/edublog.educastur.es\/ixuxu\/?p=56848"},"modified":"2025-09-03T19:44:55","modified_gmt":"2025-09-03T17:44:55","slug":"una-patria-querida","status":"publish","type":"post","link":"https:\/\/edublog.educastur.es\/ixuxu\/2025\/09\/una-patria-querida\/","title":{"rendered":"\u00abUna patria querida\u00bb por Xuan Porta"},"content":{"rendered":"<div style=\"text-align: center\"><a href=\"https:\/\/www.instagram.com\/fusionasturias\">https:\/\/www.instagram.com\/fusionasturias<\/a><\/div>\n<div class=\"html-div xdj266r x14z9mp xat24cr x1lziwak xexx8yu xyri2b x18d9i69 x1c1uobl x9f619 xjbqb8w x78zum5 x15mokao x1ga7v0g x16uus16 xbiv7yw x1uhb9sk x1plvlek xryxfnj x1c4vz4f x2lah0s x1q0g3np xqjyukv x1qjc9v5 x1oa3qoh x1nhvcw1\" style=\"text-align: center\"><span class=\"x193iq5w xeuugli x13faqbe x1vvkbs xt0psk2 x1i0vuye xvs91rp xo1l8bm x5n08af x10wh9bi xpm28yp x8viiok x1o7cslx x126k92a\"><span class=\"html-span xexx8yu x4uap5 x18d9i69 xkhd6sd x1hl2dhg x16tdsg8 x1vvkbs x3nfvp2 x1j61x8r x1fcty0u xdj266r xat24cr xgzva0m xhhsvwb xxymvpz xlup9mm x1kky2od\">\n<!-- iframe plugin v.6.0 wordpress.org\/plugins\/iframe\/ -->\n<iframe loading=\"lazy\" src=\"https:\/\/www.instagram.com\/reel\/DOGXHPmCB_e\/embed\" width=\"490\" height=\"625\" 0=\"\/iframe\" scrolling=\"yes\" class=\"iframe-class\" frameborder=\"0\"><\/iframe>\n<\/span><\/span><\/div>\n<p><span class=\"x193iq5w xeuugli x13faqbe x1vvkbs xt0psk2 x1i0vuye xvs91rp xo1l8bm x5n08af x10wh9bi xpm28yp x8viiok x1o7cslx x126k92a\">\ud83d\udc99\ud83d\udc9b Asturies ye un pueblu \u00fanicu, en v\u00edes d\u2019autorreconocese como talu. Magar que de tolos elementos identitarios que tien, les sos lling\u00fces son les menos valoraes por dellos seutores sociales, mui c\u00f3modos col castellanu obligatoriu al ser ent\u00e1 l\u2019\u00fanicu idioma oficial del pa\u00eds. <\/span>\ud83d\udd17 <a href=\"https:\/\/fusionasturias.com\/opinion\/el-cantul-xibarte\/una-patria-querida.htm\">https:\/\/fusionasturias.com\/opinion\/el-cantul-xibarte\/una-patria-querida.htm<\/a><\/p>\n<p><!--more--><\/p>\n<div class=\"td_block_wrap tdb_single_content tdi_104 td-pb-border-top td_block_template_1 td-post-content tagdiv-type\" data-td-block-uid=\"tdi_104\">\n<div class=\"tdb-block-inner td-fix-index\">\n<p><span style=\"color: #008080;font-size: 16px\"><em>Asturies ye un pueblu \u00fanicu, en v\u00edes d\u2019autorreconocese como talu. Magar que de tolos elementos identitarios que tien, les sos lling\u00fces son les menos valoraes por dellos seutores sociales, mui c\u00f3modos col castellanu obligatoriu al ser ent\u00e1 l\u2019\u00fanicu idioma oficial del pa\u00eds.<\/em><\/span><\/p>\n<p><span style=\"color: #008080;font-size: 16px\"><em>De Xovellanos a l\u2019ALLA, son grandes los nomes de la so hestoria, que puxaron pol caltenimientu y vitalid\u00e1 del asturianu.<\/em><\/span><br \/>\n<span style=\"color: #008080;font-size: 16px\"><em>Pero dellos part\u00edos pol\u00edticos apararon, y aparen ent\u00e1, el desendolcu normal del idioma, a la escontra de lo que ficieron n\u2019otres comunidaes tan averaes como Galicia.<\/em><\/span><\/p>\n<div class=\"code-block code-block-7\">\n<p>&nbsp;<\/p>\n<div id=\"beacon_3fb68a31fc\"><img loading=\"lazy\" decoding=\"async\" src=\"https:\/\/publi.fusionasturias.com\/www\/delivery\/lg.php?bannerid=0&amp;campaignid=0&amp;zoneid=10&amp;loc=https%3A%2F%2Ffusionasturias.com%2Fopinion%2Fel-cantul-xibarte%2Funa-patria-querida.htm&amp;cb=3fb68a31fc\" alt=\"\" width=\"0\" height=\"0\" \/><\/div>\n<p>&nbsp;<\/p>\n<\/div>\n<p><span style=\"color: #008080;font-size: 16px\"><em>La llingua aut\u00f3ctona ye\u2019l marcador cultural d\u2019una patria querida por toos, pero inorada nesa parte cimera por dalgunos.<\/em><\/span><br \/>\n<span style=\"color: #008080;font-size: 16px\"><em>Esos qu\u2019aceuten la oficialid\u00e1 del eusquera, el gallegu y el catal\u00e1n pero non la d\u2019esta patria asturiana, que nun deben querer tanto.<\/em><\/span><br \/>\n<span style=\"color: #008080;font-size: 16px\"><em>Prefieren que tea muda la so llingua milenaria a que, llibremente, espoxigue como les dem\u00e1s del Est\u00e1u espa\u00f1ol.<\/em><\/span><br \/>\n<span style=\"color: #008080;font-size: 16px\"><em>A la llarga, van faer un problema onde nun lo tien d\u2019haber.<\/em><\/span><\/p>\n<p><span style=\"color: #008080;font-size: 16px\"><em>La convivencia ente los falantes ye la gu\u00eda del movimientu de recuperaci\u00f3n lling\u00fc\u00edstica dende va m\u00e1s de mediu sieglu.<\/em><\/span><br \/>\n<span style=\"color: #008080;font-size: 16px\"><em>A ca\u00fan lo de so y toos contentos.<\/em><\/span><br \/>\n<span style=\"color: #008080;font-size: 16px\"><em>Pero al metese cola espresi\u00f3n del pueblu, xeneren un refugu n\u00e9l. N\u2019otros llugares ll\u00e1menlo desafeici\u00f3n.<\/em><\/span><br \/>\n<span style=\"color: #008080;font-size: 16px\"><em>Equ\u00ed nun tiene por qu\u00e9 pasar, si abren les puertes de vetos y censures, de desigualdaes y discriminaciones.<\/em><\/span><\/p>\n<p><span style=\"color: #008080;font-size: 16px\"><em>Asturies ye un pueblu singular. Una patria querida por munchos.<\/em><\/span><br \/>\n<span style=\"color: #008080;font-size: 16px\"><em>Que naide nun va ser quien a ver callada la so voz.<\/em><\/span><\/p>\n<div class=\"rmp-widgets-container rmp-wp-plugin rmp-main-container js-rmp-widgets-container js-rmp-widgets-container--74317 \" data-post-id=\"74317\">\n<div class=\"rmp-rating-widget js-rmp-rating-widget\"><\/div>\n<\/div>\n<\/div>\n<\/div>\n<div class=\"td_block_wrap tdb_single_post_share tdi_105 td-pb-border-top td_block_template_1\" data-td-block-uid=\"tdi_105\">\n<div id=\"tdi_105\" class=\"td-post-sharing tdb-block td-ps-bg td-ps-notext td-ps-rounded td-post-sharing-style3 \">\n<div class=\"td-post-sharing-visible\">\n<div class=\"td-social-sharing-button td-social-sharing-button-js td-social-handler td-social-share-text\"><\/div>\n<\/div>\n<\/div>\n<\/div>\n<div class=\"td_block_wrap tdb_single_comments tdi_109 tdb-comm-layout2 td-pb-border-top td_block_template_2\" data-td-block-uid=\"tdi_109\">\n<div class=\"tdb-block-inner td-fix-index\">\n<div id=\"comments\" class=\"comments\">\n<div id=\"respond\" class=\"comment-respond\">\n<div class=\"comment-form-input-wrap td-form-comment\"><a class=\"x1i10hfl xjbqb8w x1ejq31n x18oe1m7 x1sy0etr xstzfhl x972fbf x10w94by x1qhh985 x14e42zd x9f619 x1ypdohk xt0psk2 x3ct3a4 xdj266r x14z9mp xat24cr x1lziwak xexx8yu xyri2b x18d9i69 x1c1uobl x16tdsg8 x1hl2dhg xggy1nq x1a2a7pz _aa9_ _a6hd\" role=\"link\" href=\"https:\/\/www.instagram.com\/explore\/tags\/asturiespatriaquerida\/\">#AsturiesPatriaQuerida<\/a>\u00a0<a class=\"x1i10hfl xjbqb8w x1ejq31n x18oe1m7 x1sy0etr xstzfhl x972fbf x10w94by x1qhh985 x14e42zd x9f619 x1ypdohk xt0psk2 x3ct3a4 xdj266r x14z9mp xat24cr x1lziwak xexx8yu xyri2b x18d9i69 x1c1uobl x16tdsg8 x1hl2dhg xggy1nq x1a2a7pz _aa9_ _a6hd\" role=\"link\" href=\"https:\/\/www.instagram.com\/explore\/tags\/patriaquerida\/\">#PatriaQuerida<\/a>\u00a0<a class=\"x1i10hfl xjbqb8w x1ejq31n x18oe1m7 x1sy0etr xstzfhl x972fbf x10w94by x1qhh985 x14e42zd x9f619 x1ypdohk xt0psk2 x3ct3a4 xdj266r x14z9mp xat24cr x1lziwak xexx8yu xyri2b x18d9i69 x1c1uobl x16tdsg8 x1hl2dhg xggy1nq x1a2a7pz _aa9_ _a6hd\" role=\"link\" href=\"https:\/\/www.instagram.com\/explore\/tags\/llinguaasturiana\/\">#LlinguaAsturiana<\/a>\u00a0<a class=\"x1i10hfl xjbqb8w x1ejq31n x18oe1m7 x1sy0etr xstzfhl x972fbf x10w94by x1qhh985 x14e42zd x9f619 x1ypdohk xt0psk2 x3ct3a4 xdj266r x14z9mp xat24cr x1lziwak xexx8yu xyri2b x18d9i69 x1c1uobl x16tdsg8 x1hl2dhg xggy1nq x1a2a7pz _aa9_ _a6hd\" role=\"link\" href=\"https:\/\/www.instagram.com\/explore\/tags\/llingua\/\">#Llingua<\/a>\u00a0<a class=\"x1i10hfl xjbqb8w x1ejq31n x18oe1m7 x1sy0etr xstzfhl x972fbf x10w94by x1qhh985 x14e42zd x9f619 x1ypdohk xt0psk2 x3ct3a4 xdj266r x14z9mp xat24cr x1lziwak xexx8yu xyri2b x18d9i69 x1c1uobl x16tdsg8 x1hl2dhg xggy1nq x1a2a7pz _aa9_ _a6hd\" role=\"link\" href=\"https:\/\/www.instagram.com\/explore\/tags\/oficialid%C3%A1\/\">#Oficialid\u00e1<\/a>\u00a0<a class=\"x1i10hfl xjbqb8w x1ejq31n x18oe1m7 x1sy0etr xstzfhl x972fbf x10w94by x1qhh985 x14e42zd x9f619 x1ypdohk xt0psk2 x3ct3a4 xdj266r x14z9mp xat24cr x1lziwak xexx8yu xyri2b x18d9i69 x1c1uobl x16tdsg8 x1hl2dhg xggy1nq x1a2a7pz _aa9_ _a6hd\" role=\"link\" href=\"https:\/\/www.instagram.com\/explore\/tags\/xuanporta\/\">#XuanPorta<\/a>\u00a0<a class=\"x1i10hfl xjbqb8w x1ejq31n x18oe1m7 x1sy0etr xstzfhl x972fbf x10w94by x1qhh985 x14e42zd x9f619 x1ypdohk xt0psk2 x3ct3a4 xdj266r x14z9mp xat24cr x1lziwak xexx8yu xyri2b x18d9i69 x1c1uobl x16tdsg8 x1hl2dhg xggy1nq x1a2a7pz _aa9_ _a6hd\" role=\"link\" href=\"https:\/\/www.instagram.com\/explore\/tags\/escritor\/\">#escritor<\/a>\u00a0<a class=\"x1i10hfl xjbqb8w x1ejq31n x18oe1m7 x1sy0etr xstzfhl x972fbf x10w94by x1qhh985 x14e42zd x9f619 x1ypdohk xt0psk2 x3ct3a4 xdj266r x14z9mp xat24cr x1lziwak xexx8yu xyri2b x18d9i69 x1c1uobl x16tdsg8 x1hl2dhg xggy1nq x1a2a7pz _aa9_ _a6hd\" role=\"link\" href=\"https:\/\/www.instagram.com\/explore\/tags\/elcantulxibarte\/\">#Elcantulxibarte<\/a>\u00a0<a class=\"x1i10hfl xjbqb8w x1ejq31n x18oe1m7 x1sy0etr xstzfhl x972fbf x10w94by x1qhh985 x14e42zd x9f619 x1ypdohk xt0psk2 x3ct3a4 xdj266r x14z9mp xat24cr x1lziwak xexx8yu xyri2b x18d9i69 x1c1uobl x16tdsg8 x1hl2dhg xggy1nq x1a2a7pz _aa9_ _a6hd\" role=\"link\" href=\"https:\/\/www.instagram.com\/explore\/tags\/nasturianu\/\">#nasturianu<\/a>\u00a0<a class=\"x1i10hfl xjbqb8w x1ejq31n x18oe1m7 x1sy0etr xstzfhl x972fbf x10w94by x1qhh985 x14e42zd x9f619 x1ypdohk xt0psk2 x3ct3a4 xdj266r x14z9mp xat24cr x1lziwak xexx8yu xyri2b x18d9i69 x1c1uobl x16tdsg8 x1hl2dhg xggy1nq x1a2a7pz _aa9_ _a6hd\" role=\"link\" href=\"https:\/\/www.instagram.com\/explore\/tags\/enasturiano\/\">#enasturiano<\/a>\u00a0<a class=\"x1i10hfl xjbqb8w x1ejq31n x18oe1m7 x1sy0etr xstzfhl x972fbf x10w94by x1qhh985 x14e42zd x9f619 x1ypdohk xt0psk2 x3ct3a4 xdj266r x14z9mp xat24cr x1lziwak xexx8yu xyri2b x18d9i69 x1c1uobl x16tdsg8 x1hl2dhg xggy1nq x1a2a7pz _aa9_ _a6hd\" role=\"link\" href=\"https:\/\/www.instagram.com\/explore\/tags\/asturies\/\">#Asturies<\/a>\u00a0<a class=\"x1i10hfl xjbqb8w x1ejq31n x18oe1m7 x1sy0etr xstzfhl x972fbf x10w94by x1qhh985 x14e42zd x9f619 x1ypdohk xt0psk2 x3ct3a4 xdj266r x14z9mp xat24cr x1lziwak xexx8yu xyri2b x18d9i69 x1c1uobl x16tdsg8 x1hl2dhg xggy1nq x1a2a7pz _aa9_ _a6hd\" role=\"link\" href=\"https:\/\/www.instagram.com\/explore\/tags\/fusionasturias\/\">#fusionasturias<\/a><\/div>\n<\/div>\n<\/div>\n<\/div>\n<\/div>\n<p>&nbsp;<\/p>\n<p>&nbsp;<\/p>\n","protected":false},"excerpt":{"rendered":"<p>https:\/\/www.instagram.com\/fusionasturias \ud83d\udc99\ud83d\udc9b Asturies ye un pueblu \u00fanicu, en v\u00edes d\u2019autorreconocese como talu. Magar que de tolos elementos identitarios que tien, les sos lling\u00fces son les menos valoraes por dellos seutores sociales, mui c\u00f3modos col castellanu obligatoriu al ser ent\u00e1 l\u2019\u00fanicu idioma oficial del pa\u00eds. \ud83d\udd17 https:\/\/fusionasturias.com\/opinion\/el-cantul-xibarte\/una-patria-querida.htm<\/p>\n","protected":false},"author":117,"featured_media":0,"comment_status":"closed","ping_status":"open","sticky":false,"template":"","format":"standard","meta":{"footnotes":""},"categories":[29],"tags":[],"class_list":["post-56848","post","type-post","status-publish","format-standard","hentry","category-articulos"],"_links":{"self":[{"href":"https:\/\/edublog.educastur.es\/ixuxu\/wp-json\/wp\/v2\/posts\/56848","targetHints":{"allow":["GET"]}}],"collection":[{"href":"https:\/\/edublog.educastur.es\/ixuxu\/wp-json\/wp\/v2\/posts"}],"about":[{"href":"https:\/\/edublog.educastur.es\/ixuxu\/wp-json\/wp\/v2\/types\/post"}],"author":[{"embeddable":true,"href":"https:\/\/edublog.educastur.es\/ixuxu\/wp-json\/wp\/v2\/users\/117"}],"replies":[{"embeddable":true,"href":"https:\/\/edublog.educastur.es\/ixuxu\/wp-json\/wp\/v2\/comments?post=56848"}],"version-history":[{"count":5,"href":"https:\/\/edublog.educastur.es\/ixuxu\/wp-json\/wp\/v2\/posts\/56848\/revisions"}],"predecessor-version":[{"id":56863,"href":"https:\/\/edublog.educastur.es\/ixuxu\/wp-json\/wp\/v2\/posts\/56848\/revisions\/56863"}],"wp:attachment":[{"href":"https:\/\/edublog.educastur.es\/ixuxu\/wp-json\/wp\/v2\/media?parent=56848"}],"wp:term":[{"taxonomy":"category","embeddable":true,"href":"https:\/\/edublog.educastur.es\/ixuxu\/wp-json\/wp\/v2\/categories?post=56848"},{"taxonomy":"post_tag","embeddable":true,"href":"https:\/\/edublog.educastur.es\/ixuxu\/wp-json\/wp\/v2\/tags?post=56848"}],"curies":[{"name":"wp","href":"https:\/\/api.w.org\/{rel}","templated":true}]}}