{"id":56858,"date":"2025-09-03T08:30:41","date_gmt":"2025-09-03T06:30:41","guid":{"rendered":"https:\/\/edublog.educastur.es\/ixuxu\/?p=56858"},"modified":"2025-09-02T22:07:44","modified_gmt":"2025-09-02T20:07:44","slug":"el-tiempu-el-comercio-128","status":"publish","type":"post","link":"https:\/\/edublog.educastur.es\/ixuxu\/2025\/09\/el-tiempu-el-comercio-128\/","title":{"rendered":"El tiempu (El Comercio)"},"content":{"rendered":"<p style=\"text-align: center\"><a href=\"https:\/\/s2.ppllstatics.com\/elcomercio\/www\/multimedia\/2025\/09\/02\/prevision-tiempo-asturias-kl-U2302588077118HVD-1200x870@El%20Comercio.jpg\"><img loading=\"lazy\" decoding=\"async\" class=\"aligncenter size-large\" src=\"https:\/\/s2.ppllstatics.com\/elcomercio\/www\/multimedia\/2025\/09\/02\/prevision-tiempo-asturias-kl-U2302588077118HVD-1200x870@El%20Comercio.jpg\" width=\"1200\" height=\"868\" \/><\/a><\/p>\n<p>Esperamos una xornada que va venir marcada poles posibles raches fuertes de vientu de suroeste <strong>nel sector occidental asturianu<\/strong>. Nel restu van ser raches moderaes o inclusive, en dellos puntos, fluexes. Pero <strong>nel oeste del Princip\u00e1u<\/strong> prevense que puedan superar los 60 o 70 km\/h. Nun se refuga que tami\u00e9n puedan sufrise estes raches en dellos puntos costeros non solo del occidente, sin\u00f3n tami\u00e9n de la zona central. <strong>Los cielos<\/strong> esperar con mayor nubosidad precisamente nel occidente mientres la ma\u00f1ana, ente qu&#8217;escontra l&#8217;oriente les nubes van ser menos significatives. Sicas\u00ed, conforme meyore la tarde, <strong>va ser nel oriente<\/strong> onde vamos ver que la nubosidad va dir claramente n&#8217;aumentu pudiendo dexar dellos bastios especialmente escontra&#8217;l cordal oriental.<strong> Les temperatures<\/strong> van ser bien prestoses con valores bien similares a los que rexistremos el martes. <strong>Les m\u00e1ximes<\/strong> apenes van variar ente que<strong> les m\u00ednimes<\/strong> van xubir, siquier, nel oriente.<\/p>\n<p><strong>El xueves<\/strong> prevese un camb\u00e9u a lo llargo del d\u00eda cuidao que vamos empezar con vientos de suroeste-oeste, pero rolar\u00e1n a noroeste-norte polo que se preve un descensu t\u00e9rmicu considerable.<\/p>\n","protected":false},"excerpt":{"rendered":"<p>Esperamos una xornada que va venir marcada poles posibles raches fuertes de vientu de suroeste nel sector occidental asturianu. Nel restu van ser raches moderaes o inclusive, en dellos puntos, fluexes. Pero nel oeste del Princip\u00e1u prevense que puedan superar los 60 o 70 km\/h. Nun se refuga que tami\u00e9n puedan sufrise estes raches en [&hellip;]<\/p>\n","protected":false},"author":117,"featured_media":0,"comment_status":"closed","ping_status":"open","sticky":false,"template":"","format":"standard","meta":{"footnotes":""},"categories":[5],"tags":[],"class_list":["post-56858","post","type-post","status-publish","format-standard","hentry","category-tiempu"],"_links":{"self":[{"href":"https:\/\/edublog.educastur.es\/ixuxu\/wp-json\/wp\/v2\/posts\/56858","targetHints":{"allow":["GET"]}}],"collection":[{"href":"https:\/\/edublog.educastur.es\/ixuxu\/wp-json\/wp\/v2\/posts"}],"about":[{"href":"https:\/\/edublog.educastur.es\/ixuxu\/wp-json\/wp\/v2\/types\/post"}],"author":[{"embeddable":true,"href":"https:\/\/edublog.educastur.es\/ixuxu\/wp-json\/wp\/v2\/users\/117"}],"replies":[{"embeddable":true,"href":"https:\/\/edublog.educastur.es\/ixuxu\/wp-json\/wp\/v2\/comments?post=56858"}],"version-history":[{"count":1,"href":"https:\/\/edublog.educastur.es\/ixuxu\/wp-json\/wp\/v2\/posts\/56858\/revisions"}],"predecessor-version":[{"id":56859,"href":"https:\/\/edublog.educastur.es\/ixuxu\/wp-json\/wp\/v2\/posts\/56858\/revisions\/56859"}],"wp:attachment":[{"href":"https:\/\/edublog.educastur.es\/ixuxu\/wp-json\/wp\/v2\/media?parent=56858"}],"wp:term":[{"taxonomy":"category","embeddable":true,"href":"https:\/\/edublog.educastur.es\/ixuxu\/wp-json\/wp\/v2\/categories?post=56858"},{"taxonomy":"post_tag","embeddable":true,"href":"https:\/\/edublog.educastur.es\/ixuxu\/wp-json\/wp\/v2\/tags?post=56858"}],"curies":[{"name":"wp","href":"https:\/\/api.w.org\/{rel}","templated":true}]}}