{"id":5686,"date":"2021-04-30T10:00:47","date_gmt":"2021-04-30T08:00:47","guid":{"rendered":"https:\/\/edublog.educastur.es\/ixuxu\/?p=5686"},"modified":"2021-05-01T10:10:42","modified_gmt":"2021-05-01T08:10:42","slug":"llucha-polos-to-suanos","status":"publish","type":"post","link":"https:\/\/edublog.educastur.es\/ixuxu\/2021\/04\/llucha-polos-to-suanos\/","title":{"rendered":"D\u00eda Internacional del Jazz"},"content":{"rendered":"<div class=\"dati1w0a hv4rvrfc osnr6wyh\">\n<div class=\"btwxx1t3 j83agx80 cwj9ozl2\">\n<div class=\"j83agx80 cbu4d94t ew0dbk1b irj2b8pg\">\n<div class=\"qzhwtbm6 knvmm38d\"><\/div>\n<div style=\"text-align: center\"><a href=\"https:\/\/www.un.org\/sites\/un2.un.org\/files\/styles\/banner-image-style-27-10\/public\/ijd-silhouettes.jpeg?itok=jngCZh0a\"><img loading=\"lazy\" decoding=\"async\" class=\"alignnone\" src=\"https:\/\/www.un.org\/sites\/un2.un.org\/files\/styles\/banner-image-style-27-10\/public\/ijd-silhouettes.jpeg?itok=jngCZh0a\" alt=\"\" width=\"681\" height=\"252\" \/><\/a><\/div>\n<\/div>\n<\/div>\n<\/div>\n<div class=\"\" dir=\"auto\">\n<div class=\"\" dir=\"auto\">\n<div class=\"ecm0bbzt hv4rvrfc ihqw7lf3 dati1w0a\" data-ad-comet-preview=\"message\" data-ad-preview=\"message\">\n<div class=\"j83agx80 cbu4d94t ew0dbk1b irj2b8pg\">\n<div class=\"qzhwtbm6 knvmm38d\">\n<div class=\"kvgmc6g5 cxmmr5t8 oygrvhab hcukyx3x c1et5uql ii04i59q\">\n<div dir=\"auto\"><\/div>\n<\/div>\n<div class=\"o9v6fnle cxmmr5t8 oygrvhab hcukyx3x c1et5uql ii04i59q\">\n<div dir=\"auto\">El 30 de abril se celebra el <span style=\"color: #008080\"><strong>D\u00eda Internacional del Jazz.<\/strong><\/span><em> \u201cEsta jornada tiene como objetivo sensibilizar al p\u00fablico general sobre las virtudes de la m\u00fasica jazz como herramienta educativa y como motor para la paz, la unidad, el di\u00e1logo y el refuerzo de la cooperaci\u00f3n entre pueblos\u201d<\/em>. \u2013UNESCO.<\/div>\n<div dir=\"auto\"><\/div>\n<div dir=\"auto\">El jazz ye un x\u00e9neru musical nac\u00edu a finales del sieglu XIX nos Estaos Xun\u00edos, que s&#8217;espandi\u00f3 de forma global a lo llargo del sieglu XX. La identid\u00e1 musical del jazz ye complexa y nun puede ser delimitada con facilid\u00e1.<a href=\"https:\/\/es.wikipedia.org\/wiki\/Jazz\"> Info Wikipedia<\/a><\/div>\n<ul>\n<li><a href=\"https:\/\/colectivoasturianodejazz.wordpress.com\/\">Colectivo asturiano de Jazz<\/a><a class=\"oajrlxb2 g5ia77u1 qu0x051f esr5mh6w e9989ue4 r7d6kgcz rq0escxv nhd2j8a9 nc684nl6 p7hjln8o kvgmc6g5 cxmmr5t8 oygrvhab hcukyx3x jb3vyjys rz4wbd8a qt6c0cv9 a8nywdso i1ao9s8h esuyzwwr f1sip0of lzcic4wl py34i1dx gpro0wi8\" role=\"link\" href=\"https:\/\/l.facebook.com\/l.php?u=https%3A%2F%2Fes.unesco.org%2Fcommemorations%2Fjazzday%3Ffbclid%3DIwAR271k8MgRhiEiU2nDo_-GSB_i0Iy0sZ4W9-1LOh1AQyCMIeyUSYBfGWi4A&amp;h=AT04hTWQX36MMTsIOoTq1ePNLR9xcuYg64RU9ly2hP7sPnTclwCAAB3Ro6aC4A7ZpkAcvEsk52zTXOXLKvZXtGulOD4N1KiYKAlzf_5OqfhVC5rxUSFqXSDXaiaxr5sZ7Q&amp;__tn__=-UK-y-R&amp;c[0]=AT1KzWME-C2NJc6RjToL5CKWDZWLY6KMj0L0cxMSgsPKdNOiDOkYLfJPkjDmVtf1ydSx80pNIg3fVRop85luIaYrYKTQi7xRu7BOvWl1_mEtA0C5db6GV8qB2FCP3WKPv9q3d-c7XDfxXCFsXVoUJ3otikgALDgM0EPaQU037jYP3KaEAyKNliMs_OPaWtUD8q-kllg3\" target=\"_blank\" rel=\"nofollow noopener\"><!--more--><\/a><\/li>\n<\/ul>\n<\/div>\n<div dir=\"auto\">\n<ul>\n<li><a href=\"https:\/\/www.un.org\/es\/observances\/jazz-day\">Jazz Day<img loading=\"lazy\" decoding=\"async\" class=\"alignnone size-full\" src=\"https:\/\/colectivoasturianodejazz.files.wordpress.com\/2014\/03\/logo-diainternacionaljazz.jpg\" width=\"272\" height=\"185\" \/><\/a><\/li>\n<\/ul>\n<p>Como dixo la gran Nina *Simone, <em><strong><span style=\"color: #008080\">\u201cel jazz nun ye solo m\u00fasica; ye una forma de vida, una forma de ser, una forma de pensar\u201d.<\/span><\/strong><\/em> La hestoria del jazz enmarcase nos esfuerzos en pos de la dignid\u00e1 humana, la democracia y los derechos civiles. Los sos ritmos y la so diversid\u00e1 reforzaron la llucha contra toles formes de discriminaci\u00f3n y de racismu. La UNESCO cree nel poder del jazz como motor para la paz, el di\u00e1logu y la comprensi\u00f3n mutua, y ye por esti motivu qu&#8217;en payares de 2011, mientres la Conferencia Xeneral de la UNESCO, la comunid\u00e1 internacional proclam\u00f3&#8217;l 30 d&#8217;abril como&#8217;l<strong><span style=\"color: #008080\"> D\u00eda Internacional del Jazz.<\/span><\/strong><\/p>\n<p><span style=\"color: #008080\">Esta xornada tien como oxetivu sensibilizar al p\u00fablicu xeneral sobro les virt\u00faes de la m\u00fasica jazz como ferramienta educativo y como motor pa la paz, la unid\u00e1, el di\u00e1logu y el refuerzu de la cooperaci\u00f3n ente pueblos.<\/span> Gobiernos, organizaciones de la socied\u00e1 civil, instituciones educatives y ciudadanos particulares y\u00e1 implicaos na promoci\u00f3n de la m\u00fasica jazz van aprovechar esta oportunid\u00e1 pa fomentar la idea de que nun se trata tan solo d&#8217;un estilu de m\u00fasica, sin\u00f3n de que&#8217;l jazz contrib\u00fai tami\u00e9n a la construcci\u00f3n de sociedaes m\u00e1s inclusives.<\/p>\n<p><em><span style=\"color: #008080\">El jazz ruempe barreres y crea oportunidaes pa la comprensi\u00f3n mutua y la tolerancia;<\/span><\/em><br \/>\n<em><span style=\"color: #008080\">El jazz ye xuna forma de llibert\u00e1 d&#8217;espresi\u00f3n, y simboliza la unid\u00e1 y la paz;<\/span><\/em><br \/>\n<em><span style=\"color: #008080\">El jazz amenorga les tensiones ente los individuos, los grupos y les comunidaes;<\/span><\/em><br \/>\n<em><span style=\"color: #008080\">El jazz promueve la innovaci\u00f3n art\u00edstica, la improvisaci\u00f3n y l&#8217;integraci\u00f3n de m\u00fasiques tradicionales nes formes musicales modernes;<\/span><\/em><br \/>\n<em><span style=\"color: #008080\">El jazz aguiya&#8217;l di\u00e1logu intercultural y facilita la integraci\u00f3n de mozos marxinaos.<\/span><\/em><\/p>\n<blockquote>\n<h2 class=\"title\"><span style=\"font-size: 16px\"><em><span style=\"color: #808080\">MENSAJE DE LA DIRECTORA GENERAL <a href=\"https:\/\/unesdoc.unesco.org\/ark:\/48223\/pf0000376940_spa\"><span style=\"text-decoration: underline\"><strong>VER MENSAXE COMPLETU<\/strong><\/span><\/a><br \/>\n<\/span><\/em><\/span><\/h2>\n<div class=\"field field-name-field-body field-type-text-long field-label-hidden\">\n<div class=\"field-items\">\n<div class=\"field-item even\">\n<p><em><span style=\"color: #808080\">\u00abEsta d\u00e9cima edici\u00f3n del D\u00eda Internacional del Jazz es una oportunidad para celebrar una vez m\u00e1s la riqueza de esta tradici\u00f3n musical. El jazz es una realidad m\u00faltiple, tejida a trav\u00e9s de encuentros entre culturas, instrumentos y personas. Desde hace decenios, el jazz no deja de vibrar con las aportaciones de cada persona que lo interpreta y, al mismo tiempo, cada uno de sus acordes es una invitaci\u00f3n a explorar nuevos horizontes.\u00bb<\/span><\/em><\/p>\n<p><em><span style=\"color: #808080\"><strong>\u2014\u00a0 Mensaje de la Sra. Audrey Azoulay, Directora General de la UNESCO, con motivo del D\u00eda Internacional del Jazz<\/strong><\/span><\/em><\/p>\n<\/div>\n<\/div>\n<\/div>\n<\/blockquote>\n<p>&nbsp;<\/p>\n<\/div>\n<\/div>\n<\/div>\n<\/div>\n<\/div>\n<\/div>\n<p>Esta importante forma d&#8217;arte internacional ye un exemplu de promoci\u00f3n de la paz, el di\u00e1logu ente cultures, la diversid\u00e1 y el respetu polos derechos humanos y la dignid\u00e1 humana, contribuyendo a l\u00b4erradicaci\u00f3n de la discriminaci\u00f3n, la promoci\u00f3n de la llibert\u00e1 d&#8217;espresi\u00f3n, el fomentu de la iguald\u00e1 de sexos y el refuerzu del papel de la moced\u00e1 nel camb\u00e9u de la socied\u00e1.<\/p>\n<hr \/>\n<p style=\"text-align: center\"><span style=\"font-size: 24px;color: #008080\"><strong><em><a href=\"https:\/\/www.xuliocs.com\/mapi-quintana-jazz-asturiano.php\">Mapi Quintana<\/a><br \/>\n<\/em><\/strong><span style=\"text-decoration: underline\"><em>Presideta del colectivu Asturianu del Jazz<\/em><\/span><\/span><\/p>\n<p style=\"text-align: center\">\n<!-- iframe plugin v.6.0 wordpress.org\/plugins\/iframe\/ -->\n<iframe loading=\"lazy\" width=\"100%\" height=\"364\" src=\"https:\/\/www.youtube.com\/embed\/5BkRXOJKg3U\" scrolling=\"yes\" class=\"iframe-class\" frameborder=\"0\"><\/iframe>\n<\/p>\n<p>At Last (Rural Jazz Workshop) \u00a9LatripleM\u00a0 <a href=\"http:\/\/www.marcomartinez.es\">www.marcomartinez.es<\/a><\/p>\n<p>Mapi Quintana voz &amp; piano \/ Marco Mart\u00ednez guitarra\u00a0 \/ Tony Cruz contrabajo<br \/>\nGrabado en Escalada, Valle de Sedano (Burgos) \/ Producci\u00f3n: LatripleM\u00a0 \/ Video: Bea Olivares<\/p>\n<p>&nbsp;<\/p>\n","protected":false},"excerpt":{"rendered":"<p>El 30 de abril se celebra el D\u00eda Internacional del Jazz. \u201cEsta jornada tiene como objetivo sensibilizar al p\u00fablico general sobre las virtudes de la m\u00fasica jazz como herramienta educativa y como motor para la paz, la unidad, el di\u00e1logo y el refuerzo de la cooperaci\u00f3n entre pueblos\u201d. \u2013UNESCO. El jazz ye un x\u00e9neru musical [&hellip;]<\/p>\n","protected":false},"author":117,"featured_media":0,"comment_status":"open","ping_status":"open","sticky":false,"template":"","format":"standard","meta":{"footnotes":""},"categories":[6],"tags":[],"class_list":["post-5686","post","type-post","status-publish","format-standard","hentry","category-dia-de"],"_links":{"self":[{"href":"https:\/\/edublog.educastur.es\/ixuxu\/wp-json\/wp\/v2\/posts\/5686","targetHints":{"allow":["GET"]}}],"collection":[{"href":"https:\/\/edublog.educastur.es\/ixuxu\/wp-json\/wp\/v2\/posts"}],"about":[{"href":"https:\/\/edublog.educastur.es\/ixuxu\/wp-json\/wp\/v2\/types\/post"}],"author":[{"embeddable":true,"href":"https:\/\/edublog.educastur.es\/ixuxu\/wp-json\/wp\/v2\/users\/117"}],"replies":[{"embeddable":true,"href":"https:\/\/edublog.educastur.es\/ixuxu\/wp-json\/wp\/v2\/comments?post=5686"}],"version-history":[{"count":7,"href":"https:\/\/edublog.educastur.es\/ixuxu\/wp-json\/wp\/v2\/posts\/5686\/revisions"}],"predecessor-version":[{"id":5721,"href":"https:\/\/edublog.educastur.es\/ixuxu\/wp-json\/wp\/v2\/posts\/5686\/revisions\/5721"}],"wp:attachment":[{"href":"https:\/\/edublog.educastur.es\/ixuxu\/wp-json\/wp\/v2\/media?parent=5686"}],"wp:term":[{"taxonomy":"category","embeddable":true,"href":"https:\/\/edublog.educastur.es\/ixuxu\/wp-json\/wp\/v2\/categories?post=5686"},{"taxonomy":"post_tag","embeddable":true,"href":"https:\/\/edublog.educastur.es\/ixuxu\/wp-json\/wp\/v2\/tags?post=5686"}],"curies":[{"name":"wp","href":"https:\/\/api.w.org\/{rel}","templated":true}]}}