{"id":56867,"date":"2025-09-03T10:02:39","date_gmt":"2025-09-03T08:02:39","guid":{"rendered":"https:\/\/edublog.educastur.es\/ixuxu\/?p=56867"},"modified":"2025-09-03T20:07:35","modified_gmt":"2025-09-03T18:07:35","slug":"56867","status":"publish","type":"post","link":"https:\/\/edublog.educastur.es\/ixuxu\/2025\/09\/56867\/","title":{"rendered":"El Princip\u00e1u ampl\u00eda&#8217;l serviciu de comedor escolar y l&#8217;ense\u00f1anza del asturianu"},"content":{"rendered":"<p style=\"text-align: center\"><a href=\"https:\/\/actualidad.asturias.es\/documents\/537115\/2782049\/2025_09_02+Reunion+con+direcciones+Secundaria+y+otras+ensenanzas+2.jpg\/22ac64ea-8393-6078-ee17-9228d12b723f?t=1756811190881\"><img loading=\"lazy\" decoding=\"async\" class=\"aligncenter size-large\" src=\"https:\/\/actualidad.asturias.es\/documents\/537115\/2782049\/2025_09_02+Reunion+con+direcciones+Secundaria+y+otras+ensenanzas+2.jpg\/22ac64ea-8393-6078-ee17-9228d12b723f?t=1756811190881\" width=\"3496\" height=\"2262\" \/><\/a><\/p>\n<p>El Princip\u00e1u ampl\u00eda&#8217;l serviciu de comedor escolar y l&#8217;ense\u00f1anza del asturianu nun cursu marc\u00e1u pol pactu &#8216;Asturies Educa&#8217;. La conseyera Eva Ledo presidi\u00f3 g\u00fcei les xuntes d&#8217;entamu de cursu coles direcciones de los centros p\u00fablicos y alcordose que \u201cT\u00e1n cumpli\u00e9ndose los calendarios establec\u00edos y tamos intentando entainalos na midida de lo posible\u201d, afirm\u00f3 la titular d&#8217;Educaci\u00f3n. Los centros tendr\u00e1n de disponer d&#8217;un programa de prevenci\u00f3n contra l&#8217;acoso escolar. <a href=\"https:\/\/actualidad.asturias.es\/-\/el-principado-ampl\u00eda-el-servicio-de-comedor-escolar-y-la-ense\u00f1anza-del-asturiano-en-un-curso-marcado-por-el-pacto-asturias-educa-?redirect=%2Fnoticias%3Fp_p_id%3Dcom_liferay_asset_publisher_web_portlet_AssetPublisherPortlet_INSTANCE_Pk4uPC5yniIC%26p_p_lifecycle%3D0%26p_p_state%3Dnormal%26p_p_mode%3Dview%26_com_liferay_asset_publisher_web_portlet_AssetPublisherPortlet_INSTANCE_Pk4uPC5yniIC_delta%3D10%26p_r_p_resetCur%3Dfalse%26_com_liferay_asset_publisher_web_portlet_AssetPublisherPortlet_INSTANCE_Pk4uPC5yniIC_cur%3D2\">Actualid\u00e1 Asturies<\/a><\/p>\n<p><!--more--><\/p>\n<p style=\"text-align: center\"><a href=\"https:\/\/actualidad.asturias.es\/documents\/537115\/2782049\/2025_09_02+Reunion+concertada+.jpg\/c4de8196-7f6d-968b-e4e7-ce39da828d46?t=1756815386424\"><img loading=\"lazy\" decoding=\"async\" class=\"aligncenter size-large\" src=\"https:\/\/actualidad.asturias.es\/documents\/537115\/2782049\/2025_09_02+Reunion+concertada+.jpg\/c4de8196-7f6d-968b-e4e7-ce39da828d46?t=1756815386424\" width=\"1918\" height=\"1027\" \/><\/a><\/p>\n<p>Ente les principales novedaes, destaquen <strong>la estensi\u00f3n del serviciu de comedor a los meses de setiembre y xunu<\/strong>, la implantaci\u00f3n del asturianu nel segundu ciclu d&#8217;Infantil y nes Escueles Oficiales d&#8217;Idiomes o&#8217;l desenvolvimientu del pactu Asturies Educa.<\/p>\n<p>La conseyera Eva Ledo, acompa\u00f1ada polos cinco directores xenerales, el secretariu t\u00e9cnicu y les xefes de serviciu del so departamentu, presidi\u00f3 nel sal\u00f3n d&#8217;actos del IES Aramo, d&#8217;Uvi\u00e9u, los tr\u00e9s alcuentros consecutivos coles direcciones de Secundaria, Formaci\u00f3n Profesional y otres ense\u00f1ances; d&#8217;Infantil, Primaria y Centros d&#8217;Educaci\u00f3n Especial; y cola rede alcordada.<\/p>\n<p>L&#8217;ampliaci\u00f3n del serviciu del casi centenar de comedores escolares dependientes de la conseyer\u00eda va llevase a cabu esti mes de setiembre con dos f\u00f3rmules distintes. Unos centros van realizar un reaxuste del horariu del tresporte escolar, ente que los colexos onde nun resulta posible esa opci\u00f3n van cuntar con un serviciu estraordinariu de vixilancia pal alumn\u00e1u hasta la llegada del tresporte. El restu del cursu&#8217;l serviciu de comedor va caltenese como hasta agora.<\/p>\n<p><strong>La conseyera present\u00f3&#8217;l pactu Asturies Educa<\/strong>, robl\u00e1u pol Gobiernu con cuatro organizaciones sindicales y que supon xuna inversi\u00f3n de 45 millones na rede p\u00fablica hasta&#8217;l final de la presente llexislatura. L&#8217;alcuerdu y\u00e1 ta en marcha colos grupos de trabayu pa ellaborar el decretu d&#8217;equid\u00e1 o la creaci\u00f3n de la comisi\u00f3n de siguimientu del pactu. Ledo avanz\u00f3 los recursos que se van enllantar dende l&#8217;empiezu del cursu.<\/p>\n<p>Nel apart\u00e1u de desburocratizaci\u00f3n, ta prepar\u00e1ndose un directoriu p&#8217;allugar modelos de documentos, gu\u00edes, protocolos o entrugues frecuentes, am\u00e1s de l&#8217;automatizaci\u00f3n de procedimientos. Tami\u00e9n se present\u00f3 un portal con accesu a distintes prestaciones pal profesor\u00e1u, ente elles, comunicar a les families les faltes d&#8217;asistencia del alumn\u00e1u o llograr el carn\u00e9 del docente.<\/p>\n<p>\u201cTuvimos avanzando&#8217;l trabayu realiz\u00e1u mientres el branu y l&#8217;est\u00e1u en que s&#8217;atopen toles actuaciones compromet\u00edes dientro del pactu, del que tamos satisfechos cola so evoluci\u00f3n\u201d, esplic\u00f3 la conseyera. Ledo a\u00f1edi\u00f3 que se t\u00e1n cumpliendo los calendarios establec\u00edos y tamos intentando entainalos na midida de lo posible\u201d.<\/p>\n<p><strong>La conseyera detall\u00f3 tami\u00e9n la reci\u00e9n aprobaci\u00f3n de los dos decretos pa estender la ense\u00f1anza del asturianu y, nel so casu, del eonaviego.<\/strong> El primeru d&#8217;ellos va dexar enllantalo, per primer vegada y de forma voluntaria, nel segundu ciclu d&#8217;Infantil na \u00e1rea denominada<span style=\"color: #008080\"><strong> Comunicaci\u00f3n y representaci\u00f3n de la realid\u00e1<\/strong><\/span>. <span style=\"color: #008080\">M\u00e1s de 6.000 estudiantes y\u00e1 se matricularon pa esti cursu inaugural.<\/span> L&#8217;otru decretu regula la so implantaci\u00f3n nes Escueles Oficiales d&#8217;Idiomes, onde se ta peracabando l&#8217;apertura d&#8217;un periodu d&#8217;inscripci\u00f3n.<\/p>\n<p>Coles mesmes, avanz\u00f3se un calendariu coles distintes normes que se van a ellaborar dende la conseyer\u00eda, ente elles, l&#8217;alcuerdu de plantiyes o la revisi\u00f3n del resolvimientu, de 6 d&#8217;agostu de 2001, relativa a la organizaci\u00f3n y funcionamientu de los centros.<\/p>\n<p><strong>Prevenci\u00f3n del acoso escolar.<\/strong><\/p>\n<p>Otru asuntu trat\u00e1u foi la prevenci\u00f3n del acoso escolar. El nuevu decretu auton\u00f3micu at\u00f3pase n&#8217;ellaboraci\u00f3n y concluy\u00f3 apocay\u00e1 la fase de consulta p\u00fablica previa. Am\u00e1s, <strong>tolos centros tendr\u00e1n de disponer d&#8217;un programa preventivu<\/strong>. Dende la conseyer\u00eda va realizase una convocatoria pa formar a aquellos centros comenenciudos nel<strong> programa Tutor\u00eda Ente Iguales (TEI).<\/strong><\/p>\n<p>Per otru llau, inform\u00f3se de la continuid\u00e1 de los programes PROA+ y de refuerzu de la competencia llector y matem\u00e1tico, impulsaos el cursu pas\u00e1u pol gobiernu central; de les meyores de la estratexa d&#8217;autismu, na qu&#8217;Asturies ye la comunid\u00e1 pionera; del aumentu de les aules abiertes hasta la trentena y con refuerzu del personal, o de <strong>les novedaes del proyectu Educastur Radiu, qu&#8217;incl\u00fain la celebraci\u00f3n n&#8217;ochobre d&#8217;un congresu nacional de radio escolar n&#8217;Asturies.<\/strong><\/p>\n<p>Tami\u00e9n se fal\u00f3 de la nueva regulaci\u00f3n del usu de los dispositivos m\u00f3viles como ferramientes pedag\u00f3xiques complementaries nes aules, na que&#8217;l Serviciu d&#8217;Inspecci\u00f3n Educativa va emprestar asesoramientu a los centros; o de la medr\u00eda de 105 a 110 euros de les ayudes pa llograr llibros de testu en r\u00e9xime de pr\u00e9stamu en centros d&#8217;ense\u00f1anza p\u00fablicos.<\/p>\n","protected":false},"excerpt":{"rendered":"<p>El Princip\u00e1u ampl\u00eda&#8217;l serviciu de comedor escolar y l&#8217;ense\u00f1anza del asturianu nun cursu marc\u00e1u pol pactu &#8216;Asturies Educa&#8217;. La conseyera Eva Ledo presidi\u00f3 g\u00fcei les xuntes d&#8217;entamu de cursu coles direcciones de los centros p\u00fablicos y alcordose que \u201cT\u00e1n cumpli\u00e9ndose los calendarios establec\u00edos y tamos intentando entainalos na midida de lo posible\u201d, afirm\u00f3 la titular [&hellip;]<\/p>\n","protected":false},"author":117,"featured_media":0,"comment_status":"closed","ping_status":"open","sticky":false,"template":"","format":"standard","meta":{"footnotes":""},"categories":[132],"tags":[],"class_list":["post-56867","post","type-post","status-publish","format-standard","hentry","category-educastur"],"_links":{"self":[{"href":"https:\/\/edublog.educastur.es\/ixuxu\/wp-json\/wp\/v2\/posts\/56867","targetHints":{"allow":["GET"]}}],"collection":[{"href":"https:\/\/edublog.educastur.es\/ixuxu\/wp-json\/wp\/v2\/posts"}],"about":[{"href":"https:\/\/edublog.educastur.es\/ixuxu\/wp-json\/wp\/v2\/types\/post"}],"author":[{"embeddable":true,"href":"https:\/\/edublog.educastur.es\/ixuxu\/wp-json\/wp\/v2\/users\/117"}],"replies":[{"embeddable":true,"href":"https:\/\/edublog.educastur.es\/ixuxu\/wp-json\/wp\/v2\/comments?post=56867"}],"version-history":[{"count":6,"href":"https:\/\/edublog.educastur.es\/ixuxu\/wp-json\/wp\/v2\/posts\/56867\/revisions"}],"predecessor-version":[{"id":56894,"href":"https:\/\/edublog.educastur.es\/ixuxu\/wp-json\/wp\/v2\/posts\/56867\/revisions\/56894"}],"wp:attachment":[{"href":"https:\/\/edublog.educastur.es\/ixuxu\/wp-json\/wp\/v2\/media?parent=56867"}],"wp:term":[{"taxonomy":"category","embeddable":true,"href":"https:\/\/edublog.educastur.es\/ixuxu\/wp-json\/wp\/v2\/categories?post=56867"},{"taxonomy":"post_tag","embeddable":true,"href":"https:\/\/edublog.educastur.es\/ixuxu\/wp-json\/wp\/v2\/tags?post=56867"}],"curies":[{"name":"wp","href":"https:\/\/api.w.org\/{rel}","templated":true}]}}