{"id":56873,"date":"2025-09-03T10:38:07","date_gmt":"2025-09-03T08:38:07","guid":{"rendered":"https:\/\/edublog.educastur.es\/ixuxu\/?p=56873"},"modified":"2025-09-03T19:40:43","modified_gmt":"2025-09-03T17:40:43","slug":"los-datos-dagostu-confirmen-la-bona-evolucion-del-mercau-llaboral-nasturies","status":"publish","type":"post","link":"https:\/\/edublog.educastur.es\/ixuxu\/2025\/09\/los-datos-dagostu-confirmen-la-bona-evolucion-del-mercau-llaboral-nasturies\/","title":{"rendered":"Los datos d&#8217;agostu confirmen la bona evoluci\u00f3n del merc\u00e1u llaboral n&#8217;Asturies"},"content":{"rendered":"<p style=\"text-align: center\"><a href=\"https:\/\/actualidad.asturias.es\/documents\/537115\/2781811\/2025_09_02+Afiliaci%C3%B3n+Seguridad+Social.jpg\/76be2a7e-734f-c2bd-d263-30be7b49c0ee?t=1756807323481\"><img loading=\"lazy\" decoding=\"async\" class=\"aligncenter size-large\" src=\"https:\/\/actualidad.asturias.es\/documents\/537115\/2781811\/2025_09_02+Afiliaci%C3%B3n+Seguridad+Social.jpg\/76be2a7e-734f-c2bd-d263-30be7b49c0ee?t=1756807323481\" width=\"2048\" height=\"1152\" \/><\/a><\/p>\n<p>Los datos d&#8217;agostu confirmen la bona evoluci\u00f3n del merc\u00e1u llaboral n&#8217;Asturies, que raspia les 400.000 afiliaciones a la Segurid\u00e1 Social. La directora xeneral d&#8217;Empl\u00e9u, destaca la meyora \u201cnun mes nel que tradicionalmente rex\u00edstrase un aumentu del paru deb\u00edo a la fin de la temporada braniza y l&#8217;amenorgamientu de contrataciones nel sector servicios\u201d. <a href=\"https:\/\/actualidad.asturias.es\/-\/los-datos-de-agosto-confirman-la-buena-evoluci\u00f3n-del-mercado-laboral-en-asturias-que-roza-las-400.000-afiliaciones-a-la-seguridad-social?redirect=%2Fnoticias%3Fp_p_id%3Dcom_liferay_asset_publisher_web_portlet_AssetPublisherPortlet_INSTANCE_Pk4uPC5yniIC%26p_p_lifecycle%3D0%26p_p_state%3Dnormal%26p_p_mode%3Dview%26_com_liferay_asset_publisher_web_portlet_AssetPublisherPortlet_INSTANCE_Pk4uPC5yniIC_delta%3D10%26p_r_p_resetCur%3Dfalse%26_com_liferay_asset_publisher_web_portlet_AssetPublisherPortlet_INSTANCE_Pk4uPC5yniIC_cur%3D2\">Actualid\u00e1 Asturies<\/a><\/p>\n<p><!--more--><br \/>\nEl Princip\u00e1u encadena 53 meses de meyores consecutives y amenorga el n\u00famberu de persones en paru a 48.298, la cantid\u00e1 m\u00e1s baxa dende 2008<\/p>\n<p><strong>Asturies consolid\u00f3 n&#8217;agostu&#8217;l bonu encl\u00edn del so merc\u00e1u llaboral, liderando la creaci\u00f3n d&#8217;empl\u00e9u a nivel nacional y afitando la baxada del paru.<\/strong> El Princip\u00e1u algam\u00f3 los 399.453 afiliaos a la Segurid\u00e1 Social, lo que supon una medr\u00eda de 1.348 persones ocupaes respectu al mes anterior y raspiar los 400.000 ocupaos. Am\u00e1s, el n\u00famberu de persones desemplegaes inscrites nes oficines del Serviciu P\u00fablicu d&#8217;Empl\u00e9u bax\u00f3 en 131 persones, lo que representa una cayida intera\u00f1al de 4.087 persones. En total, hai 48.298 paraos n&#8217;Asturies, la cifra m\u00e1s baxa dende agostu de 2008.<\/p>\n<p>Con estos datos, Asturies encadena y\u00e1 53 meses consecutivos de descensu intera\u00f1al del paru y otros tantos na xubida de l&#8217;afiliaci\u00f3n a la Segurid\u00e1 Social, lo <strong>que reflexa unu encl\u00edn s\u00f3lidu y sostenida na meyora del merc\u00e1u llaboral.<\/strong> Ello ye que el Princip\u00e1u tien g\u00fcei 17.192 persones menos en paru y 25.342 m\u00e1s con trabayu que n&#8217;agostu de 2019.<\/p>\n<p style=\"text-align: center\"><a href=\"https:\/\/actualidad.asturias.es\/documents\/537115\/2781811\/2025_09_02+Paro+agosto.jpg\/253874cc-e28b-ba08-96ec-4e9aafbf4bac?t=1756807323545\"><img loading=\"lazy\" decoding=\"async\" class=\"aligncenter size-large\" src=\"https:\/\/actualidad.asturias.es\/documents\/537115\/2781811\/2025_09_02+Paro+agosto.jpg\/253874cc-e28b-ba08-96ec-4e9aafbf4bac?t=1756807323545\" width=\"3192\" height=\"2634\" \/><\/a><\/p>\n<p>La directora xeneral d&#8217;Empl\u00e9u, Judit Fl\u00f3rez, valor\u00f3 bien positivamente estes resultancies, sorrayando que \u201cel comportamientu del merc\u00e1u llaboral asturianu n&#8217;agostu foi escepcional, especialmente nun mes nel que tradicionalmente rex\u00edstrase un aumentu del paru deb\u00edo a la fin de la temporada braniza y l&#8217;amenorgamientu de contrataciones nel sector servicios\u201d.<\/p>\n<p>Asturies non solo ruempe col encl\u00edn nacional, sin\u00f3n que lidera la crecedera de l&#8217;afiliaci\u00f3n a la Segurid\u00e1 Social en tol pa\u00eds. Ente que nel conxuntu d&#8217;Espa\u00f1a l&#8217;afiliaci\u00f3n amenorgose en 199.300 persones (-0,91%), Asturies rexistr\u00f3 una medr\u00eda del 0,34%, siguida per Cantabria (0,10%) y Canaries (0,08%). En cuanto al desempl\u00e9u, la comunid\u00e1 ye la cuarta rex\u00f3n con mayor descensu.<\/p>\n<p>Judit Fl\u00f3rez destac\u00f3 que \u201cestes resultancies evidencian les fortaleces del merc\u00e1u llaboral asturianu y el compromisu del Gobiernu del Princip\u00e1u, xuntu colos axentes econ\u00f3micos, nel desenvolvimientu de pol\u00edtiques eficaces de fomentu y activaci\u00f3n del empl\u00e9u\u201d.<\/p>\n","protected":false},"excerpt":{"rendered":"<p>Los datos d&#8217;agostu confirmen la bona evoluci\u00f3n del merc\u00e1u llaboral n&#8217;Asturies, que raspia les 400.000 afiliaciones a la Segurid\u00e1 Social. La directora xeneral d&#8217;Empl\u00e9u, destaca la meyora \u201cnun mes nel que tradicionalmente rex\u00edstrase un aumentu del paru deb\u00edo a la fin de la temporada braniza y l&#8217;amenorgamientu de contrataciones nel sector servicios\u201d. Actualid\u00e1 Asturies<\/p>\n","protected":false},"author":117,"featured_media":0,"comment_status":"closed","ping_status":"open","sticky":false,"template":"","format":"standard","meta":{"footnotes":""},"categories":[54],"tags":[],"class_list":["post-56873","post","type-post","status-publish","format-standard","hentry","category-trabayu"],"_links":{"self":[{"href":"https:\/\/edublog.educastur.es\/ixuxu\/wp-json\/wp\/v2\/posts\/56873","targetHints":{"allow":["GET"]}}],"collection":[{"href":"https:\/\/edublog.educastur.es\/ixuxu\/wp-json\/wp\/v2\/posts"}],"about":[{"href":"https:\/\/edublog.educastur.es\/ixuxu\/wp-json\/wp\/v2\/types\/post"}],"author":[{"embeddable":true,"href":"https:\/\/edublog.educastur.es\/ixuxu\/wp-json\/wp\/v2\/users\/117"}],"replies":[{"embeddable":true,"href":"https:\/\/edublog.educastur.es\/ixuxu\/wp-json\/wp\/v2\/comments?post=56873"}],"version-history":[{"count":1,"href":"https:\/\/edublog.educastur.es\/ixuxu\/wp-json\/wp\/v2\/posts\/56873\/revisions"}],"predecessor-version":[{"id":56874,"href":"https:\/\/edublog.educastur.es\/ixuxu\/wp-json\/wp\/v2\/posts\/56873\/revisions\/56874"}],"wp:attachment":[{"href":"https:\/\/edublog.educastur.es\/ixuxu\/wp-json\/wp\/v2\/media?parent=56873"}],"wp:term":[{"taxonomy":"category","embeddable":true,"href":"https:\/\/edublog.educastur.es\/ixuxu\/wp-json\/wp\/v2\/categories?post=56873"},{"taxonomy":"post_tag","embeddable":true,"href":"https:\/\/edublog.educastur.es\/ixuxu\/wp-json\/wp\/v2\/tags?post=56873"}],"curies":[{"name":"wp","href":"https:\/\/api.w.org\/{rel}","templated":true}]}}