{"id":56944,"date":"2025-09-03T17:01:46","date_gmt":"2025-09-03T15:01:46","guid":{"rendered":"https:\/\/edublog.educastur.es\/ixuxu\/?p=56944"},"modified":"2025-09-03T22:05:31","modified_gmt":"2025-09-03T20:05:31","slug":"bonos-aires-va-ser-una-de-les-ciudaes-mas-grandes-dasturies","status":"publish","type":"post","link":"https:\/\/edublog.educastur.es\/ixuxu\/2025\/09\/bonos-aires-va-ser-una-de-les-ciudaes-mas-grandes-dasturies\/","title":{"rendered":"Bonos Aires va ser una de les ciudaes m\u00e1s grandes d&#8217;Asturies."},"content":{"rendered":"<p><a href=\"https:\/\/actualidad.asturias.es\/documents\/537115\/2781504\/2025_09_02+capilla+trinidad+2.jpeg\/0080b416-9f2e-2ee5-6ef9-de071201fa35?t=1756802440210\">LNE<\/a> \/ Ilustraci\u00f3n d&#8217;un horru asturianu con una imaxe urbana de Bonos Aires<\/p>\n<p style=\"text-align: center\"><a href=\"https:\/\/estaticos-cdn.prensaiberica.es\/clip\/b3e0ea62-ebf1-4a69-b606-e90d4584a3dd_16-9-discover-aspect-ratio_default_0.webp\"><img loading=\"lazy\" decoding=\"async\" class=\"aligncenter size-large\" src=\"https:\/\/estaticos-cdn.prensaiberica.es\/clip\/b3e0ea62-ebf1-4a69-b606-e90d4584a3dd_16-9-discover-aspect-ratio_default_0.webp\" width=\"1200\" height=\"675\" \/><\/a><\/p>\n<p>El consul\u00e1u espa\u00f1ol na capital arxentina recibe nada menos que 553.293 solicit\u00faes de nacionalizaci\u00f3n pola <strong>\u00abLlei de nietos\u00bb<\/strong> y la mayor\u00eda correspuenden a descendientes de gallegos y asturianos.\u00a0A la fin del procesu abiertu pol Gobiernu d&#8217;Espa\u00f1a, <strong>enval\u00f3rase que Bonos Aires s\u00eda, dempu\u00e9s de Madrid y Barcelona la tercer ciud\u00e1 del mundu con m\u00e1s espa\u00f1oles rexistraos oficialmente.<\/strong><\/p>\n<p><!--more--><\/p>\n<p>\u00bfDaqui\u00e9n imax\u00ednase que la ciud\u00e1 m\u00e1s poblada d&#8217;Asturies fora, en realid\u00e1, Bonos Aires? El supuestu (que na capital arxentina haya m\u00e1s m\u00e1s asturianos que n&#8217;Uvi\u00e9u o en Xix\u00f3n) nun ye del tou delirante a tenor del n\u00famberu de pidimientos de nacionalizaci\u00f3n que ta rexistrando&#8217;l Consul\u00e1u d&#8217;Espa\u00f1a n&#8217;Arxentina al calor de la llei de Memoria Democr\u00e1tica, conocida popularmente como la \u00ab<strong>Llei de nietos\u201d<\/strong>, que <strong>reconoz como espa\u00f1oles a los descendientes de tercer xeneraci\u00f3n de los nuesos emigrantes.<\/strong> Seg\u00fan una reci\u00e9n circular del Consul\u00e1u na capital arxentina hasta&#8217;l momentu recibi\u00e9ronse y\u00e1 553.293 solicit\u00faes de nacionalizaci\u00f3n y y\u00e1 se tramitaron 184.293 espedientes.<\/p>\n<p>Habida cunta l&#8217;estraordinariu pesu que tuvo la emigraci\u00f3n asturiana a l&#8217;Arxentina, ye bien probable qu&#8217;una parte bien sustancial de los nuevos espa\u00f1oles acaben consolidaos nel censu como asturianos de nuevu cu\u00f1u, dada la so familia d&#8217;orixe.<\/p>\n<p>Seg\u00fan el diariu arxent\u00edn \u201cLa Naci\u00f3n\u201d una de les sorprendentes resultancies d&#8217;esti procesu de nacionalizaci\u00f3n de los descendientes de los nuesos emigrantes asitiar\u00eda a <strong>Bonos Aires \u201ccomo la tercer ciud\u00e1 del mundu con m\u00e1s espa\u00f1oles dempu\u00e9s de Madrid y Barcelona\u201d.<\/strong><\/p>\n<p>Angua\u00f1o, <strong>y\u00e1 hai 34.362 asturianos rexistraos nel censu d&#8217;espa\u00f1oles residente nel estranxeru.<\/strong> Ye&#8217;l pa\u00eds del estranxeru onde m\u00e1s asturianos hai dempu\u00e9s de M\u00e9xico (25.077) y Cuba (16.822), seg\u00fan los \u00faltimos datos de la Socied\u00e1 Asturiana d&#8217;Estudios Econ\u00f3micos ya Industriales (SADEI). <strong>La Llei de nietos va disparar bien previsiblemente estes cifres.<\/strong> La poblaci\u00f3n actual d&#8217;asturianos n&#8217;Arxentina ye similar a la del conceyu de Mieres, sestu conceyu m\u00e1s pobl\u00e1u d&#8217;Asturies.<\/p>\n","protected":false},"excerpt":{"rendered":"<p>LNE \/ Ilustraci\u00f3n d&#8217;un horru asturianu con una imaxe urbana de Bonos Aires El consul\u00e1u espa\u00f1ol na capital arxentina recibe nada menos que 553.293 solicit\u00faes de nacionalizaci\u00f3n pola \u00abLlei de nietos\u00bb y la mayor\u00eda correspuenden a descendientes de gallegos y asturianos.\u00a0A la fin del procesu abiertu pol Gobiernu d&#8217;Espa\u00f1a, enval\u00f3rase que Bonos Aires s\u00eda, dempu\u00e9s [&hellip;]<\/p>\n","protected":false},"author":117,"featured_media":0,"comment_status":"closed","ping_status":"open","sticky":false,"template":"","format":"standard","meta":{"footnotes":""},"categories":[475],"tags":[],"class_list":["post-56944","post","type-post","status-publish","format-standard","hentry","category-emigracion"],"_links":{"self":[{"href":"https:\/\/edublog.educastur.es\/ixuxu\/wp-json\/wp\/v2\/posts\/56944","targetHints":{"allow":["GET"]}}],"collection":[{"href":"https:\/\/edublog.educastur.es\/ixuxu\/wp-json\/wp\/v2\/posts"}],"about":[{"href":"https:\/\/edublog.educastur.es\/ixuxu\/wp-json\/wp\/v2\/types\/post"}],"author":[{"embeddable":true,"href":"https:\/\/edublog.educastur.es\/ixuxu\/wp-json\/wp\/v2\/users\/117"}],"replies":[{"embeddable":true,"href":"https:\/\/edublog.educastur.es\/ixuxu\/wp-json\/wp\/v2\/comments?post=56944"}],"version-history":[{"count":1,"href":"https:\/\/edublog.educastur.es\/ixuxu\/wp-json\/wp\/v2\/posts\/56944\/revisions"}],"predecessor-version":[{"id":56945,"href":"https:\/\/edublog.educastur.es\/ixuxu\/wp-json\/wp\/v2\/posts\/56944\/revisions\/56945"}],"wp:attachment":[{"href":"https:\/\/edublog.educastur.es\/ixuxu\/wp-json\/wp\/v2\/media?parent=56944"}],"wp:term":[{"taxonomy":"category","embeddable":true,"href":"https:\/\/edublog.educastur.es\/ixuxu\/wp-json\/wp\/v2\/categories?post=56944"},{"taxonomy":"post_tag","embeddable":true,"href":"https:\/\/edublog.educastur.es\/ixuxu\/wp-json\/wp\/v2\/tags?post=56944"}],"curies":[{"name":"wp","href":"https:\/\/api.w.org\/{rel}","templated":true}]}}