{"id":56962,"date":"2025-09-03T14:27:11","date_gmt":"2025-09-03T12:27:11","guid":{"rendered":"https:\/\/edublog.educastur.es\/ixuxu\/?p=56962"},"modified":"2025-09-13T16:25:07","modified_gmt":"2025-09-13T14:25:07","slug":"el-mirador-que-canta-al-vientu-y-ufierta-una-vista-de-360o-nel-corazon-dasturies","status":"publish","type":"post","link":"https:\/\/edublog.educastur.es\/ixuxu\/2025\/09\/el-mirador-que-canta-al-vientu-y-ufierta-una-vista-de-360o-nel-corazon-dasturies\/","title":{"rendered":"El mirador que \u2018canta\u2019 al vientu y ufierta una vista de 360\u00ba nel coraz\u00f3n d&#8217;Asturies"},"content":{"rendered":"<div class=\"container\">\n<ul>\n<li id=\"block-idealista-news-page-title\" class=\"block block-core block-page-title-block\">Fonte: <a href=\"https:\/\/www.idealista.com\/news\/inmobiliario\/construccion\/2025\/09\/01\/856888-el-mirador-que-canta-al-viento-y-ofrece-una-vista-de-360o-en-el-corazon-de\">Idealista<\/a> \/ Semeyes: <span class=\"field__item media-image__copyright\">Jos\u00e9 Ram\u00f3n Puerto \u00c1lvarez<\/span><\/li>\n<li><a href=\"https:\/\/www.elconfidencial.com\/viajes\/2025-09-13\/mirador-circular-asturias-canta-con-el-viento-ha-enamorado-al-equipo-de-los-juegos-del-hambre-1tna-1qrt_4204489\">\u00a0El Confidencial<\/a> \/<\/li>\n<\/ul>\n<\/div>\n<p>El mirador que \u2018canta\u2019 al vientu y ufierta una vista de 360\u00ba nel coraz\u00f3n d&#8217;Asturies. El Mirador Xeol\u00f3xicu de Farrapona ye una estructura en forma de &#8216;looping&#8217; que non solo dexa reparar el valle, sin\u00f3n que tami\u00e9n \u201ccanta\u201d cuando sopla&#8217;l vientu.<\/p>\n<div class=\"container\">\n<div class=\"row\">\n<section class=\"layout-content col-sm-4 col-md-12 col-lg-8\">\n<div id=\"block-idealista-news-content\" class=\"block block-system block-system-main-block\">\n<article class=\"node node--type-news-full node--view-mode-full display-detail--default\">\n<div class=\"article-social-stats\"><\/div>\n<div class=\"news-full__media-detail\">\n<div class=\"field field--name-field-media-detail field--type-entity-reference field--label-hidden\">\n<div class=\"media-image\">\n<div class=\"field field--name-field-media-image field--type-image field--label-hidden field__item\">\n<article class=\"media-image\"><img loading=\"lazy\" decoding=\"async\" src=\"https:\/\/st3.idealista.com\/news\/archivos\/styles\/fullwidth_xl\/public\/2025-08\/images\/1_mirador-farrapona.jpg?VersionId=jnl_ZuJziFFYFxv.xklNLr5E242fQNLF&amp;itok=sck0_fI0\" alt=\"El mirador Geol\u00f3gico de Farrapona es una estructura en forma de looping dise\u00f1ada por Puerto &amp; S\u00e1nchez Arquitectos situada en el puerto de Someido.\" width=\"1200\" height=\"675\" \/><\/p>\n<div class=\"media-image__info\"><\/div>\n<\/article>\n<\/div>\n<div class=\"media-image__info\"><span class=\"field__item media-image__caption\">Mirador Xeol\u00f3xicu de Farrapona<\/span><\/div>\n<div><\/div>\n<\/div>\n<\/div>\n<\/div>\n<div class=\"news-full__authoring\">\n<div class=\"news-full__authors\">\n<div class=\"field--name-field-authors\">\n<div class=\"\"><\/div>\n<\/div>\n<div class=\"news-full__publish-date\">\n<div class=\"field field--name-field-publish-date field--type-datetime field--label-hidden field__item\"><!--more--><\/div>\n<\/div>\n<\/div>\n<\/div>\n<div class=\"news-full__celebrity_house\"><\/div>\n<div class=\"news-full__body\">\n<div class=\"field-text-formatted field field--name-body field--type-text-with-summary field--label-hidden field__item\">\n<p dir=\"ltr\" data-mrf-recirculation=\"[Article] Inline paragraph\">La contemplaci\u00f3n del paisaje natural es uno de los espect\u00e1culos que mejor pueden satisfacer a nuestros sentidos: grandiosidad, pureza, tranquilidad\u2026 En los sitios que ofrecen panor\u00e1micas \u00fanicas, suelen construirse unos<strong>\u00a0miradores, concebidos como ventanas abiertas al territorio<\/strong>, lugares que invitan a detenerse, respirar y descubrir la geograf\u00eda desde una nueva perspectiva.<\/p>\n<p dir=\"ltr\" data-mrf-recirculation=\"[Article] Inline paragraph\">Algunos de ellos son simples bancos de madera en la sombra, mientras que otros son todo un alarde de ingenier\u00eda, dise\u00f1o, e incluso una\u00a0<a href=\"https:\/\/www.idealista.com\/news\/deco\/casas-de-ensueno\/2025\/01\/31\/829877-estos-miradores-para-observar-el-desierto-de-alula-arabia-saudi-se-inspiran-en-las\" data-mrf-link=\"https:\/\/www.idealista.com\/news\/deco\/casas-de-ensueno\/2025\/01\/31\/829877-estos-miradores-para-observar-el-desierto-de-alula-arabia-saudi-se-inspiran-en-las\">retrospectiva hacia el patrimonio local<\/a>. De unos a\u00f1os a esta parte, estas plataformas se han convertido en piezas de dise\u00f1o integradas en su entorno y, en ocasiones, dotadas de funciones sensoriales inesperadas.<\/p>\n<p dir=\"ltr\" data-mrf-recirculation=\"[Article] Inline paragraph\">En Asturias, un nuevo ejemplo se ha sumado a esta lista, se trata del\u00a0<strong>Mirador Geol\u00f3gico de Farrapona<\/strong>, una estructura en forma de &#8216;looping&#8217; dise\u00f1ada por\u00a0<a href=\"https:\/\/www.instagram.com\/puertosanchezarquitectos\/\" data-mrf-link=\"https:\/\/www.instagram.com\/puertosanchezarquitectos\/\">Puerto &amp; S\u00e1nchez Arquitectos<\/a>, que no solo permite observar un valle de gran valor natural, sino que tambi\u00e9n \u201ccanta\u201d cuando sopla el viento.<\/p>\n<div class=\"media-image\">\n<div class=\"field field--name-field-media-image field--type-image field--label-hidden field__item\">\n<article class=\"media-image\"><img loading=\"lazy\" decoding=\"async\" src=\"https:\/\/st3.idealista.com\/news\/archivos\/styles\/fullwidth_xl\/public\/2025-08\/images\/6_mirador-farrapona.jpg?VersionId=wAOnftrHgcH6XYipOvKYfcT9L_iSnrR7&amp;itok=kdMpPVb6\" alt=\"El mirador se apoya sobre una pir\u00e1mide invertida de cuatro columnas, lo que reduce al m\u00ednimo su huella en el suelo y refuerza la sensaci\u00f3n de ligereza.\" width=\"1200\" height=\"750\" data-title=\"El mirador se apoya sobre una pir\u00e1mide invertida de cuatro columnas, lo que reduce al m\u00ednimo su huella en el suelo y refuerza la sensaci\u00f3n de ligereza.\" \/><\/p>\n<div class=\"media-image__info\"><\/div>\n<\/article>\n<\/div>\n<div class=\"media-image__info\"><span class=\"field__item media-image__caption\">Apoyos: <\/span><span class=\"field__item media-image__copyright\">Jos\u00e9 Ram\u00f3n Puerto \u00c1lvarez<\/span><\/div>\n<\/div>\n<p><strong>Un &#8216;looping&#8217; sobro&#8217;l puertu m\u00e1s altu d&#8217;Asturies.\u00a0<\/strong>Esti mirador \u00e1lzase nel Altu de la Farrapona, el visu del valle de Saliencia nos Montes Cant\u00e1bricos, nel puertu de Somiedu, el m\u00e1s altu accesible per carretera de la provincia, ye un dest\u00edn popular pa senderistes, ciclistes y amantes del paisaxe.<\/p>\n<p>Pal estudiu \u201cl&#8217;oxetivu yera crear un mirador circular que dexara a cualesquier entrar, contemplar l&#8217;escepcional paisaxe de 360 graos y salir de nuevu\u201d. D&#8217;ende la so forma de cinta circular que sobresal sobro&#8217;l terr\u00e9n, ufiertando xuna esperiencia envolvente. El mirador sof\u00edtase sobro una pir\u00e1mide invertida de cuatro columnes, lo qu&#8217;amenorga al m\u00ednimu la so buelga nel suelu y refuerza la sensaci\u00f3n de llixereza.<\/p>\n<div class=\"media-image\">\n<div class=\"field field--name-field-media-image field--type-image field--label-hidden field__item\">\n<article class=\"media-image\"><img loading=\"lazy\" decoding=\"async\" src=\"https:\/\/st3.idealista.com\/news\/archivos\/styles\/fullwidth_xl\/public\/2025-08\/images\/3_mirador-farrapona.jpg?VersionId=pMehCuTTp9Ns8dnnFg.cjRT4iD93D52L&amp;itok=H90OeVyB\" alt=\"La cubierta est\u00e1 formada por una chapa met\u00e1lica con perforaciones en forma de l\u00e1grima, ideadas para evitar la acumulaci\u00f3n de agua y nieve durante el invierno.\" width=\"1200\" height=\"1459\" data-title=\"La cubierta est\u00e1 formada por una chapa met\u00e1lica con perforaciones en forma de l\u00e1grima, ideadas para evitar la acumulaci\u00f3n de agua y nieve durante el invierno.\" \/><\/p>\n<div class=\"media-image__info\"><\/div>\n<\/article>\n<\/div>\n<div class=\"media-image__info\"><span class=\"field__item media-image__caption\">Cubierta de chapa. <\/span><span class=\"field__item media-image__copyright\">Jos\u00e9 Ram\u00f3n Puerto \u00c1lvarez<\/span><\/div>\n<\/div>\n<p>La estructura ta compuesta por un arcu form\u00e1u por nueve pieces prefabricaes nun taller especializ\u00e1u, asiti\u00e1u a m\u00e1s de 100 kil\u00f3metros. Tres el so tresporte en cami\u00f3n, fueron ensamblaes y fites nel so allugamientu definitivu cola ayuda d&#8217;una gr\u00faa.<\/p>\n<p>A lo llargo del so percorr\u00edu, los visitantes atopen paneles discretos con informaci\u00f3n sobro nueve puntos d&#8217;inter\u00e9s xeol\u00f3xicu. Estes plaques, integraes ente les barandielles, dexen identificar elementos del paisaxe ensin atayar la vista panor\u00e1mica.<\/p>\n<div class=\"media-image\">\n<div class=\"field field--name-field-media-image field--type-image field--label-hidden field__item\">\n<article class=\"media-image\"><img loading=\"lazy\" decoding=\"async\" src=\"https:\/\/st3.idealista.com\/news\/archivos\/styles\/fullwidth_xl\/public\/2025-08\/images\/4_mirador-farrapona.jpg?VersionId=V5HdJTpzM5eHgEd6dVHFpjy4KcObNRIt&amp;itok=hbbFJthR\" alt=\"El pavimento y las barandillas se sostienen mediante vigas huecas con soportes soldados, separadas 10 cent\u00edmetros entre s\u00ed para mantener la transparencia visual.\" width=\"1200\" height=\"600\" data-title=\"El pavimento y las barandillas se sostienen mediante vigas huecas con soportes soldados, separadas 10 cent\u00edmetros entre s\u00ed para mantener la transparencia visual.\" \/><\/p>\n<div class=\"media-image__info\"><\/div>\n<\/article>\n<\/div>\n<div class=\"media-image__info\"><span class=\"field__item media-image__caption\">Barandillas. <\/span><span class=\"field__item media-image__copyright\">Jos\u00e9 Ram\u00f3n Puerto \u00c1lvarez<\/span><\/div>\n<\/div>\n<p><strong>Un dise\u00f1u qu&#8217;interact\u00faa col vientu.\u00a0<\/strong>L&#8217;allugamientu del mirador, somet\u00edu a iviernos con temperatures baxo cero y branos que raspien los 30 \u00baC, esix\u00eda una soluci\u00f3n resistente y de baxu caltenimientu. Por ello, l&#8217;estudiu opt\u00f3 por aceru resistente albentestate, capaz de soportar\u00a0cambeos t\u00e9rmicos estremos ensin degradase, a diferencia de la madera, que se ver\u00eda afectada con rapidez nestes condiciones.<\/p>\n<p>El pavimentu y les barandielles sostienense por aciu vigues bueques con soportes soldaos, separaes 10 cent\u00edmetros ente s\u00ed pa caltener la tresparencia visual. La cubierta ta formada por una chapa met\u00e1lica con perforaciones en forma de ll\u00e1rima, escurr\u00edes pa evitar l&#8217;acumuladura d&#8217;agua y nieve mientres l&#8217;iviernu.<\/p>\n<p>Esta caracter\u00edstica t\u00e9cnica traxo consigo un efectu inesper\u00e1u: <em>\u201ccuando sopla&#8217;l vientu, el mirador \u2018canta\u2019, emitiendo un son\u00edu musical\u00a0que produz un efectu involuntariu, pero suxerente\u201d<\/em>, rellaten nel estudiu.<\/p>\n<p>El dise\u00f1u, am\u00e1s, garantiza l&#8217;accesibilid\u00e1. La plataforma caltien la mesma elevaci\u00f3n nel so puntu d&#8217;entrada y salida, dexando l&#8217;accesu de sielles de ruedes y facilitando el percorr\u00edu a tolos visitantes.<\/p>\n<div class=\"media-image\">\n<div class=\"field field--name-field-media-image field--type-image field--label-hidden field__item\">\n<article class=\"media-image\"><img loading=\"lazy\" decoding=\"async\" src=\"https:\/\/st3.idealista.com\/news\/archivos\/styles\/fullwidth_xl\/public\/2025-08\/images\/5_mirador-farrapona.jpg?VersionId=dFh5_rrtHnQR9A.qDQkavSnwKNt69Xqq&amp;itok=ti6LFqcZ\" alt=\"La plataforma mantiene la misma elevaci\u00f3n en su punto de entrada y salida, permitiendo el acceso de sillas de ruedas y facilitando el recorrido a todos los visitantes.\" width=\"1200\" height=\"900\" data-title=\"La plataforma mantiene la misma elevaci\u00f3n en su punto de entrada y salida, permitiendo el acceso de sillas de ruedas y facilitando el recorrido a todos los visitantes.\" \/><\/p>\n<div class=\"media-image__info\"><\/div>\n<\/article>\n<\/div>\n<div class=\"media-image__info\"><span class=\"field__item media-image__caption\">Accesibilidad. <\/span><span class=\"field__item media-image__copyright\">Jos\u00e9 Ram\u00f3n Puerto \u00c1lvarez<\/span><\/div>\n<\/div>\n<p dir=\"ltr\" data-mrf-recirculation=\"[Article] Inline paragraph\">Esti proyectu foi&#8217;l ganador d&#8217;un concursu convoc\u00e1u pol Conceyu de Somiedu y enm\u00e1rcase n&#8217;una estratexa m\u00e1s amplia para poner en valor el patrimoniu natural, etnogr\u00e1ficu y xeol\u00f3xicu d&#8217;Asturies. <strong>M\u00e1s qu&#8217;un simple mirador, la obra combina inxenier\u00eda, sensibilid\u00e1 paisax\u00edstica y un chisgo po\u00e9ticu que convierte la visita n&#8217;una esperiencia sensorial completa.<\/strong><\/p>\n<\/div>\n<\/div>\n<div class=\"field field--name-field-image-gallery field--type-entity-reference field--label-hidden field__items news-full__gallery\">\n<div class=\"field__item\"><\/div>\n<div class=\"field__item\"><\/div>\n<div class=\"field__item\">\n<article class=\"media-image\"><img loading=\"lazy\" decoding=\"async\" src=\"https:\/\/st3.idealista.com\/news\/archivos\/styles\/fullwidth_xl\/public\/2025-08\/images\/2_mirador-farrapona.jpg?VersionId=ccs4D15JmGqhZTfSBcptqtJL8yUmwLMc&amp;itok=PZ8dvKrH\" alt=\"El mirador circular permite a cualquiera entrar, contemplar el excepcional paisaje de 360 grados y salir de nuevo.\" width=\"1200\" height=\"1200\" data-title=\"El mirador circular permite a cualquiera entrar, contemplar el excepcional paisaje de 360 grados y salir de nuevo.\" data-caption=\"Mirador de 360 grados\" data-copyright=\"Jos\u00e9 Ram\u00f3n Puerto \u00c1lvarez\" \/><\/p>\n<div class=\"media-image__info\"><span class=\"field__item media-image__caption\">Mirador de 360 graos. <\/span><span class=\"field__item media-image__copyright\">Jos\u00e9 Ram\u00f3n Puerto \u00c1lvarez<\/span><\/div>\n<\/article>\n<\/div>\n<div class=\"field__item\"><\/div>\n<div class=\"field__item\">\n<article class=\"media-image\"><img loading=\"lazy\" decoding=\"async\" src=\"https:\/\/st3.idealista.com\/news\/archivos\/styles\/fullwidth_xl\/public\/2025-08\/images\/7_mirador-farrapona.jpg?VersionId=y5WHo9sF1eFgNC6WtwWyksjjKMhXQDFP&amp;itok=kK73NeWV\" alt=\"Tras su transporte en cami\u00f3n, las piezas fueron ensambladas y fijadas en su ubicaci\u00f3n definitiva con la ayuda de una gr\u00faa.\" width=\"1200\" height=\"1800\" data-title=\"Tras su transporte en cami\u00f3n, las piezas fueron ensambladas y fijadas en su ubicaci\u00f3n definitiva con la ayuda de una gr\u00faa.\" data-caption=\"Montaje\" data-copyright=\"Jos\u00e9 Ram\u00f3n Puerto \u00c1lvarez\" \/><\/p>\n<div class=\"media-image__info\"><span class=\"field__item media-image__caption\">Montaje. <\/span><span class=\"field__item media-image__copyright\">Jos\u00e9 Ram\u00f3n Puerto \u00c1lvarez<\/span><\/div>\n<\/article>\n<\/div>\n<\/div>\n<\/article>\n<\/div>\n<\/section>\n<\/div>\n<\/div>\n<p>&nbsp;<\/p>\n","protected":false},"excerpt":{"rendered":"<p>Fonte: Idealista \/ Semeyes: Jos\u00e9 Ram\u00f3n Puerto \u00c1lvarez \u00a0El Confidencial \/ El mirador que \u2018canta\u2019 al vientu y ufierta una vista de 360\u00ba nel coraz\u00f3n d&#8217;Asturies. El Mirador Xeol\u00f3xicu de Farrapona ye una estructura en forma de &#8216;looping&#8217; que non solo dexa reparar el valle, sin\u00f3n que tami\u00e9n \u201ccanta\u201d cuando sopla&#8217;l vientu. Mirador Xeol\u00f3xicu de [&hellip;]<\/p>\n","protected":false},"author":117,"featured_media":0,"comment_status":"closed","ping_status":"open","sticky":false,"template":"","format":"standard","meta":{"footnotes":""},"categories":[311],"tags":[],"class_list":["post-56962","post","type-post","status-publish","format-standard","hentry","category-montes"],"_links":{"self":[{"href":"https:\/\/edublog.educastur.es\/ixuxu\/wp-json\/wp\/v2\/posts\/56962","targetHints":{"allow":["GET"]}}],"collection":[{"href":"https:\/\/edublog.educastur.es\/ixuxu\/wp-json\/wp\/v2\/posts"}],"about":[{"href":"https:\/\/edublog.educastur.es\/ixuxu\/wp-json\/wp\/v2\/types\/post"}],"author":[{"embeddable":true,"href":"https:\/\/edublog.educastur.es\/ixuxu\/wp-json\/wp\/v2\/users\/117"}],"replies":[{"embeddable":true,"href":"https:\/\/edublog.educastur.es\/ixuxu\/wp-json\/wp\/v2\/comments?post=56962"}],"version-history":[{"count":4,"href":"https:\/\/edublog.educastur.es\/ixuxu\/wp-json\/wp\/v2\/posts\/56962\/revisions"}],"predecessor-version":[{"id":57686,"href":"https:\/\/edublog.educastur.es\/ixuxu\/wp-json\/wp\/v2\/posts\/56962\/revisions\/57686"}],"wp:attachment":[{"href":"https:\/\/edublog.educastur.es\/ixuxu\/wp-json\/wp\/v2\/media?parent=56962"}],"wp:term":[{"taxonomy":"category","embeddable":true,"href":"https:\/\/edublog.educastur.es\/ixuxu\/wp-json\/wp\/v2\/categories?post=56962"},{"taxonomy":"post_tag","embeddable":true,"href":"https:\/\/edublog.educastur.es\/ixuxu\/wp-json\/wp\/v2\/tags?post=56962"}],"curies":[{"name":"wp","href":"https:\/\/api.w.org\/{rel}","templated":true}]}}