{"id":56965,"date":"2025-09-03T14:40:46","date_gmt":"2025-09-03T12:40:46","guid":{"rendered":"https:\/\/edublog.educastur.es\/ixuxu\/?p=56965"},"modified":"2025-09-05T00:08:57","modified_gmt":"2025-09-04T22:08:57","slug":"la-meyor-sablera-dasturies-para-ver-el-mar-dardora","status":"publish","type":"post","link":"https:\/\/edublog.educastur.es\/ixuxu\/2025\/09\/la-meyor-sablera-dasturies-para-ver-el-mar-dardora\/","title":{"rendered":"La meyor sablera d&#8217;Asturies para ver el Mar d&#8217;Ardora: Xivares (Carre\u00f1o)"},"content":{"rendered":"<p>Fonte: <a href=\"https:\/\/www.elconfidencial.com\/viajes\/2025-09-02\/mejor-playa-de-asturias-para-ver-mar-de-ardora-fechas-y-recomendaciones-1tna-1qrt_4200766\">El Confidencial<\/a> \/<a href=\"https:\/\/www.eldiario.es\/viajes\/disfrutar-mar-ardora-cinco-playas-ver-fenomeno-espana_1_12574664.html\"> El Diario Viaxes<\/a> \/<\/p>\n<p style=\"text-align: center\"><a href=\"https:\/\/static.eldiario.es\/clip\/fc11ad20-d1d2-4a78-9208-d7e24c923f71_16-9-discover-aspect-ratio_default_0.webp\"><img loading=\"lazy\" decoding=\"async\" class=\"aligncenter size-large\" src=\"https:\/\/static.eldiario.es\/clip\/fc11ad20-d1d2-4a78-9208-d7e24c923f71_16-9-discover-aspect-ratio_default_0.webp\" width=\"1200\" height=\"675\" \/><\/a><\/p>\n<p>La meyor sablera d&#8217;Asturies para ver el Mar d&#8217;Ardora: feches y encamientos para esfrutar d&#8217;esti fen\u00f3menu natural. <strong>Ye la sablera de Xivares, nel conceyu de Carre\u00f1o. <\/strong>Un rinc\u00f3n de la mari\u00f1a asturiana guarda unu de los espect\u00e1culos m\u00e1s sorprendentes del branu: un mar que relluma na escurid\u00e1 como si tuviera sem\u00e1u d&#8217;estrelles, solo en nueches seles y ensin lluna, con poca contaminaci\u00f3n llum\u00ednica.<\/p>\n<p style=\"text-align: center\"><a href=\"https:\/\/images.ecestaticos.com\/Wzj_UXYKMO_d7iolHdvuaxkIehA=\/153x32:1238x845\/996x747\/filters:fill(white):format(jpg)\/f.elconfidencial.com%2Foriginal%2F971%2F90c%2F32a%2F97190c32a57744447375f9b64d9823af.jpg\"><img loading=\"lazy\" decoding=\"async\" class=\"aligncenter \" src=\"https:\/\/images.ecestaticos.com\/Wzj_UXYKMO_d7iolHdvuaxkIehA=\/153x32:1238x845\/996x747\/filters:fill(white):format(jpg)\/f.elconfidencial.com%2Foriginal%2F971%2F90c%2F32a%2F97190c32a57744447375f9b64d9823af.jpg\" width=\"624\" height=\"468\" \/><\/a><\/p>\n<p>Semeya: El Mar d&#8217;Ardora ye especialmente visible en Galicia. (Turismu de Mari\u00f1a da Morte)<br \/>\n<!--more--><br \/>\nAfaya la sablera pocu conocida d&#8217;Asturies: cuenta con zona naturista y ta al llau d&#8217;un pozu que ye Reserva Natural. <strong>El Mar d&#8217;Ardora, tami\u00e9n conoc\u00edu como bioluminiscencia marina, ufierta n&#8217;Asturies un espect\u00e1culu que paez sac\u00e1u d&#8217;un cuentu<\/strong>. El fen\u00f3menu, visible en nueches seles y ensin lluna, convierte l&#8217;agua nun tapiz de rellumos azules qu&#8217;allumen la vera con una guapura inigualable. Mientres el d\u00eda, la presencia de Noctiluca scintillans (la conocida \u00abchispa de mar\u00bb) puede manifestase como un llurdiu llixeramente aceitosu y de tonu anaranx\u00e1u na superficie de l&#8217;agua.<\/p>\n<p>Esti aspeutu visual indica una concentraci\u00f3n alta del organismu y munches vegaes antemana que pela nueche l&#8217;agua podr\u00eda llucir esa rellumada bioluminiscente. Unu de los llugares privilexaos pa contemplalo <strong>ye la sablera de Xivares, nel conceyu de Carre\u00f1o<\/strong>.<\/p>\n<p>Esti arenal, bien alleg\u00e1u pel branu y frecuent\u00e1u tol a\u00f1u polos amantes del surf, convirti\u00f3se nun puntu de referencia pa quien busquen vivir la esperiencia \u00fanica de ver rellumar el mar. Sicas\u00ed, esti fen\u00f3menu\u00a0apreciase con mayor frecuencia na mari\u00f1a gallega, especialmente en puntos como la Mari\u00f1a da Morte y la sablera de Carnota, onde s&#8217;han documentado m\u00faltiples avistamientos mientres el branu.<\/p>\n<p style=\"text-align: center\"><a href=\"https:\/\/images.ecestaticos.com\/GQCYJdCxWL5pswD5_p0F-iIHLr0=\/24x10:1280x827\/996x747\/filters:fill(white):format(jpg)\/f.elconfidencial.com%2Foriginal%2F30b%2F6ce%2Fea1%2F30b6ceea125dce6c6907aadf15139b7f.jpg\"><img loading=\"lazy\" decoding=\"async\" class=\"aligncenter \" src=\"https:\/\/images.ecestaticos.com\/GQCYJdCxWL5pswD5_p0F-iIHLr0=\/24x10:1280x827\/996x747\/filters:fill(white):format(jpg)\/f.elconfidencial.com%2Foriginal%2F30b%2F6ce%2Fea1%2F30b6ceea125dce6c6907aadf15139b7f.jpg\" width=\"733\" height=\"550\" \/><\/a>Imaxe de la sablera de Xivares, nel conceyu asturianu de Carre\u00f1o. (Estrayida de X)<\/p>\n<p><strong>Qu\u00e9 ye&#8217;l Mar d&#8217;Ardora y cu\u00e1ndo velo<\/strong> El Mar d&#8217;Ardora d\u00e9bese a microorganismos marinos, como los dinoflagelados, qu&#8217;emiten lluz cuando l&#8217;agua ximi\u00e9lgase. El movimientu de les foles, un chapoteo o inclusive&#8217;l simple caminar pela vera activen la reacci\u00f3n qu\u00edmica que produz esa rellumada azulao.<\/p>\n<p>Esa rellumada non solo enguapez el mar, tami\u00e9n act\u00faa como un at\u00e9lite sistema de defensa: al emitir pulsos de lluz al detectase un peligru, los dinoflagelados confunden al depredador o atraen unu mayor qu&#8217;acabe per axorizar lo, una estratexa evolutiva conocida como \u00absollerta \u00e9nte lladrones\u00bb.<\/p>\n<p>Na mari\u00f1a asturiana, la meyor d\u00f3mina pa reparalo esti\u00e9ndese de xunu a setiembre. Les condiciones ideales son nueches templaes, ensin lluna y con poca contaminaci\u00f3n llum\u00ednica. Aun as\u00ed, non siempres ye bono de predicir y rique un pocu de suerte pa coincidir col momentu perfectu.<\/p>\n<p style=\"text-align: center\"><span class=\"x193iq5w xeuugli x13faqbe x1vvkbs xt0psk2 x1i0vuye xvs91rp xo1l8bm x5n08af x10wh9bi xpm28yp x8viiok x1o7cslx x126k92a\"><span class=\"html-span xexx8yu x4uap5 x18d9i69 xkhd6sd x1hl2dhg x16tdsg8 x1vvkbs x3nfvp2 x1j61x8r x1fcty0u xdj266r xat24cr xgzva0m xhhsvwb xxymvpz xlup9mm x1kky2od\">\n<!-- iframe plugin v.6.0 wordpress.org\/plugins\/iframe\/ -->\n<iframe loading=\"lazy\" src=\"https:\/\/www.instagram.com\/reel\/DAOyGH9oKFy\/embed\" width=\"390\" height=\"675\" 0=\"\/iframe\" scrolling=\"yes\" class=\"iframe-class\" frameborder=\"0\"><\/iframe>\n<\/span><\/span><br \/>\nSemeya:<a href=\"https:\/\/www.instagram.com\/guillermocarracedo\/?utm_source=ig_embed\"> Sablera con bioluminiscencia<\/a> (iStock)\ud83d\udc99<br \/>\n\ud83d\udcf8:\u00a0<a class=\"x1i10hfl xjbqb8w x1ejq31n x18oe1m7 x1sy0etr xstzfhl x972fbf x10w94by x1qhh985 x14e42zd x9f619 x1ypdohk xt0psk2 x3ct3a4 xdj266r x14z9mp xat24cr x1lziwak xexx8yu xyri2b x18d9i69 x1c1uobl x16tdsg8 x1hl2dhg xggy1nq x1a2a7pz notranslate _a6hd\" role=\"link\" href=\"https:\/\/www.instagram.com\/storimake_\/\">@storimake_<\/a><\/p>\n<p><strong>\u00a0<\/strong><\/p>\n<p style=\"text-align: center\"><strong>La sablera de Xivares, escenariu aparente<\/strong> L&#8217;arenal de Xivares ta form\u00e1u pola uni\u00f3n de dos sableres: Xivares 1 y Pe\u00f1a Mar\u00eda o Xivares 2. En xunto algamen unos 800 metros de llargor, con sable blancu, aguaxe moder\u00e1u y variaciones notables seg\u00fan la marea.<\/p>\n<p>El so calter semiurbano ufierta un equilibriu ente servicios y paisaxes naturales. La redolada incl\u00fai un tramu de la sienda costera que parte dende la Campa de Torres hasta la r\u00eda d&#8217;Abo\u00f1o, lo que dexa esfrutar de panorames variaos \u2014dende cantiles y praos hasta&#8217;l Cabu Pe\u00f1es\u2014 nun pas\u00e9u tan evocador como accesible.<\/p>\n<p>La sablera dispon d&#8217;accesos rodaos y piatonales, puestos de salvamentu en temporada de ba\u00f1os, dueches, aseos y chiringos. Tami\u00e9n cunta con conexones de tresporte p\u00fablicu: apeaderu de tren a 800 metros y ll\u00ednea d&#8217;autob\u00fas ALSA ente Xix\u00f3n y Lluanco o&#8217;l Renfe rexonal Xix\u00f3n-Pravia. Si vienes en coche, a cencielles toma la carretera AS-239 hasta llegar a la sablera; ell\u00ed vas atopar un aparcamientu se\u00f1aliz\u00e1u con capacid\u00e1 para ente 50 y 100 places, lo que facilita l&#8217;accesu directu al sable.<\/p>\n<p><strong>Encamientos pa esfrutalo<\/strong> P&#8217;apreciar la bioluminiscencia en Xivares, lo m\u00e1s recomendable ye allegar de nueche, ensin focos artificiales nin llinternes, y dexar que la escurid\u00e1 dexe resaltar los rellumos marinos. Caminar pela vera o mover selemente l&#8217;agua puede ayudar a percibir la maxa d&#8217;esti fen\u00f3menu natural.<\/p>\n<p>Otru milagru singular qu&#8217;asocede nesta sablera ta vencey\u00e1u a una central t\u00e9rmica cercana: cuando la marea ta baxa, l&#8217;agua puede algamar temperatures inusualmente elevaes \u2014inclusive hasta los 38 \u00b0C\u2014 creando xuna sensaci\u00f3n similar a una ducha templada\u00bb, un inter\u00e9s oce\u00e1nicu poco com\u00fan na mari\u00f1a asturiana.<\/p>\n<p>Am\u00e1s, convien caltener la sablera llimpia y evitar cualquier alteraci\u00f3n del ecosistema. La observaci\u00f3n responsable garantiza qu&#8217;esti espect\u00e1culu pueda siguir repiti\u00e9ndose a\u00f1u tres d&#8217;a\u00f1u nes mari\u00f1es asturianes. Esa rellumada tan enga\u00f1ador solo caltiense gracies a el nuesu cuidu colectivu. La bioluminiscencia ye desaxeradamente sensible a la contaminaci\u00f3n, as\u00edna que&#8217;l menor rastru de basura, productos qu\u00edmicos o lluces artificiales puede atayar la maxa. Caltener esti fen\u00f3menu natural esixe responsabilid\u00e1: solo asina vamos dexar que&#8217;l Mar d&#8217;Ardora allume les mari\u00f1es mientres munchos a\u00f1os m\u00e1s.<\/p>\n<p><strong>\u00a0Un rinc\u00f3n con encantu natural. <\/strong>Abargana de la sablera de Xivares, el paisaxe ufierta m\u00faltiples descubrimientos m\u00e1s all\u00e1 del mar y el sable. A solo unos pasos empieza la Sienda Verde del Tranqueru, un traz\u00e1u a cuerpu que sigue l&#8217;antiguu percorr\u00edu costeru del tren FEVE y conecta Xivares con Perlora, travesando cales, cantiles y restos f\u00f3siles marinos que faen d&#8217;esti pas\u00e9u xuna esperiencia de gran valor paisax\u00edsticu.<\/p>\n<p>Xubiendo un pocu, el Mirador de la Campa de Torres ufierta xuna vista panor\u00e1mica inigualable: dende equ\u00ed apod\u00e9rase la rasa costera y alg\u00e1mase a estremar el perfil del Cabu Pe\u00f1es, un momentu fotogr\u00e1ficu memorable. Na redoma tami\u00e9n puede visitase la parroquia d&#8217;Albandi, onde s&#8217;atopa la tradicional Ilesia de Santiago d&#8217;Albandi \u2014cola so arquitectura rural y la so imaxe de Santiago Pelegr\u00edn\u2014 qu&#8217;apurre un contrapuntu cultural y arquitect\u00f3nico cercanu a la redolada natural.<\/p>\n<p style=\"text-align: center\"><a href=\"https:\/\/images.ecestaticos.com\/-c0f1mY6cVBm7-0Ihd1ScD0h9R4=\/124x6:662x362\/996x747\/filters:fill(white):format(jpg)\/f.elconfidencial.com%2Foriginal%2Fb45%2F864%2Fc9f%2Fb45864c9f8f5f5a7b060f3bfa28af962.jpg\"><img loading=\"lazy\" decoding=\"async\" class=\"aligncenter \" src=\"https:\/\/images.ecestaticos.com\/-c0f1mY6cVBm7-0Ihd1ScD0h9R4=\/124x6:662x362\/996x747\/filters:fill(white):format(jpg)\/f.elconfidencial.com%2Foriginal%2Fb45%2F864%2Fc9f%2Fb45864c9f8f5f5a7b060f3bfa28af962.jpg\" width=\"518\" height=\"389\" \/><\/a>Ilesia de Santiago d&#8217;Albandi, nel barriu asturianu del mesmu nome. (Arzobisp\u00e1u d&#8217;Uvi\u00e9u)<\/p>\n<p>Ente mar, surf, senderismu y bioluminiscencia, <strong>Xivares conf\u00edrmase como uno de los rincones m\u00e1s especiales de la mari\u00f1a asturiana.<\/strong> Un llugar onde naturaleza y maxa dan la mano nes nueches de branu.<\/p>\n<hr \/>\n<p><a href=\"https:\/\/www.eldiario.es\/viajes\/disfrutar-mar-ardora-cinco-playas-ver-fenomeno-espana_1_12574664.html\"> El Diario Viaxes<\/a> \/<\/p>\n<p><span style=\"color: #008080\">A lo llargo de la mari\u00f1a espa\u00f1ola pueden identificase distintos llugares onde ye posible guardar un fen\u00f3menu natural pocu com\u00fan: <strong>la bioluminiscencia marina<\/strong>. Nestes zones, el mar adquier una rellumada visible mientres la nueche, xener\u00e1u pola activid\u00e1 d&#8217;organismos microsc\u00f3picos. La so apaici\u00f3n depende de factores ambientales que determinen la intensid\u00e1 y frecuencia del rellumu, ufiertando esperiencies que combinen observaci\u00f3n cient\u00edfica y esfrute de la naturaleza.<\/span><\/p>\n<p class=\"article-text\">Espa\u00f1a cuenta con un extenso litoral que abarca diversos mares y oc\u00e9anos, desde el Cant\u00e1brico hasta el Mediterr\u00e1neo, pasando por las costas atl\u00e1nticas del sur y el archipi\u00e9lago canario. La interacci\u00f3n entre el clima, las mareas y la geograf\u00eda ha dado lugar a un litoral variado, donde cada zona presenta condiciones \u00fanicas en cuanto a corrientes, salinidad y movimiento del agua. Estas caracter\u00edsticas hacen que el mar se presente con distintos comportamientos y fen\u00f3menos, visibles desde la orilla o desde embarcaciones.<\/p>\n<div class=\"edi-advertising ad__no-dotted ad__no-legend ad-desktop-intext hide-in-mobile\">\n<div class=\"advertising-wrapper\"><\/div>\n<\/div>\n<p class=\"article-text\">Durante ciertas noches, los movimientos del agua activan a estos organismos bioluminiscentes, generando un resplandor azul visible desde la costa. La observaci\u00f3n de este fen\u00f3meno requiere condiciones concretas, como poca luz ambiental y ausencia de luna, y ha convertido a varias playas espa\u00f1olas en destinos de inter\u00e9s para quienes buscan contemplar manifestaciones naturales excepcionales.<\/p>\n<h2 class=\"article-text\">Qu\u00e9 es el Mar de Ardora<\/h2>\n<p class=\"article-text\">El Mar de Ardora es el nombre que recibe el fen\u00f3meno de\u00a0bioluminiscencia\u00a0que se produce en determinadas playas de Espa\u00f1a. Se genera por organismos microsc\u00f3picos, principalmente dinoflagelados, que emiten luz cuando son agitados por el movimiento del agua. La luz resultante se observa como un resplandor en la superficie del mar durante la noche, generalmente en tonalidades azuladas.<\/p>\n<p class=\"article-text\">Este fen\u00f3meno se activa por fricci\u00f3n, ya sea por olas, corrientes o el paso de personas cerca de la orilla. Su aparici\u00f3n depende de factores ambientales como temperatura del agua, salinidad y concentraci\u00f3n de nutrientes, que determinan la densidad de organismos presentes en cada playa. Estos son los distintos lugares donde puedes verlo:<\/p>\n<div class=\"edi-advertising ad__no-dotted ad__no-legend ad-desktop-intext ad-desktop-intext--300x600 hide-in-mobile\">\n<div class=\"advertising-wrapper\"><\/div>\n<\/div>\n<h2 class=\"article-text\">Praia Estorde (Costa da Morte, Galicia)<\/h2>\n<p class=\"article-text\">Esta playa se encuentra entre los municipios de Cee y Corcubi\u00f3n. Durante las noches de luna nueva y con poca actividad de olas, se ha registrado la aparici\u00f3n de bioluminiscencia. Los dinoflagelados presentes en estas aguas reaccionan al movimiento, generando un resplandor visible desde la orilla. Para su observaci\u00f3n, se recomienda reducir la iluminaci\u00f3n artificial y mantenerse en la zona costera durante las horas de menor luminosidad ambiental.<\/p>\n<h2 class=\"article-text\">Playa de Carnota (Costa da Morte, Galicia)<\/h2>\n<figure>        <img decoding=\"async\" class=\"lazy entered loaded\" src=\"https:\/\/static.eldiario.es\/clip\/10d18783-2ed3-4187-86bf-3009431398b1_16-9-aspect-ratio_default_1125022.jpg\" alt=\"Playa de Carnota.\" data-src=\"https:\/\/static.eldiario.es\/clip\/10d18783-2ed3-4187-86bf-3009431398b1_16-9-aspect-ratio_default_1125022.jpg\" data-ll-status=\"loaded\" \/><figcaption class=\"image-footer\"><span class=\"title\"> Playa de Carnota. <span class=\"author\"> Turismo de Galicia<\/span> <\/span><\/figcaption><\/figure>\n<p class=\"article-text\">La Playa de Carnota destaca por su extensi\u00f3n de arena y su exposici\u00f3n al oc\u00e9ano abierto. Los episodios de bioluminiscencia se producen de manera estacional, en funci\u00f3n de la concentraci\u00f3n de organismos en la zona. Las autoridades locales sugieren visitar la playa en condiciones de baja luminosidad y prestar atenci\u00f3n a la marea, ya que el movimiento del agua influye en la intensidad del brillo.<\/p>\n<h2 class=\"article-text\">Islas C\u00edes (Galicia)<\/h2>\n<p class=\"article-text\">En el entorno protegido de las Islas C\u00edes, en el Parque Nacional Mar\u00edtimo-Terrestre de las Islas Atl\u00e1nticas de Galicia, se han registrado episodios de Mar de Ardora durante ciertas noches de verano. La observaci\u00f3n se realiza siguiendo indicaciones de los gu\u00edas y respetando las normas de conservaci\u00f3n del parque, que incluyen limitaciones de acceso y recomendaciones sobre iluminaci\u00f3n y ruido. La bioluminiscencia aqu\u00ed es un fen\u00f3meno natural que refleja la salud del ecosistema local.<\/p>\n<h2 class=\"article-text\">Playa de Xivares (Asturias)<\/h2>\n<figure>        <img decoding=\"async\" class=\"lazy entered loaded\" src=\"https:\/\/static.eldiario.es\/clip\/ed9273a6-e99c-4190-880d-cbdf58741963_16-9-discover-aspect-ratio_default_0.jpg\" alt=\"Playa de Xivares.\" data-src=\"https:\/\/static.eldiario.es\/clip\/ed9273a6-e99c-4190-880d-cbdf58741963_16-9-discover-aspect-ratio_default_0.jpg\" data-ll-status=\"loaded\" \/><figcaption class=\"image-footer\"><span class=\"title\"> Playa de Xivares. <span class=\"author\"> Turismo de Asturias<\/span> <\/span><\/figcaption><\/figure>\n<p class=\"article-text\">Situada en la costa asturiana, esta playa ha mostrado bioluminiscencia de manera espor\u00e1dica. La frecuencia de aparici\u00f3n es menor que en Galicia, pero las condiciones ambientales espec\u00edficas, como la temperatura del agua y la claridad nocturna, permiten que el fen\u00f3meno sea observable. Los visitantes deben informarse previamente sobre los periodos de mayor actividad y seguir indicaciones de conservaci\u00f3n ambiental.<\/p>\n<h2 class=\"article-text\">Playa de los Genoveses (Cabo de Gata, Andaluc\u00eda)<\/h2>\n<p class=\"article-text\">En la costa mediterr\u00e1nea, la Playa de los Genoveses ha registrado bioluminiscencia de manera ocasional. La aparici\u00f3n de este fen\u00f3meno depende de la interacci\u00f3n entre el agua y los microorganismos presentes en la zona. La administraci\u00f3n del parque natural recomienda verificar las condiciones antes de la visita y mantener pr\u00e1cticas de bajo impacto para proteger la biodiversidad local.<\/p>\n<div id=\"container-after-news-outlook\"><\/div>\n<h2 class=\"article-text\">Por qu\u00e9 hay tantos puntos en Espa\u00f1a<\/h2>\n<p class=\"article-text\">La presencia de bioluminiscencia en tantas zonas espa\u00f1olas se debe a la diversidad del litoral y sus condiciones oce\u00e1nicas. Las corrientes, la salinidad, la temperatura y la disponibilidad de nutrientes generan ambientes adecuados para los organismos bioluminiscentes. En el norte, las aguas fr\u00edas y las corrientes atl\u00e1nticas crean condiciones \u00f3ptimas en Galicia y Asturias, donde los episodios son m\u00e1s frecuentes y visibles. En el Mediterr\u00e1neo, las apariciones son m\u00e1s aisladas, pero se producen en zonas donde las caracter\u00edsticas del agua permiten la proliferaci\u00f3n de estos microorganismos.<\/p>\n<aside class=\"know-more know-more--with-image\">\n<p class=\"know-more__title\">Esta playa con Bandera Azul en las R\u00edas Baixas es perfecta para familias y est\u00e1 rodeada de pinos y eucaliptos<\/p>\n<p><a href=\"https:\/\/www.eldiario.es\/viajes\/playa-bandera-azul-rias-baixas-perfecta-familias-rodeada-pinos-eucaliptos_1_12508158.html\" data-mrf-recirculation=\"saber-mas-abajo\" data-dl-event=\"saber-mas-abajo\" data-mrf-link=\"https:\/\/www.eldiario.es\/viajes\/playa-bandera-azul-rias-baixas-perfecta-familias-rodeada-pinos-eucaliptos_1_12508158.html\">      <img decoding=\"async\" class=\"lazy entered loaded\" src=\"https:\/\/static.eldiario.es\/clip\/c2512854-87cd-4eba-9b6d-e83726735cd1_16-9-aspect-ratio_default_0.jpg\" alt=\"Esta playa con Bandera Azul en las R\u00edas Baixas es perfecta para familias y est\u00e1 rodeada de pinos y eucaliptos\" data-src=\"https:\/\/static.eldiario.es\/clip\/c2512854-87cd-4eba-9b6d-e83726735cd1_16-9-aspect-ratio_default_0.jpg\" data-ll-status=\"loaded\" \/>  <\/a><\/aside>\n<p class=\"article-text\">Esta combinaci\u00f3n de factores geogr\u00e1ficos y oceanogr\u00e1ficos convierte a Espa\u00f1a en un pa\u00eds con m\u00faltiples puntos de observaci\u00f3n del Mar de Ardora, ofreciendo a los visitantes la oportunidad de presenciar un fen\u00f3meno natural excepcional en distintos tramos de la costa.<\/p>\n<aside class=\"news-outlook\">\n<p class=\"article-text\">Si vas a visitar espacios naturales, recuerda la importancia de respetar el entorno y sigue las gu\u00edas y recomendaciones oficiales para no poner en peligro el lugar ni tu integridad f\u00edsica.<\/p>\n<\/aside>\n","protected":false},"excerpt":{"rendered":"<p>Fonte: El Confidencial \/ El Diario Viaxes \/ La meyor sablera d&#8217;Asturies para ver el Mar d&#8217;Ardora: feches y encamientos para esfrutar d&#8217;esti fen\u00f3menu natural. Ye la sablera de Xivares, nel conceyu de Carre\u00f1o. Un rinc\u00f3n de la mari\u00f1a asturiana guarda unu de los espect\u00e1culos m\u00e1s sorprendentes del branu: un mar que relluma na escurid\u00e1 [&hellip;]<\/p>\n","protected":false},"author":117,"featured_media":0,"comment_status":"closed","ping_status":"open","sticky":false,"template":"","format":"standard","meta":{"footnotes":""},"categories":[93],"tags":[],"class_list":["post-56965","post","type-post","status-publish","format-standard","hentry","category-sableres"],"_links":{"self":[{"href":"https:\/\/edublog.educastur.es\/ixuxu\/wp-json\/wp\/v2\/posts\/56965","targetHints":{"allow":["GET"]}}],"collection":[{"href":"https:\/\/edublog.educastur.es\/ixuxu\/wp-json\/wp\/v2\/posts"}],"about":[{"href":"https:\/\/edublog.educastur.es\/ixuxu\/wp-json\/wp\/v2\/types\/post"}],"author":[{"embeddable":true,"href":"https:\/\/edublog.educastur.es\/ixuxu\/wp-json\/wp\/v2\/users\/117"}],"replies":[{"embeddable":true,"href":"https:\/\/edublog.educastur.es\/ixuxu\/wp-json\/wp\/v2\/comments?post=56965"}],"version-history":[{"count":4,"href":"https:\/\/edublog.educastur.es\/ixuxu\/wp-json\/wp\/v2\/posts\/56965\/revisions"}],"predecessor-version":[{"id":57030,"href":"https:\/\/edublog.educastur.es\/ixuxu\/wp-json\/wp\/v2\/posts\/56965\/revisions\/57030"}],"wp:attachment":[{"href":"https:\/\/edublog.educastur.es\/ixuxu\/wp-json\/wp\/v2\/media?parent=56965"}],"wp:term":[{"taxonomy":"category","embeddable":true,"href":"https:\/\/edublog.educastur.es\/ixuxu\/wp-json\/wp\/v2\/categories?post=56965"},{"taxonomy":"post_tag","embeddable":true,"href":"https:\/\/edublog.educastur.es\/ixuxu\/wp-json\/wp\/v2\/tags?post=56965"}],"curies":[{"name":"wp","href":"https:\/\/api.w.org\/{rel}","templated":true}]}}