{"id":56970,"date":"2025-09-04T08:30:48","date_gmt":"2025-09-04T06:30:48","guid":{"rendered":"https:\/\/edublog.educastur.es\/ixuxu\/?p=56970"},"modified":"2025-09-03T22:49:04","modified_gmt":"2025-09-03T20:49:04","slug":"el-tiempu-el-comercio-129","status":"publish","type":"post","link":"https:\/\/edublog.educastur.es\/ixuxu\/2025\/09\/el-tiempu-el-comercio-129\/","title":{"rendered":"El tiempu (El Comercio)"},"content":{"rendered":"<p style=\"text-align: center\"><a href=\"https:\/\/s2.ppllstatics.com\/elcomercio\/www\/multimedia\/2025\/09\/03\/tiempo-asturias-jueves-4-septiembre-kWVE-U2302588077118HVD-1200x870@El%20Comercio.jpg\"><img loading=\"lazy\" decoding=\"async\" class=\"aligncenter size-large\" src=\"https:\/\/s2.ppllstatics.com\/elcomercio\/www\/multimedia\/2025\/09\/03\/tiempo-asturias-jueves-4-septiembre-kWVE-U2302588077118HVD-1200x870@El%20Comercio.jpg\" width=\"1200\" height=\"870\" \/><\/a><\/p>\n<p>Esperamos <strong>una ma\u00f1ana<\/strong> estable con nubes y escamplaes en ll\u00ednees xenerales, anque l&#8217;occidente, en principiu, va vese m\u00e1s afect\u00e1u pola nubosid\u00e1 que l&#8217;oriente onde van predominar los grandes claros. <strong>Mientres la segunda parte del d\u00eda<\/strong> va visitanos un frente fr\u00edu que al tocar tierra va perder fuerza, siendo polo tanto pocu activu pero lo suficiente como para consiguir enllenar de nubes todo el cielu de la rex\u00f3n, especialmente, B. Nesi momentu, nun se refuguen precipitaciones de calter d\u00e9bil que podr\u00eden afectar a cualquier puntu pero van ser m\u00e1s frecuentes nel interior.<\/p>\n<p>Tocantes a <strong>los vientos<\/strong>, van soplar de suroeste de primeres del d\u00eda con raches moderaes sobremanera nel occidente asturianu, pasando a afitase de componente oeste pela ma\u00f1ana. Cola llegada del frente, los vientos rolar\u00e1n a noroeste pero van perder intensid\u00e1 cuidao que s&#8217;esperen fluexos. Van empezar primeru not\u00e1ndose estos vientos de noroeste na mari\u00f1a mientres les primeres hores de la tarde, y van acabar afectando a tol Princip\u00e1u col intre de la mesma. <strong>Les temperatures m\u00e1ximes<\/strong> van baxar una media d&#8217;ente 2 y 3 \u00baC, anque va ser m\u00e1s llixeru&#8217;l descensu nel occidente. <strong>Les m\u00ednimes<\/strong> van baxar nam\u00e1 na met\u00e1 oriental. <strong>El vienres<\/strong> prevese meyor tiempu con un mayor predominiu del sol acompa\u00f1\u00e1u d&#8217;un ascensu t\u00e9rmicu que se va volver a repitir el s\u00e1badu.<\/p>\n","protected":false},"excerpt":{"rendered":"<p>Esperamos una ma\u00f1ana estable con nubes y escamplaes en ll\u00ednees xenerales, anque l&#8217;occidente, en principiu, va vese m\u00e1s afect\u00e1u pola nubosid\u00e1 que l&#8217;oriente onde van predominar los grandes claros. Mientres la segunda parte del d\u00eda va visitanos un frente fr\u00edu que al tocar tierra va perder fuerza, siendo polo tanto pocu activu pero lo suficiente [&hellip;]<\/p>\n","protected":false},"author":117,"featured_media":0,"comment_status":"closed","ping_status":"open","sticky":false,"template":"","format":"standard","meta":{"footnotes":""},"categories":[5],"tags":[],"class_list":["post-56970","post","type-post","status-publish","format-standard","hentry","category-tiempu"],"_links":{"self":[{"href":"https:\/\/edublog.educastur.es\/ixuxu\/wp-json\/wp\/v2\/posts\/56970","targetHints":{"allow":["GET"]}}],"collection":[{"href":"https:\/\/edublog.educastur.es\/ixuxu\/wp-json\/wp\/v2\/posts"}],"about":[{"href":"https:\/\/edublog.educastur.es\/ixuxu\/wp-json\/wp\/v2\/types\/post"}],"author":[{"embeddable":true,"href":"https:\/\/edublog.educastur.es\/ixuxu\/wp-json\/wp\/v2\/users\/117"}],"replies":[{"embeddable":true,"href":"https:\/\/edublog.educastur.es\/ixuxu\/wp-json\/wp\/v2\/comments?post=56970"}],"version-history":[{"count":1,"href":"https:\/\/edublog.educastur.es\/ixuxu\/wp-json\/wp\/v2\/posts\/56970\/revisions"}],"predecessor-version":[{"id":56971,"href":"https:\/\/edublog.educastur.es\/ixuxu\/wp-json\/wp\/v2\/posts\/56970\/revisions\/56971"}],"wp:attachment":[{"href":"https:\/\/edublog.educastur.es\/ixuxu\/wp-json\/wp\/v2\/media?parent=56970"}],"wp:term":[{"taxonomy":"category","embeddable":true,"href":"https:\/\/edublog.educastur.es\/ixuxu\/wp-json\/wp\/v2\/categories?post=56970"},{"taxonomy":"post_tag","embeddable":true,"href":"https:\/\/edublog.educastur.es\/ixuxu\/wp-json\/wp\/v2\/tags?post=56970"}],"curies":[{"name":"wp","href":"https:\/\/api.w.org\/{rel}","templated":true}]}}